{"id":343847,"date":"2025-08-25T22:45:37","date_gmt":"2025-08-25T22:45:37","guid":{"rendered":"https:\/\/www.europesays.com\/fr\/343847\/"},"modified":"2025-08-25T22:45:37","modified_gmt":"2025-08-25T22:45:37","slug":"freelance-com-valneva-les-valeurs-a-suivre-aujourdhui-a-paris-25-08-2025-a-0907","status":"publish","type":"post","link":"https:\/\/www.europesays.com\/fr\/343847\/","title":{"rendered":"Freelance.com, Valneva&#8230;les valeurs \u00e0 suivre aujourd&rsquo;hui \u00e0 Paris &#8211; &#8211; 25\/08\/2025 \u00e0 09:07"},"content":{"rendered":"<p>\n (AOF) &#8211;<br \/>\n <strong><br \/>\n  Acheter-louer.fr<br \/>\n <\/strong>\n<\/p>\n<p>\n Acheter-louer.fr rappelle que par communiqu\u00e9 de presse du 11 f\u00e9vrier dernier elle avait annonc\u00e9 au march\u00e9 avoir sollicit\u00e9 et obtenu l&rsquo;ouverture d&rsquo;une proc\u00e9dure de sauvegarde aupr\u00e8s du Tribunal de Commerce de Paris pour lui permettre de restructurer son endettement hors passif obligataire. Le Tribunal de commerce de Paris qui avait fait droit \u00e0 sa demande par d\u00e9cision en date du 11 f\u00e9vrier 2025 a, par jugement en date du 20 ao\u00fbt 2025, d\u00e9cider de proroger cette proc\u00e9dure de sauvegarde pour une p\u00e9riode de 6 mois soit jusqu&rsquo;au 11 f\u00e9vrier 2026.\n<\/p>\n<p>\n <strong><br \/>\n  Freelance.com<br \/>\n <\/strong>\n<\/p>\n<p>\n Le sp\u00e9cialiste de la relation entre les entreprises et leurs talents externes publiera son chiffre d&rsquo;affaires du premier semestre 2025.\n<\/p>\n<p>\n <strong><br \/>\n  <a href=\"https:\/\/www.boursorama.com\/cours\/1rPALTME\/\" target=\"_blank\" rel=\"noopener\"><br \/>\n   TME Pharma<br \/>\n  <\/a><br \/>\n <\/strong>\n<\/p>\n<p>\n TME Pharma annonce une nouvelle lev\u00e9e de fonds de 500 000 euros, dans la foul\u00e9e de la lev\u00e9e de fonds de 1,7 million r\u00e9alis\u00e9e en mai 2025. \u00ab\u00a0Cette am\u00e9lioration de la situation financi\u00e8re devrait renforcer la position de TME Pharma dans les discussions avec ses partenaires financiers et strat\u00e9giques. Elle lui permettra \u00e9galement de se pr\u00e9parer aux futurs investissements annonc\u00e9s r\u00e9cemment par TME Pharma et dont la soci\u00e9t\u00e9 continuera d&rsquo;informer ses actionnaires\u00a0\u00bb, pr\u00e9cise la soci\u00e9t\u00e9 de biotechnologie au stade clinique.\n<\/p>\n<p>\n <strong><br \/>\n  OSE Immunotherapeutics<br \/>\n <\/strong>\n<\/p>\n<p>\n OSE Immunotherapeutics annonce la convocation de son assembl\u00e9e g\u00e9n\u00e9rale annuelle des actionnaires, qui se tiendra le 30 septembre 2025, ainsi qu&rsquo;une proposition d&rsquo;\u00e9volution de sa gouvernance. Cette d\u00e9marche renforce l&rsquo;engagement de la soci\u00e9t\u00e9 en faveur d&rsquo;une repr\u00e9sentation \u00e9quilibr\u00e9e et proportionn\u00e9e des actionnaires et d&rsquo;un alignement strat\u00e9gique. Le cadre de gouvernance propos\u00e9 s&rsquo;inscrit dans le contexte de discussions en cours avec des actionnaires concertistes.\n<\/p>\n<p>\n <strong><br \/>\n  <a href=\"https:\/\/www.boursorama.com\/cours\/1rPVLA\/\" target=\"_blank\" rel=\"noopener\"><br \/>\n   Valneva<br \/>\n  <\/a><br \/>\n <\/strong>\n<\/p>\n<p>\n Valneva a annonc\u00e9 que l&rsquo;agence de sant\u00e9 am\u00e9ricaine Food and Drug Administration (FDA) a suspendu la licence d&rsquo;Ixchiq, citant quatre nouveaux cas d&rsquo;effets ind\u00e9sirables graves s&rsquo;apparentant \u00e0 la maladie provoqu\u00e9e par le chikungunya. Cette suspension entre en vigueur imm\u00e9diatement et implique une interruption de l&rsquo;envoi et de la vente d&rsquo;Ixchiq aux \u00c9tats-Unis. Cette suspension fait suite \u00e0 la d\u00e9cision de la FDA le 6 ao\u00fbt 2025 de lever l&rsquo;arr\u00eat temporaire d&rsquo;utilisation d&rsquo;Ixchiq chez les personnes de 60 ans et plus \u00e0 la suite d&rsquo;un examen des effets ind\u00e9sirables graves.\n<\/p>\n<p>\n <a href=\"https:\/\/www.boursorama.com\/cours\/1rPWLN\/\" target=\"_blank\" rel=\"noopener\"><br \/>\n  Worldline<br \/>\n <\/a>\n<\/p>\n<p>\n Worldline, sp\u00e9cialiste mondial des services de paiements, prend acte de la d\u00e9gradation de sa notation de cr\u00e9dit par S&amp;P Global Ratings. Le 22 f\u00e9vrier dernier, \u00e0 la suite de la publication des r\u00e9sultats du premier semestre 2025, S&amp;P Global Ratings a proc\u00e9d\u00e9 \u00e0 une r\u00e9vision \u00e0 la baisse de la notation de cr\u00e9dit de Worldline. S&amp;P Global Ratings a ajust\u00e9 la notation de cr\u00e9dit long terme de Worldline \u00e0 BB avec une surveillance n\u00e9gative (contre BBB- , surveillance n\u00e9gative) et la notation de cr\u00e9dit court terme \u00e0 B (contre A-3).<\/p>\n","protected":false},"excerpt":{"rendered":"(AOF) &#8211; Acheter-louer.fr Acheter-louer.fr rappelle que par communiqu\u00e9 de presse du 11 f\u00e9vrier dernier elle avait annonc\u00e9 au&hellip;\n","protected":false},"author":2,"featured_media":9135,"comment_status":"","ping_status":"","sticky":false,"template":"","format":"standard","meta":{"footnotes":""},"categories":[1888],"tags":[400,1111,1928,11,1927,398,408,405,1777,674,1011,27,403,402,399,404,12,1926,626,1925,25,401,406,407],"class_list":{"0":"post-343847","1":"post","2":"type-post","3":"status-publish","4":"format-standard","5":"has-post-thumbnail","7":"category-paris","8":"tag-action-cac-40","9":"tag-actu","10":"tag-actu-paris","11":"tag-actualites","12":"tag-actualites-paris","13":"tag-bourse-de-paris","14":"tag-boursorama","15":"tag-cotations","16":"tag-eu","17":"tag-europe","18":"tag-fr","19":"tag-france","20":"tag-indices-devises","21":"tag-investir","22":"tag-investissement","23":"tag-marche-boursier","24":"tag-news","25":"tag-news-paris","26":"tag-paris","27":"tag-paris-news","28":"tag-republique-francaise","29":"tag-sicav","30":"tag-trackers","31":"tag-warrants"},"share_on_mastodon":{"url":"https:\/\/pubeurope.com\/@fr\/115091834461673069","error":""},"_links":{"self":[{"href":"https:\/\/www.europesays.com\/fr\/wp-json\/wp\/v2\/posts\/343847","targetHints":{"allow":["GET"]}}],"collection":[{"href":"https:\/\/www.europesays.com\/fr\/wp-json\/wp\/v2\/posts"}],"about":[{"href":"https:\/\/www.europesays.com\/fr\/wp-json\/wp\/v2\/types\/post"}],"author":[{"embeddable":true,"href":"https:\/\/www.europesays.com\/fr\/wp-json\/wp\/v2\/users\/2"}],"replies":[{"embeddable":true,"href":"https:\/\/www.europesays.com\/fr\/wp-json\/wp\/v2\/comments?post=343847"}],"version-history":[{"count":0,"href":"https:\/\/www.europesays.com\/fr\/wp-json\/wp\/v2\/posts\/343847\/revisions"}],"wp:featuredmedia":[{"embeddable":true,"href":"https:\/\/www.europesays.com\/fr\/wp-json\/wp\/v2\/media\/9135"}],"wp:attachment":[{"href":"https:\/\/www.europesays.com\/fr\/wp-json\/wp\/v2\/media?parent=343847"}],"wp:term":[{"taxonomy":"category","embeddable":true,"href":"https:\/\/www.europesays.com\/fr\/wp-json\/wp\/v2\/categories?post=343847"},{"taxonomy":"post_tag","embeddable":true,"href":"https:\/\/www.europesays.com\/fr\/wp-json\/wp\/v2\/tags?post=343847"}],"curies":[{"name":"wp","href":"https:\/\/api.w.org\/{rel}","templated":true}]}}