{"id":343854,"date":"2025-08-25T22:49:17","date_gmt":"2025-08-25T22:49:17","guid":{"rendered":"https:\/\/www.europesays.com\/fr\/343854\/"},"modified":"2025-08-25T22:49:17","modified_gmt":"2025-08-25T22:49:17","slug":"on-vient-du-monde-entier-ici-meme-de-chine","status":"publish","type":"post","link":"https:\/\/www.europesays.com\/fr\/343854\/","title":{"rendered":"\u201cOn vient du monde entier, ici, m\u00eame de Chine\u00a0!\u201d"},"content":{"rendered":"<p>        Lire\u00a0plus\u00a0tard      <\/p>\n<p><a aria-label=\"Nous suivre sur Google News\" href=\"https:\/\/news.google.com\/publications\/CAAqBwgKMJe4nQkw3dFs?hl=fr&amp;gl=FR&amp;ceid=FR%3Afr\" target=\"_blank\" data-piano=\"Page_Article,Sous_date_publi,Nous_suivre_sur_google_news,1er_clic,action\" class=\"btn btn--small btn--tertiary btn--icon-only\" rel=\"nofollow noopener\"><\/p>\n<p>      Google Actualit\u00e9s<br \/>\n  <\/a><\/p>\n<p>  Partager<\/p>\n<p>        Facebook<\/p>\n<p>        Bluesky<\/p>\n<p>        E-mail<\/p>\n<p>        Copier le lien<\/p>\n<p>      Envoyer<\/p>\n<p>      S\u2019abonner pour lire    <\/p>\n<p class=\"article__description latino-800m my-24\" data-oncrawl-chapo-length=\"184\">\n  \t  Reportage\u00a0<br \/>\n    Le pays, qui autorise la gestation pour autrui depuis 2002, est devenu en vingt\u00a0ans l\u2019un des tout premiers \u00ab\u00a0hubs\u00a0\u00bb en Europe. La guerre n\u2019y a pas mis fin, bien au contraire.<\/p>\n<p class=\"node__paragraphe antonia-750r text-grey-800 pb-24 pb-md-30\">\nEn quelques heures, ils ont tout oubli\u00e9, les sir\u00e8nes et les tirs de missiles, les doutes et la peur. Si le bonheur a un visage ce jour-l\u00e0, c\u2019est bien celui de Holger et Carina. Tout juste arriv\u00e9s \u00e0 Kiev, les deux jeunes Allemands ne quittent pas des yeux le couffin o\u00f9 dort paisiblement leur \u00ab\u00a0petite merveille\u00a0\u00bb, Malenka-Rosa, n\u00e9e d\u2019une m\u00e8re porteuse ukrainienne, dans une clinique de Kiev, il y a une semaine. Euphorique, Holger, boulanger industriel de 38\u00a0ans, peine \u00e0 contenir sa joie. Sa femme oscille entre le rire et les larmes. On les rencontre au pied d\u2019un immeuble moderne, dans un quartier excentr\u00e9, \u00e0 l\u2019ouest de la capitale. L\u2019agence BioTexCom, le poids lourd du secteur, y loue une quarantaine d\u2019appartements pour ses clients \u00e9trangers, le temps qu\u2019ils accomplissent toutes les formalit\u00e9s pour pouvoir rentrer chez eux avec leur b\u00e9b\u00e9.<\/p>\n<p class=\"node__paragraphe antonia-750r text-grey-800 pb-8\">\nParmi leurs voisins, on croise un couple de Br\u00e9siliens, un papa espagnol aux yeux cern\u00e9s, des parents australiens charg\u00e9s de couches, une jeune Slov\u00e8ne viss\u00e9e \u00e0 son t\u00e9l\u00e9phone, qui encha\u00eene les tours du p\u00e2t\u00e9 de maisons avec sa poussette en essayant d\u2019endormir son b\u00e9b\u00e9. \u00ab\u00a0On vient du monde entier, ici\u2026<\/p>\n<p>  <img loading=\"lazy\" decoding=\"async\" class=\"floating-img\" src=\"https:\/\/www.europesays.com\/fr\/wp-content\/uploads\/2025\/07\/img-paywall@2x.png\" width=\"142\" height=\"91\" alt=\"\"\/><\/p>\n<p class=\"latino-100m text-blue-400\">Article r\u00e9serv\u00e9 aux abonn\u00e9s.<\/p>\n<p>          Se connecter<\/p>\n<p class=\"pb-16 text-center antonia-1850c\">Offre d\u2019\u00e9t\u00e9\u00a0:<br \/>1\u20ac\/mois pendant 6\u00a0mois<\/p>\n<p>\n        S&rsquo;abonner\n      <\/p>\n<p>          D\u00e9couvrir toutes nos offres<\/p>\n","protected":false},"excerpt":{"rendered":"Lire\u00a0plus\u00a0tard Google Actualit\u00e9s Partager Facebook Bluesky E-mail Copier le lien Envoyer S\u2019abonner pour lire Reportage\u00a0 Le pays, qui&hellip;\n","protected":false},"author":2,"featured_media":343855,"comment_status":"","ping_status":"","sticky":false,"template":"","format":"standard","meta":{"footnotes":""},"categories":[1590],"tags":[17,11,32081,27321,1777,674,1146,22615,74,12,47974,104,220,5256],"class_list":{"0":"post-343854","1":"post","2":"type-post","3":"status-publish","4":"format-standard","5":"has-post-thumbnail","7":"category-ukraine","8":"tag-17","9":"tag-actualites","10":"tag-bombes","11":"tag-entier","12":"tag-eu","13":"tag-europe","14":"tag-guerre","15":"tag-meres","16":"tag-monde","17":"tag-news","18":"tag-porteuses","19":"tag-societe","20":"tag-ukraine","21":"tag-vient"},"share_on_mastodon":{"url":"https:\/\/pubeurope.com\/@fr\/115091850555780298","error":""},"_links":{"self":[{"href":"https:\/\/www.europesays.com\/fr\/wp-json\/wp\/v2\/posts\/343854","targetHints":{"allow":["GET"]}}],"collection":[{"href":"https:\/\/www.europesays.com\/fr\/wp-json\/wp\/v2\/posts"}],"about":[{"href":"https:\/\/www.europesays.com\/fr\/wp-json\/wp\/v2\/types\/post"}],"author":[{"embeddable":true,"href":"https:\/\/www.europesays.com\/fr\/wp-json\/wp\/v2\/users\/2"}],"replies":[{"embeddable":true,"href":"https:\/\/www.europesays.com\/fr\/wp-json\/wp\/v2\/comments?post=343854"}],"version-history":[{"count":0,"href":"https:\/\/www.europesays.com\/fr\/wp-json\/wp\/v2\/posts\/343854\/revisions"}],"wp:featuredmedia":[{"embeddable":true,"href":"https:\/\/www.europesays.com\/fr\/wp-json\/wp\/v2\/media\/343855"}],"wp:attachment":[{"href":"https:\/\/www.europesays.com\/fr\/wp-json\/wp\/v2\/media?parent=343854"}],"wp:term":[{"taxonomy":"category","embeddable":true,"href":"https:\/\/www.europesays.com\/fr\/wp-json\/wp\/v2\/categories?post=343854"},{"taxonomy":"post_tag","embeddable":true,"href":"https:\/\/www.europesays.com\/fr\/wp-json\/wp\/v2\/tags?post=343854"}],"curies":[{"name":"wp","href":"https:\/\/api.w.org\/{rel}","templated":true}]}}