{"id":343856,"date":"2025-08-25T22:50:15","date_gmt":"2025-08-25T22:50:15","guid":{"rendered":"https:\/\/www.europesays.com\/fr\/343856\/"},"modified":"2025-08-25T22:50:15","modified_gmt":"2025-08-25T22:50:15","slug":"trump-affirme-quil-pourrait-rencontrer-prochainement-kim-jong-un-2","status":"publish","type":"post","link":"https:\/\/www.europesays.com\/fr\/343856\/","title":{"rendered":"Trump affirme qu\u2019il pourrait rencontrer prochainement Kim Jong-Un"},"content":{"rendered":"<p><strong>ENTRE AMIS &#8211; La d\u00e9claration de Donald Trump est intervenue lors de la visite \u00e0 la Maison-Blanche du pr\u00e9sident sud-cor\u00e9en Lee Jae-myung<\/strong><\/p>\n<p><a href=\"https:\/\/www.20minutes.fr\/dossier\/donald_trump?at_medium=RSS%20feed&amp;at_campaign=ynews&amp;utm_source=yahoo&amp;utm_medium=rss&amp;utm_campaign=news_feed&amp;utm_content=in_article_link\" rel=\"nofollow noopener\" target=\"_blank\" data-ylk=\"slk:Donald Trump;elm:context_link;itc:0;sec:content-canvas\" class=\"link \">Donald Trump<\/a> a raviv\u00e9 lundi le dossier nord-cor\u00e9en en d\u00e9clarant souhaiter rencontrer \u00e0 nouveau <a href=\"https:\/\/www.20minutes.fr\/monde\/kim_jong_un\/?at_medium=RSS%20feed&amp;at_campaign=ynews&amp;utm_source=yahoo&amp;utm_medium=rss&amp;utm_campaign=news_feed&amp;utm_content=in_article_link\" rel=\"nofollow noopener\" target=\"_blank\" data-ylk=\"slk:Kim Jong-Un;elm:context_link;itc:0;sec:content-canvas\" class=\"link \">Kim Jong-Un<\/a>, peut-\u00eatre d\u00e8s cette ann\u00e9e. Cette annonce est intervenue lors de la visite \u00e0 la <a href=\"https:\/\/www.20minutes.fr\/dossier\/maison_blanche?at_medium=RSS%20feed&amp;at_campaign=ynews&amp;utm_source=yahoo&amp;utm_medium=rss&amp;utm_campaign=news_feed&amp;utm_content=in_article_link\" rel=\"nofollow noopener\" target=\"_blank\" data-ylk=\"slk:Maison-Blanche;elm:context_link;itc:0;sec:content-canvas\" class=\"link \">Maison-Blanche<\/a> du pr\u00e9sident sud-cor\u00e9en Lee Jae-myung, un t\u00eate-\u00e0-t\u00eate qui avait d\u00e9but\u00e9 sous tension avant de tourner \u00e0 la r\u00e9conciliation.<\/p>\n<p>Quelques heures avant la rencontre, le pr\u00e9sident am\u00e9ricain avait d\u00e9nonc\u00e9 de mani\u00e8re inattendue \u00ab\u00a0une purge ou une r\u00e9volution\u00a0\u00bb en <a href=\"https:\/\/www.20minutes.fr\/dossier\/coree_du_sud?at_medium=RSS%20feed&amp;at_campaign=ynews&amp;utm_source=yahoo&amp;utm_medium=rss&amp;utm_campaign=news_feed&amp;utm_content=in_article_link\" rel=\"nofollow noopener\" target=\"_blank\" data-ylk=\"slk:Cor\u00e9e du Sud;elm:context_link;itc:0;sec:content-canvas\" class=\"link \">Cor\u00e9e du Sud<\/a>, en r\u00e9f\u00e9rence \u00e0 des op\u00e9rations polici\u00e8res contre des <a href=\"https:\/\/www.20minutes.fr\/dossier\/eglise?at_medium=RSS%20feed&amp;at_campaign=ynews&amp;utm_source=yahoo&amp;utm_medium=rss&amp;utm_campaign=news_feed&amp;utm_content=in_article_link\" rel=\"nofollow noopener\" target=\"_blank\" data-ylk=\"slk:\u00e9glises;elm:context_link;itc:0;sec:content-canvas\" class=\"link \">\u00e9glises<\/a>. Mais apr\u00e8s quarante minutes d\u2019entretien dans le Bureau ovale, le ton a radicalement chang\u00e9. \u00ab\u00a0Je suis s\u00fbr que c\u2019est un malentendu\u00a0\u00bb, a nuanc\u00e9 Donald Trump, ajoutant qu\u2019\u00ab\u00a0il y a une <a href=\"https:\/\/www.20minutes.fr\/dossier\/rumeur?at_medium=RSS%20feed&amp;at_campaign=ynews&amp;utm_source=yahoo&amp;utm_medium=rss&amp;utm_campaign=news_feed&amp;utm_content=in_article_link\" rel=\"nofollow noopener\" target=\"_blank\" data-ylk=\"slk:rumeur;elm:context_link;itc:0;sec:content-canvas\" class=\"link \">rumeur<\/a> qui circule\u00a0\u00bb.<\/p>\n<p>Une relation affich\u00e9e avec Kim Jong Un<\/p>\n<p>Sur la <a href=\"https:\/\/www.20minutes.fr\/monde\/coree_du_nord\/?at_medium=RSS%20feed&amp;at_campaign=ynews&amp;utm_source=yahoo&amp;utm_medium=rss&amp;utm_campaign=news_feed&amp;utm_content=in_article_link\" rel=\"nofollow noopener\" target=\"_blank\" data-ylk=\"slk:Cor\u00e9e du Nord;elm:context_link;itc:0;sec:content-canvas\" class=\"link \">Cor\u00e9e du Nord<\/a>, les deux dirigeants se sont dits align\u00e9s, malgr\u00e9 des sensibilit\u00e9s politiques diff\u00e9rentes. Lee Jae-myung, chef d\u2019Etat class\u00e9 \u00e0 gauche, soutient le dialogue avec <a href=\"https:\/\/www.20minutes.fr\/monde\/pyongyang\/?at_medium=RSS%20feed&amp;at_campaign=ynews&amp;utm_source=yahoo&amp;utm_medium=rss&amp;utm_campaign=news_feed&amp;utm_content=in_article_link\" rel=\"nofollow noopener\" target=\"_blank\" data-ylk=\"slk:Pyongyang;elm:context_link;itc:0;sec:content-canvas\" class=\"link \">Pyongyang<\/a>, une position \u00e0 laquelle Donald Trump a sembl\u00e9 souscrire. Le pr\u00e9sident am\u00e9ricain a rappel\u00e9 sa proximit\u00e9 personnelle avec Kim Jong-Un, rencontr\u00e9 \u00e0 trois reprises entre\u00a02018 et\u00a02019, assurant le conna\u00eetre \u00ab\u00a0presque mieux que quiconque, hormis sa s\u0153ur\u00a0\u00bb.<\/p>\n<p>\u00ab\u00a0A un moment ou un autre, je le verrai. Je suis impatient de le voir\u00a0\u00bb, a affirm\u00e9 Donald Trump, esp\u00e9rant qu\u2019une rencontre puisse se tenir d\u00e8s cette ann\u00e9e. Il a aussi soulign\u00e9 que la Cor\u00e9e du Nord avait proc\u00e9d\u00e9 \u00e0 moins de tirs de missiles depuis son retour \u00e0 la Maison-Blanche.<\/p>\n<p>Un \u00e9c(&#8230;)<\/p>\n<p><a href=\"https:\/\/www.20minutes.fr\/monde\/etats-unis\/4169510-20250825-etats-unis-trump-affirme-pourrait-rencontrer-prochainement-kim-jong?at_medium=RSS%20feed&amp;at_campaign=ynews&amp;utm_source=yahoo&amp;utm_medium=rss&amp;utm_campaign=news_feed&amp;utm_content=read_more_link&quot;\" rel=\"nofollow noopener\" target=\"_blank\" data-ylk=\"slk:Lire la suite sur 20minutes;elm:context_link;itc:0;sec:content-canvas\" class=\"link \">Lire la suite sur 20minutes<\/a><\/p>\n<p>\u00c0 lire aussi :<br \/><a href=\"https:\/\/www.20minutes.fr\/monde\/etats-unis\/4135281-20250124-etats-unis-type-intelligent-trump-veut-reprendre-contact-kim-jong?at_medium=RSS%20feed&amp;at_campaign=ynews&amp;utm_source=yahoo&amp;utm_medium=rss&amp;utm_campaign=news_feed&amp;utm_content=related_content_link\" rel=\"nofollow noopener\" target=\"_blank\" data-ylk=\"slk:Etats-Unis\u00a0: C\u2019est \u00ab\u00a0un type intelligent\u00a0\u00bb\u2026 Trump veut reprendre contact avec Kim Jong-Un;elm:context_link;itc:0;sec:content-canvas\" class=\"link \">Etats-Unis\u00a0: C\u2019est \u00ab\u00a0un type intelligent\u00a0\u00bb\u2026 Trump veut reprendre contact avec Kim Jong-Un<\/a><br \/><a href=\"https:\/\/www.20minutes.fr\/monde\/coree_du_nord\/4168465-20250819-coree-nord-face-etats-unis-kim-jong-remet-pression-arsenal-nucleaire?at_medium=RSS%20feed&amp;at_campaign=ynews&amp;utm_source=yahoo&amp;utm_medium=rss&amp;utm_campaign=news_feed&amp;utm_content=related_content_link\" rel=\"nofollow noopener\" target=\"_blank\" data-ylk=\"slk:Cor\u00e9e du Nord\u00a0: Face aux Etats-Unis, Kim Jong-un remet la pression avec son arsenal nucl\u00e9aire;elm:context_link;itc:0;sec:content-canvas\" class=\"link \">Cor\u00e9e du Nord\u00a0: Face aux Etats-Unis, Kim Jong-un remet la pression avec son arsenal nucl\u00e9aire<\/a><\/p>\n","protected":false},"excerpt":{"rendered":"ENTRE AMIS &#8211; La d\u00e9claration de Donald Trump est intervenue lors de la visite \u00e0 la Maison-Blanche du&hellip;\n","protected":false},"author":2,"featured_media":343857,"comment_status":"","ping_status":"","sticky":false,"template":"","format":"standard","meta":{"footnotes":""},"categories":[1589],"tags":[11,75,73,1866,15404,1324,47975,12,7274,1864,1865,1863,308],"class_list":{"0":"post-343856","1":"post","2":"type-post","3":"status-publish","4":"format-standard","5":"has-post-thumbnail","7":"category-etats-unis","8":"tag-actualites","9":"tag-donald-trump","10":"tag-etats-unis","11":"tag-etats-unis-damerique","12":"tag-kim-jong-un","13":"tag-la-maison-blanche","14":"tag-lee-jae-myung","15":"tag-news","16":"tag-president-americain","17":"tag-united-states","18":"tag-united-states-of-america","19":"tag-us","20":"tag-usa"},"share_on_mastodon":{"url":"https:\/\/pubeurope.com\/@fr\/115091854134097818","error":""},"_links":{"self":[{"href":"https:\/\/www.europesays.com\/fr\/wp-json\/wp\/v2\/posts\/343856","targetHints":{"allow":["GET"]}}],"collection":[{"href":"https:\/\/www.europesays.com\/fr\/wp-json\/wp\/v2\/posts"}],"about":[{"href":"https:\/\/www.europesays.com\/fr\/wp-json\/wp\/v2\/types\/post"}],"author":[{"embeddable":true,"href":"https:\/\/www.europesays.com\/fr\/wp-json\/wp\/v2\/users\/2"}],"replies":[{"embeddable":true,"href":"https:\/\/www.europesays.com\/fr\/wp-json\/wp\/v2\/comments?post=343856"}],"version-history":[{"count":0,"href":"https:\/\/www.europesays.com\/fr\/wp-json\/wp\/v2\/posts\/343856\/revisions"}],"wp:featuredmedia":[{"embeddable":true,"href":"https:\/\/www.europesays.com\/fr\/wp-json\/wp\/v2\/media\/343857"}],"wp:attachment":[{"href":"https:\/\/www.europesays.com\/fr\/wp-json\/wp\/v2\/media?parent=343856"}],"wp:term":[{"taxonomy":"category","embeddable":true,"href":"https:\/\/www.europesays.com\/fr\/wp-json\/wp\/v2\/categories?post=343856"},{"taxonomy":"post_tag","embeddable":true,"href":"https:\/\/www.europesays.com\/fr\/wp-json\/wp\/v2\/tags?post=343856"}],"curies":[{"name":"wp","href":"https:\/\/api.w.org\/{rel}","templated":true}]}}