{"id":343860,"date":"2025-08-25T22:52:11","date_gmt":"2025-08-25T22:52:11","guid":{"rendered":"https:\/\/www.europesays.com\/fr\/343860\/"},"modified":"2025-08-25T22:52:11","modified_gmt":"2025-08-25T22:52:11","slug":"mark-carney-en-visite-a-berlin-pour-renforcer-les-liens-commerciaux-et-de-defense-2","status":"publish","type":"post","link":"https:\/\/www.europesays.com\/fr\/343860\/","title":{"rendered":"Mark Carney en visite \u00e0 Berlin pour renforcer les liens commerciaux et de d\u00e9fense"},"content":{"rendered":"<p>M. Carney s&rsquo;efforce de rapprocher davantage le Canada de l&rsquo;Europe, alors que le pr\u00e9sident am\u00e9ricain, Donald Trump, bouleverse le syst\u00e8me commercial mondial avec sa guerre commerciale, et que la guerre en cours entre la Russie et l&rsquo;Ukraine accro\u00eet les risques pour la s\u00e9curit\u00e9 mondiale.<\/p>\n<p>L&rsquo;ancien homme politique allemand Bernd Althusmann a d\u00e9clar\u00e9 que le partenariat entre le Canada et l&rsquo;Allemagne est solide, mais aussi \u00abplus important et pr\u00e9cieux que jamais\u00bb.<\/p>\n<p>\u00abEn ces temps incertains, on a besoin d&rsquo;amis et de partenaires, a-t-il dit. Et cela s&rsquo;applique, \u00e0 mon avis, autant au Canada qu&rsquo;\u00e0 l&rsquo;Allemagne.\u00bb<\/p>\n<p>M. Althusmann dirige le bureau canadien de la Fondation Konrad Adenauer, un groupe de r\u00e9flexion financ\u00e9 par les gouvernements f\u00e9d\u00e9ral et r\u00e9gionaux allemands afin de promouvoir les relations transatlantiques et les valeurs d\u00e9mocratiques.<\/p>\n<p>Ces id\u00e9aux sont menac\u00e9s par les doutes de Donald Trump quant au soutien am\u00e9ricain \u00e0 l&rsquo;alliance militaire de l&rsquo;OTAN et l&rsquo;imposition de droits de douane sur des pays historiquement proches des \u00c9tats-Unis, dont le Canada.<\/p>\n<p>L&rsquo;invasion russe de l&rsquo;Ukraine en 2022 a conduit Berlin \u00e0 promettre un renforcement militaire que beaucoup d&rsquo;Allemands croyaient impensable apr\u00e8s la catastrophe de la Seconde Guerre mondiale et la fin de la guerre froide.<\/p>\n<p>\u00abLa le\u00e7on que nous avons apprise en Allemagne est que le monde n&rsquo;est pas aussi pacifique que chacun d&rsquo;entre nous l&rsquo;esp\u00e9rait peut-\u00eatre\u00bb, a affirm\u00e9 M. Althusmann.<\/p>\n<p>\u00a0<\/p>\n<p>Des relations perturb\u00e9es<\/p>\n<p>Le Canada et l&rsquo;Allemagne ont \u00e9t\u00e9 align\u00e9s sur plusieurs fronts ces derni\u00e8res ann\u00e9es, notamment le changement climatique et le d\u00e9veloppement de l&rsquo;hydrog\u00e8ne, mais quelques difficult\u00e9s r\u00e9centes ont perturb\u00e9 leurs relations.<\/p>\n<p>Au cours de la campagne du printemps, le Canada a \u00e9t\u00e9 le pays phare de la Foire de Hanovre, le plus grand salon commercial au monde, qui se tient chaque ann\u00e9e en Allemagne. Il est de coutume que les pays partenaires annuels envoient des personnalit\u00e9s politiques de haut rang pour inaugurer la foire, comme l&rsquo;avait fait le pr\u00e9sident Barack Obama en 2016.\u00a0<\/p>\n<p>Les m\u00e9dias allemands ont remarqu\u00e9 en avril dernier que le Canada avait envoy\u00e9 des fonctionnaires de niveau interm\u00e9diaire pour inaugurer la foire, sans aucun repr\u00e9sentant \u00e9lu, apr\u00e8s des semaines de questions de la presse sur les personnes que le Canada enverrait. L&rsquo;\u00e9v\u00e9nement a eu lieu pendant les r\u00e9centes \u00e9lections canadiennes, et quelques semaines seulement apr\u00e8s l&rsquo;investiture de Mark Carney comme premier ministre.<\/p>\n<p>Le Canada n&rsquo;a pas non plus d&rsquo;ambassadeur \u00e0 Berlin depuis novembre 2023, date du d\u00e9c\u00e8s de l&rsquo;ancien premier ministre de la Colombie-Britannique, John Horgan. Ottawa a un chef de mission par int\u00e9rim depuis pr\u00e8s de deux ans, une dur\u00e9e normalement r\u00e9serv\u00e9e aux pays dont les relations sont tendues.<\/p>\n<p>\u00abCe n&rsquo;est pas de la plus haute importance, a assur\u00e9 Bernd Althusmann. Ce sont des amis et des partenaires tr\u00e8s forts, et nous avons une tr\u00e8s bonne exp\u00e9rience entre le Canada et l&rsquo;Allemagne ces derni\u00e8res ann\u00e9es.\u00bb\u00a0<\/p>\n<p>M. Althusmann \u00e9tait ministre d&rsquo;\u00c9tat au sein de l&rsquo;Union chr\u00e9tienne-d\u00e9mocrate de centre-droite, le parti du chancelier allemand, Friedrich Merz, et d&rsquo;Ursula von der Leyen, avant qu&rsquo;elle soit \u00e9lue \u00e0 la pr\u00e9sidence de la Commission europ\u00e9enne.<\/p>\n<p>Il a soutenu conna\u00eetre \u00abtr\u00e8s bien\u00bb les deux dirigeants et voit M. Carney s&rsquo;aligner avec chacun d&rsquo;eux sur trois th\u00e8mes cl\u00e9s: l&rsquo;\u00e9nergie, la s\u00e9curit\u00e9 et le commerce dans les secteurs de haute technologie.<\/p>\n<p>Dans le domaine de l&rsquo;\u00e9nergie, l&rsquo;Allemagne compte sur le Canada pour l&rsquo;aider \u00e0 fournir du carburant abordable, en particulier \u00e0 son important secteur manufacturier, confront\u00e9 \u00e0 des restrictions depuis l&rsquo;invasion russe de l&rsquo;Ukraine en 2022.<\/p>\n<p>La m\u00eame ann\u00e9e, le Canada et l&rsquo;Allemagne ont sign\u00e9 un accord pr\u00e9voyant que le Canada exporterait de l&rsquo;hydrog\u00e8ne vers l&rsquo;Europe \u00e0 compter de cette ann\u00e9e. Ce plan a rencontr\u00e9 quelques difficult\u00e9s, notamment des retards dans le d\u00e9marrage de la production canadienne.<\/p>\n<p>La s\u00e9curit\u00e9 dans l&rsquo;Arctique<\/p>\n<p>En mati\u00e8re de s\u00e9curit\u00e9, l&rsquo;Allemagne consid\u00e8re l&rsquo;Arctique comme un terrain de conflit potentiel, malgr\u00e9 les d\u00e9clarations de Berlin, Ottawa, Moscou et P\u00e9kin sur leur volont\u00e9 de paix dans la r\u00e9gion.<\/p>\n<p>\u00abPour nous, c&rsquo;est une question de paix et de libert\u00e9 pour les prochaines ann\u00e9es\u00bb, a confi\u00e9 M. Althusmann.<\/p>\n<p>Des navires allemands effectuent d\u00e9j\u00e0 des recherches pr\u00e8s du Groenland sur le r\u00e9chauffement climatique et la biologie marine, a-t-il ajout\u00e9. De plus, l&rsquo;Allemagne collabore avec le Conseil de l&rsquo;Arctique depuis les ann\u00e9es 1990 sur des initiatives telles que le renforcement des relations avec les peuples autochtones.<\/p>\n<p>Les fabricants allemands d&rsquo;armes et de d\u00e9fense pourraient \u00e9galement collaborer avec des entreprises canadiennes dans le cadre d&rsquo;un nouveau partenariat avec l&rsquo;Union europ\u00e9enne (UE). Berlin a propos\u00e9 \u00e0 Ottawa de se joindre \u00e0 un projet avec la Norv\u00e8ge visant \u00e0 cr\u00e9er des sous-marins pour les forces navales des trois pays.<\/p>\n<p>En mati\u00e8re d&rsquo;\u00e9changes \u00e9conomiques, l&rsquo;Allemagne soutient depuis longtemps que l&rsquo;accord commercial de 2017 entre le Canada et l&rsquo;UE pourrait stimuler la croissance des deux c\u00f4t\u00e9s de l&rsquo;Atlantique. Berlin a pleinement ratifi\u00e9 l&rsquo;accord commercial et a sugg\u00e9r\u00e9 \u00e0 ses homologues de l&rsquo;UE de suivre son exemple.<\/p>\n<p>En f\u00e9vrier, l&rsquo;ambassadeur d&rsquo;Allemagne a d\u00e9clar\u00e9 que ses coll\u00e8gues des autres pays de l&rsquo;UE s&rsquo;effor\u00e7aient d&rsquo;identifier les lacunes que les entreprises canadiennes pourraient combler en Europe et vice-versa, afin de compenser les politiques protectionnistes am\u00e9ricaines.<\/p>\n<p>\u00abJe vois encore des opportunit\u00e9s inexploit\u00e9es dans le domaine des technologies vertes et des mati\u00e8res premi\u00e8res essentielles, o\u00f9 les richesses du Canada et les forces d&rsquo;innovation de l&rsquo;Allemagne peuvent avoir un effet synergique\u00bb, a avanc\u00e9 Bernd Althusmann.<\/p>\n<p>L&rsquo;expertise canadienne, tant priv\u00e9e que publique, en mati\u00e8re de cybers\u00e9curit\u00e9 pourrait \u00e9galement contribuer \u00e0 renforcer la r\u00e9silience de l&rsquo;Allemagne, a-t-il ajout\u00e9.<\/p>\n<p>Cette visite intervient alors que le Canada continue de pr\u00e9sider le G7, apr\u00e8s avoir accueilli le sommet des dirigeants en juin en Alberta. Ottawa travaille \u00e0 l&rsquo;organisation d&rsquo;\u00e9v\u00e9nements minist\u00e9riels qui permettraient \u00e0 Ottawa et \u00e0 Berlin de convaincre leurs homologues am\u00e9ricains de changer de cap sur des questions telles que la politique industrielle ou l&rsquo;aide \u00e9trang\u00e8re.<\/p>\n<p>\u00abNous avons beaucoup \u00e0 faire au cours des prochaines ann\u00e9es et une telle visite (\u2026) tombe donc \u00e0 point nomm\u00e9\u00bb, a d\u00e9clar\u00e9 M. Althusmann.\u00a0<\/p>\n<p>\u00abNous avons besoin de ce partenariat solide, \u00e0 un moment o\u00f9 personne ne sait vraiment ce qui se passera dans les ann\u00e9es \u00e0 venir, surtout aux \u00c9tats-Unis\u00bb, a-t-il ajout\u00e9.<\/p>\n<p style=\"text-align: right;\">Avec des informations de Craig Lord<\/p>\n","protected":false},"excerpt":{"rendered":"M. Carney s&rsquo;efforce de rapprocher davantage le Canada de l&rsquo;Europe, alors que le pr\u00e9sident am\u00e9ricain, Donald Trump, bouleverse&hellip;\n","protected":false},"author":2,"featured_media":343861,"comment_status":"","ping_status":"","sticky":false,"template":"","format":"standard","meta":{"footnotes":""},"categories":[1587],"tags":[11,672,1804,1805,1803,1777,674,1801,12,1802],"class_list":{"0":"post-343860","1":"post","2":"type-post","3":"status-publish","4":"format-standard","5":"has-post-thumbnail","7":"category-allemagne","8":"tag-actualites","9":"tag-allemagne","10":"tag-bundesrepublik-deutschland","11":"tag-de","12":"tag-deutschland","13":"tag-eu","14":"tag-europe","15":"tag-germany","16":"tag-news","17":"tag-republique-federale-dallemagne"},"share_on_mastodon":{"url":"https:\/\/pubeurope.com\/@fr\/115091861923074607","error":""},"_links":{"self":[{"href":"https:\/\/www.europesays.com\/fr\/wp-json\/wp\/v2\/posts\/343860","targetHints":{"allow":["GET"]}}],"collection":[{"href":"https:\/\/www.europesays.com\/fr\/wp-json\/wp\/v2\/posts"}],"about":[{"href":"https:\/\/www.europesays.com\/fr\/wp-json\/wp\/v2\/types\/post"}],"author":[{"embeddable":true,"href":"https:\/\/www.europesays.com\/fr\/wp-json\/wp\/v2\/users\/2"}],"replies":[{"embeddable":true,"href":"https:\/\/www.europesays.com\/fr\/wp-json\/wp\/v2\/comments?post=343860"}],"version-history":[{"count":0,"href":"https:\/\/www.europesays.com\/fr\/wp-json\/wp\/v2\/posts\/343860\/revisions"}],"wp:featuredmedia":[{"embeddable":true,"href":"https:\/\/www.europesays.com\/fr\/wp-json\/wp\/v2\/media\/343861"}],"wp:attachment":[{"href":"https:\/\/www.europesays.com\/fr\/wp-json\/wp\/v2\/media?parent=343860"}],"wp:term":[{"taxonomy":"category","embeddable":true,"href":"https:\/\/www.europesays.com\/fr\/wp-json\/wp\/v2\/categories?post=343860"},{"taxonomy":"post_tag","embeddable":true,"href":"https:\/\/www.europesays.com\/fr\/wp-json\/wp\/v2\/tags?post=343860"}],"curies":[{"name":"wp","href":"https:\/\/api.w.org\/{rel}","templated":true}]}}