{"id":343864,"date":"2025-08-25T22:54:11","date_gmt":"2025-08-25T22:54:11","guid":{"rendered":"https:\/\/www.europesays.com\/fr\/343864\/"},"modified":"2025-08-25T22:54:11","modified_gmt":"2025-08-25T22:54:11","slug":"allemagne-moral-des-patrons-tient-bon-malgre-laccord-ue-etats-unis","status":"publish","type":"post","link":"https:\/\/www.europesays.com\/fr\/343864\/","title":{"rendered":"Allemagne : moral des patrons tient bon malgr\u00e9 l&rsquo;accord UE-\u00c9tats-Unis"},"content":{"rendered":"<p class=\"lead\">Le moral des patrons allemands a poursuivi son ascension en ao\u00fbt, pour le huiti\u00e8me mois cons\u00e9cutif, port\u00e9 par des attentes plus optimistes en d\u00e9pit de l&rsquo;accord commercial conclu entre l&rsquo;UE et les Etats-Unis.<\/p>\n<p class=\"paragraph\">La composante principale du barom\u00e8tre Ifo, qui mesure le climat des affaires en Allemagne, a atteint 89,0 points, soit une l\u00e9g\u00e8re hausse de 0,4 point par rapport \u00e0 juillet, selon un communiqu\u00e9 publi\u00e9 lundi.<\/p>\n<p class=\"paragraph\">Les experts sond\u00e9s par la plateforme financi\u00e8re Factset tablaient de leur c\u00f4t\u00e9 sur un indice \u00e0 88,7 points.<\/p>\n<p class=\"paragraph\">\u00ab\u00a0Cette hausse est due \u00e0 de meilleures attentes parmi les entreprises\u00a0\u00bb, remarque le pr\u00e9sident de l&rsquo;institut Clemens Fuest dans un communiqu\u00e9.<\/p>\n<p class=\"paragraph\">Selon Elmar V\u00f6lkel, de la banque LBBW, les patrons retiennent de l&rsquo;accord commercial avec Washington \u00ab\u00a0la meilleure capacit\u00e9 de planification\u00a0\u00bb qui en d\u00e9coule plut\u00f4t que \u00ab\u00a0le fardeau ind\u00e9niable de tarifs douaniers plus \u00e9lev\u00e9s\u00a0\u00bb.<\/p>\n<p class=\"paragraph\">Selon l&rsquo;accord conclu fin juillet, les importations europ\u00e9ennes seront tax\u00e9es \u00e0 hauteur de 15% \u00e0 l&rsquo;entr\u00e9e aux Etats-Unis, bien plus que le taux en vigueur avant le retour au pouvoir de Donald Trump, autour de 4,8%.<\/p>\n<p class=\"paragraph\">Les attentes \u00e0 six mois des patrons sont meilleures dans les secteurs de la construction et du commerce mais se sont d\u00e9t\u00e9rior\u00e9es dans l&rsquo;industrie et les services, poursuit l&rsquo;Ifo.<\/p>\n<p class=\"paragraph\">Le jugement sur la situation actuelle, autre composante de l&rsquo;indice de l&rsquo;institut, est jug\u00e9e \u00ab\u00a0l\u00e9g\u00e8rement pire\u00a0\u00bb, ajoute M. Fuest, ajoutant que \u00ab\u00a0la reprise de l&rsquo;\u00e9conomie allemande reste faible\u00a0\u00bb.<\/p>\n<p class=\"paragraph\">Au deuxi\u00e8me trimestre, le PIB allemand a recul\u00e9 de 0,3%, p\u00e9nalis\u00e9 par les difficult\u00e9s de l&rsquo;industrie, affect\u00e9e par la premi\u00e8re s\u00e9rie de droits de douane am\u00e9ricains.<\/p>\n<p class=\"paragraph\">L&rsquo;accalmie aura \u00e9t\u00e9 de courte dur\u00e9e pour la premi\u00e8re \u00e9conomie europ\u00e9enne dont l&rsquo;activit\u00e9 avait connu un rebond de 0,3% au premier trimestre.<\/p>\n<p class=\"paragraph\">Le barom\u00e8tre Ifo est calcul\u00e9 \u00e0 partir des r\u00e9ponses de 9.000 patrons \u00e0 un questionnaire mensuel.<\/p>\n","protected":false},"excerpt":{"rendered":"Le moral des patrons allemands a poursuivi son ascension en ao\u00fbt, pour le huiti\u00e8me mois cons\u00e9cutif, port\u00e9 par&hellip;\n","protected":false},"author":2,"featured_media":343865,"comment_status":"","ping_status":"","sticky":false,"template":"","format":"standard","meta":{"footnotes":""},"categories":[1586],"tags":[11,1777,674,1779,1011,27,12,25,1778,364],"class_list":{"0":"post-343864","1":"post","2":"type-post","3":"status-publish","4":"format-standard","5":"has-post-thumbnail","7":"category-europe","8":"tag-actualites","9":"tag-eu","10":"tag-europe","11":"tag-european-union","12":"tag-fr","13":"tag-france","14":"tag-news","15":"tag-republique-francaise","16":"tag-ue","17":"tag-union-europeenne"},"share_on_mastodon":{"url":"https:\/\/pubeurope.com\/@fr\/115091869715220209","error":""},"_links":{"self":[{"href":"https:\/\/www.europesays.com\/fr\/wp-json\/wp\/v2\/posts\/343864","targetHints":{"allow":["GET"]}}],"collection":[{"href":"https:\/\/www.europesays.com\/fr\/wp-json\/wp\/v2\/posts"}],"about":[{"href":"https:\/\/www.europesays.com\/fr\/wp-json\/wp\/v2\/types\/post"}],"author":[{"embeddable":true,"href":"https:\/\/www.europesays.com\/fr\/wp-json\/wp\/v2\/users\/2"}],"replies":[{"embeddable":true,"href":"https:\/\/www.europesays.com\/fr\/wp-json\/wp\/v2\/comments?post=343864"}],"version-history":[{"count":0,"href":"https:\/\/www.europesays.com\/fr\/wp-json\/wp\/v2\/posts\/343864\/revisions"}],"wp:featuredmedia":[{"embeddable":true,"href":"https:\/\/www.europesays.com\/fr\/wp-json\/wp\/v2\/media\/343865"}],"wp:attachment":[{"href":"https:\/\/www.europesays.com\/fr\/wp-json\/wp\/v2\/media?parent=343864"}],"wp:term":[{"taxonomy":"category","embeddable":true,"href":"https:\/\/www.europesays.com\/fr\/wp-json\/wp\/v2\/categories?post=343864"},{"taxonomy":"post_tag","embeddable":true,"href":"https:\/\/www.europesays.com\/fr\/wp-json\/wp\/v2\/tags?post=343864"}],"curies":[{"name":"wp","href":"https:\/\/api.w.org\/{rel}","templated":true}]}}