{"id":343868,"date":"2025-08-25T22:56:10","date_gmt":"2025-08-25T22:56:10","guid":{"rendered":"https:\/\/www.europesays.com\/fr\/343868\/"},"modified":"2025-08-25T22:56:10","modified_gmt":"2025-08-25T22:56:10","slug":"un-hopital-vise-et-des-journalistes-tues-les-bombardements-continuent-dans-lenclave-liberation","status":"publish","type":"post","link":"https:\/\/www.europesays.com\/fr\/343868\/","title":{"rendered":"un h\u00f4pital vis\u00e9 et des journalistes tu\u00e9s, les bombardements continuent dans l\u2019enclave \u2013 Lib\u00e9ration"},"content":{"rendered":"<p class=\"sc-ksZaOG ehjQrN text-element\">L\u2019image est insupportable. On y voit des secouristes et des journalistes se pr\u00e9cipiter dans un escalier <a href=\"https:\/\/www.liberation.fr\/checknews\/gaza-que-sait-on-des-fosses-communes-de-lhopital-nasser-ou-des-centaines-de-corps-ont-ete-retrouves-20240426_7X4ZHKJEYVAM7OR757K2UB4H4Q\/\" target=\"_blank\" rel=\"noopener\" title=\"https:\/\/www.liberation.fr\/checknews\/gaza-que-sait-on-des-fosses-communes-de-lhopital-nasser-ou-des-centaines-de-corps-ont-ete-retrouves-20240426_7X4ZHKJEYVAM7OR757K2UB4H4Q\/\">de l\u2019h\u00f4pital Nasser<\/a>, le dernier op\u00e9rant dans le sud de Gaza. Les premiers pour extraire d\u2019\u00e9ventuelles victimes des gravats, les seconds pour couvrir cette \u00e9ni\u00e8me attaque isra\u00e9lienne <a href=\"https:\/\/www.liberation.fr\/international\/moyen-orient\/dans-la-bande-de-gaza-sans-carburant-les-hopitaux-forces-a-larret-20240824_NXQHAADUJRCP3EPA5FHGDJB2UA\/\" target=\"_blank\" rel=\"noopener\" title=\"https:\/\/www.liberation.fr\/international\/moyen-orient\/dans-la-bande-de-gaza-sans-carburant-les-hopitaux-forces-a-larret-20240824_NXQHAADUJRCP3EPA5FHGDJB2UA\/\">contre un \u00e9tablissement de sant\u00e9<\/a>. Puis tout dispara\u00eet dans un fracas de fum\u00e9e et de d\u00e9bris projet\u00e9s.<\/p>\n<p class=\"sc-ksZaOG ehjQrN text-element\">Selon le porte-parole de l\u2019organisation dispensant les premiers secours, Mahmoud Bassal, l\u2019h\u00f4pital a d\u2019abord \u00e9t\u00e9 vis\u00e9 par un drone explosif contre les \u00e9tages sup\u00e9rieurs, avant d\u2019\u00eatre bombard\u00e9 alors qu\u2019\u00e9taient \u00e9vacu\u00e9s les bless\u00e9s. Il fait \u00e9tat d\u2019un bilan de 20 morts, dont des personnels soignants, des secouristes et cinq journalistes. Il y aurait aussi des dizaines de bless\u00e9s, dont certains visages ensanglant\u00e9s tapissent les r\u00e9seaux sociaux qui s\u2019indignent de cette double frappe meurtri\u00e8re.<\/p>\n<p class=\"sc-ksZaOG ehjQrN text-element\">Plusieurs m\u00e9dias internationaux ont rapidement confirm\u00e9 la mort de leurs collaborateurs. L\u2019agence canado-britannique Reuters s\u2019est dite \u00abd\u00e9vast\u00e9e d\u2019apprendre le d\u00e9c\u00e8s de Hussam al-Masri\u00bb, journaliste reporter d\u2019image. Associated Press est, quant \u00e0 elle, \u00abchoqu\u00e9e et attrist\u00e9e\u00bb du d\u00e9c\u00e8s de Mariam Dagga, 33 ans, une photographe ind\u00e9pendante qui collaborait avec l\u2019agence depuis le d\u00e9but de la guerre. Le syndicat des journalistes palestiniens a identifi\u00e9 deux autres victimes comme Moaz Abou Taha, qui travaillait pour la cha\u00eene NBC, et Ahmad Abou Aziz. Enfin, Al-Jazeera a aussi d\u00e9plor\u00e9 la mort d\u2019un de ses reporters d\u2019images, Mohammad Salama, deux semaines \u00e0 peine apr\u00e8s la mort de six de ses collaborateurs <a href=\"https:\/\/www.liberation.fr\/international\/moyen-orient\/guerre-a-gaza-cinq-journalistes-dal-jazeera-dont-anas-al-sharif-tues-dans-une-frappe-israelienne-20250811_TV3VXZLUF5H3PKCDEYF7Z6RMKU\/\" target=\"_blank\" rel=\"noopener\" title=\"https:\/\/www.liberation.fr\/international\/moyen-orient\/guerre-a-gaza-cinq-journalistes-dal-jazeera-dont-anas-al-sharif-tues-dans-une-frappe-israelienne-20250811_TV3VXZLUF5H3PKCDEYF7Z6RMKU\/\">dans une frappe cibl\u00e9e de Tsahal<\/a>.<\/p>\n<p class=\"sc-ksZaOG ehjQrN text-element\">Il y a quinze jours, l\u2019arm\u00e9e isra\u00e9lienne avait justifi\u00e9 cette attaque en assurant qu\u2019un des reporters en question \u00e9tait un membre actif de la branche arm\u00e9e du Hamas, ce que la cha\u00eene avait cat\u00e9goriquement r\u00e9fut\u00e9. Cette fois-ci, dans une rare expression d\u2019excuse, Tsahal a assur\u00e9 ouvrir une enqu\u00eate sur cette \u00abfrappe dans les environs de l\u2019h\u00f4pital Nasser\u00bb, affirm\u00e9 ne pas vouloir cibler \u00ables journalistes en tant que tels\u00bb, et regrett\u00e9 \u00abtout dommage caus\u00e9 \u00e0 des personnes non impliqu\u00e9es\u00bb. Le Premier ministre isra\u00e9lien Benyamin N\u00e9tanyahou a de son c\u00f4t\u00e9 d\u00e9plor\u00e9 un \u00abaccident tragique\u00bb et assur\u00e9 qu\u2019\u00abIsra\u00ebl attache de l\u2019importance au travail des journalistes, de m\u00eame qu\u2019au personnel m\u00e9dical et \u00e0 tous les civils\u00bb. Avant d\u2019ajouter : \u00abNos objectifs l\u00e9gitimes sont de vaincre le Hamas et de ramener nos otages \u00e0 la maison.\u00bb \u00abTrop de journalistes ont \u00e9t\u00e9 tu\u00e9s \u00e0 Gaza sans la moindre justification\u00bb, s\u2019est indign\u00e9 depuis J\u00e9rusalem l\u2019Association de la presse \u00e9trang\u00e8re (FPA), qui r\u00e9clame de v\u00e9ritables \u00abexplications\u00bb.<\/p>\n<p class=\"sc-ksZaOG ehjQrN text-element\">Quel que soit le r\u00e9sultat de cette investigation, si la guerre continue dans la bande de Gaza, il ne restera bient\u00f4t plus de t\u00e9moins pour en rendre compte. Soit parce qu\u2019ils meurent et s\u2019ajoutent \u00e0 la liste des plus de 62 000 personnes tu\u00e9es depuis le d\u00e9but des op\u00e9rations militaires isra\u00e9liennes qui ont suivi le 7 Octobre. Selon les organisations, <a href=\"https:\/\/www.liberation.fr\/idees-et-debats\/opinions\/journalistes-nous-nous-declarons-solidaires-de-nos-collegues-de-gaza-20250413_5TOXIFNIYNCHLFHH3ESX4DTVMM\/\" target=\"_blank\" rel=\"noopener\" title=\"https:\/\/www.liberation.fr\/idees-et-debats\/opinions\/journalistes-nous-nous-declarons-solidaires-de-nos-collegues-de-gaza-20250413_5TOXIFNIYNCHLFHH3ESX4DTVMM\/\">entre 200 et 244 journalistes ont \u00e9t\u00e9 tu\u00e9s \u00e0 Gaza<\/a> au cours des derniers mois. Soit parce qu\u2019ils n\u2019ont plus la force de faire leur travail. C\u2019est ce qu\u2019expliquaient <a href=\"https:\/\/www.liberation.fr\/international\/moyen-orient\/je-ne-me-contente-plus-de-couvrir-la-catastrophe-je-la-vis-tenailles-par-la-faim-les-journalistes-de-lafp-a-gaza-racontent-leur-quotidien-de-plus-en-plus-difficile-20250723_U47Q7IUJ3FHLHDHNZSI4NCMI3E\/?redirected=1\" target=\"_blank\" rel=\"noopener\" title=\"https:\/\/www.liberation.fr\/international\/moyen-orient\/je-ne-me-contente-plus-de-couvrir-la-catastrophe-je-la-vis-tenailles-par-la-faim-les-journalistes-de-lafp-a-gaza-racontent-leur-quotidien-de-plus-en-plus-difficile-20250723_U47Q7IUJ3FHLHDHNZSI4NCMI3E\/?redirected=1\">certains collaborateurs de l\u2019Agence France-Presse<\/a>, fin juillet, dans un t\u00e9moignage d\u00e9chirant. Ils se disaient trop affaiblis par la famine \u2013 <a href=\"https:\/\/www.liberation.fr\/international\/moyen-orient\/lonu-declare-officiellement-la-famine-dans-un-gaza-de-plus-en-plus-assiege-20250822_5A5BUI2GOBGFFKOCLTKUN2GAPY\/\" target=\"_blank\" rel=\"noopener\" title=\"https:\/\/www.liberation.fr\/international\/moyen-orient\/lonu-declare-officiellement-la-famine-dans-un-gaza-de-plus-en-plus-assiege-20250822_5A5BUI2GOBGFFKOCLTKUN2GAPY\/\">officiellement d\u00e9clar\u00e9e par l\u2019ONU vendredi 22 ao\u00fbt<\/a> \u2013 caus\u00e9e par le blocage syst\u00e9matique depuis d\u00e9but mars de l\u2019aide humanitaire par l\u2019arm\u00e9e isra\u00e9lienne.<\/p>\n<p class=\"sc-ksZaOG ehjQrN text-element\">Interdite d\u2019acc\u00e8s \u00e0 l\u2019enclave, la presse internationale peine de plus en plus \u00e0 rendre compte du drame humanitaire \u00e0 Gaza. Les seuls journalistes \u00e9trangers qui ont foul\u00e9 les ruines de l\u2019enclave l\u2019ont fait <a href=\"https:\/\/www.liberation.fr\/international\/moyen-orient\/montrer-pour-ne-pas-voir-a-gaza-lexercice-de-poudre-aux-yeux-de-tsahal-avec-des-journalistes-embarques-20250610_FHVBRTVPENDZXEXOAW2JHRDMNA\/\" target=\"_blank\" rel=\"noopener\" title=\"https:\/\/www.liberation.fr\/international\/moyen-orient\/montrer-pour-ne-pas-voir-a-gaza-lexercice-de-poudre-aux-yeux-de-tsahal-avec-des-journalistes-embarques-20250610_FHVBRTVPENDZXEXOAW2JHRDMNA\/\">encadr\u00e9s par Tsahal<\/a>, dans des visites organis\u00e9es pour montrer les tunnels du Hamas, ou d\u2019autres preuves cens\u00e9es justifier ses op\u00e9rations sur cette bande de terre d\u00e9j\u00e0 d\u00e9vast\u00e9e par bient\u00f4t deux ans de guerre. Un blocus m\u00e9diatique qui permet aux autorit\u00e9s isra\u00e9liennes d\u2019avancer leur propre r\u00e9cit du conflit \u2013 niant notamment la famine, et justifiant toutes les bavures de son arm\u00e9e par la n\u00e9cessaire \u00e9radication du Hamas. Et surtout d\u2019\u00e9touffer peu \u00e0 peu l\u2019attention autour de l\u2019enclave palestinienne.<\/p>\n<p class=\"sc-ksZaOG ehjQrN text-element\">R\u00e9agissant \u00e0 l\u2019attaque de ce lundi contre l\u2019h\u00f4pital Nasser, Philippe Lazzarini, chef de l\u2019agence de l\u2019ONU charg\u00e9e des r\u00e9fugi\u00e9s palestiniens (UNRWA), a d\u00e9nonc\u00e9 une frappe qui vise \u00e0 \u00abfaire taire les derni\u00e8res voix qui d\u00e9noncent la mort silencieuse d\u2019enfants victimes de la famine\u00bb, et s\u2019est indign\u00e9 de \u00abl\u2019indiff\u00e9rence et de l\u2019inaction du monde\u00bb. \u00abL\u2019assassinat de journalistes \u00e0 Gaza<b> <\/b>devrait choquer le monde, non pas en le plongeant dans un silence stup\u00e9fait mais en le faisant agir\u00bb, a insist\u00e9 Ravina Shamdasani, porte-parole du Haut-Commissariat des Nations unies aux droits de l\u2019homme.<\/p>\n<p class=\"sc-ksZaOG ehjQrN text-element\">En fin d\u2019apr\u00e8s-midi, Emmanuel Macron a jug\u00e9 la frappe isra\u00e9lienne \u00abintol\u00e9rable\u00bb et a appel\u00e9 Isra\u00ebl \u00e0 \u00abrespecter le droit international\u00bb. \u00abLes m\u00e9dias doivent pouvoir exercer leur mission de fa\u00e7on libre et ind\u00e9pendante pour couvrir la r\u00e9alit\u00e9 du conflit\u00bb, a ajout\u00e9 le pr\u00e9sident fran\u00e7ais \u00e0 l\u2019issue d\u2019un entretien t\u00e9l\u00e9phonique avec l\u2019\u00e9mir du Qatar. Auparavant, Londres avait appel\u00e9 \u00e0 \u00abprot\u00e9ger\u00bb les professionnels de sant\u00e9 et les journalistes, de m\u00eame que Berlin, pour qui \u00abcette attaque doit faire l\u2019objet d\u2019une enqu\u00eate\u00bb. Mais les inqui\u00e9tudes des chancelleries occidentales ne suffisent pas \u00e0 infl\u00e9chir la ligne de Benyamin N\u00e9tanyahou. Plut\u00f4t que de c\u00e9der aux appels \u00e0 la d\u00e9sescalade, le Premier ministre isra\u00e9lien accuse les dirigeants qui ont annonc\u00e9 leur intention de reconna\u00eetre un Etat palestinien, comme la France, de faire le jeu du Hamas, et de ne pas lutter suffisamment contre l\u2019antis\u00e9mitisme dans leurs pays respectifs.<\/p>\n<p class=\"sc-ksZaOG ehjQrN text-element\">Selon le Haaretz, le gouvernement isra\u00e9lien ignore m\u00eame les conseils de son propre \u00e9tat-major. La semaine derni\u00e8re, le ministre de la D\u00e9fense a approuv\u00e9 le lancement d\u2019une nouvelle op\u00e9ration, \u00abG\u00e9d\u00e9on II\u00bb, dans la ville de Gaza, qui pourrait durer des mois. Plusieurs hauts grad\u00e9s avaient pourtant alert\u00e9 sur le risque qu\u2019une telle op\u00e9ration faisait courir pour les otages isra\u00e9liens, et conseill\u00e9 au gouvernement de n\u00e9gocier un accord partiel avec le Hamas pour lib\u00e9rer les derniers encore en vie. Sans succ\u00e8s.<\/p>\n<p class=\"sc-ksZaOG ehjQrN text-element\"><b>Mise \u00e0 jour le 25 ao\u00fbt \u00e0 19h55<\/b> avec la r\u00e9action de Benyamin N\u00e9tanyahou.<\/p>\n","protected":false},"excerpt":{"rendered":"L\u2019image est insupportable. On y voit des secouristes et des journalistes se pr\u00e9cipiter dans un escalier de l\u2019h\u00f4pital&hellip;\n","protected":false},"author":2,"featured_media":343869,"comment_status":"","ping_status":"","sticky":false,"template":"","format":"standard","meta":{"footnotes":""},"categories":[2],"tags":[11,1011,27,3517,3519,664,3523,12,25],"class_list":{"0":"post-343868","1":"post","2":"type-post","3":"status-publish","4":"format-standard","5":"has-post-thumbnail","7":"category-actualites","8":"tag-actualites","9":"tag-fr","10":"tag-france","11":"tag-gaza-l-escalade","12":"tag-hamas","13":"tag-israel","14":"tag-israel-palestine-conflit","15":"tag-news","16":"tag-republique-francaise"},"share_on_mastodon":{"url":"https:\/\/pubeurope.com\/@fr\/115091877634806202","error":""},"_links":{"self":[{"href":"https:\/\/www.europesays.com\/fr\/wp-json\/wp\/v2\/posts\/343868","targetHints":{"allow":["GET"]}}],"collection":[{"href":"https:\/\/www.europesays.com\/fr\/wp-json\/wp\/v2\/posts"}],"about":[{"href":"https:\/\/www.europesays.com\/fr\/wp-json\/wp\/v2\/types\/post"}],"author":[{"embeddable":true,"href":"https:\/\/www.europesays.com\/fr\/wp-json\/wp\/v2\/users\/2"}],"replies":[{"embeddable":true,"href":"https:\/\/www.europesays.com\/fr\/wp-json\/wp\/v2\/comments?post=343868"}],"version-history":[{"count":0,"href":"https:\/\/www.europesays.com\/fr\/wp-json\/wp\/v2\/posts\/343868\/revisions"}],"wp:featuredmedia":[{"embeddable":true,"href":"https:\/\/www.europesays.com\/fr\/wp-json\/wp\/v2\/media\/343869"}],"wp:attachment":[{"href":"https:\/\/www.europesays.com\/fr\/wp-json\/wp\/v2\/media?parent=343868"}],"wp:term":[{"taxonomy":"category","embeddable":true,"href":"https:\/\/www.europesays.com\/fr\/wp-json\/wp\/v2\/categories?post=343868"},{"taxonomy":"post_tag","embeddable":true,"href":"https:\/\/www.europesays.com\/fr\/wp-json\/wp\/v2\/tags?post=343868"}],"curies":[{"name":"wp","href":"https:\/\/api.w.org\/{rel}","templated":true}]}}