{"id":343870,"date":"2025-08-25T22:57:13","date_gmt":"2025-08-25T22:57:13","guid":{"rendered":"https:\/\/www.europesays.com\/fr\/343870\/"},"modified":"2025-08-25T22:57:13","modified_gmt":"2025-08-25T22:57:13","slug":"la-france-renforce-la-securite-sur-la-guadeloupe","status":"publish","type":"post","link":"https:\/\/www.europesays.com\/fr\/343870\/","title":{"rendered":"La France renforce la s\u00e9curit\u00e9 sur la Guadeloupe"},"content":{"rendered":"<p>Le gouvernement fran\u00e7ais a annonc\u00e9 l\u2019allocation de moyens exceptionnels pour renforcer la lutte contre le trafic de drogue en Guadeloupe. Cette annonce fait suite aux r\u00e9centes d\u00e9cisions internationales classant le \u00ab\u00a0Cartel de los Soles\u00a0\u00bb comme organisation terroriste.<\/p>\n<p>Cette d\u00e9claration de Manuel Valls, ministre des Outre-mer, fait suite \u00e0 la visite du ministre de l\u2019Int\u00e9rieur, Bruno Retailleau, sur l\u2019\u00eele, dans un contexte de pression croissante des \u00c9tats-Unis sur le r\u00e9gime dictatorial de Nicol\u00e1s Maduro au V\u00e9n\u00e9zuela et du d\u00e9ploiement de la flotte du Commandement Sud dans les Cara\u00efbes.<\/p>\n<p>Les \u00c9tats-Unis et deux pays d\u2019Am\u00e9rique latine \u2013 l\u2019\u00c9quateur et le Paraguay \u2013 ont accus\u00e9 le Cartel de los Soles, dirig\u00e9 par Maduro, d\u2019agir comme une organisation criminelle transnationale li\u00e9e au trafic de drogue, au blanchiment d\u2019argent et \u00e0 la violence r\u00e9gionale. Ces accusations ont d\u00e9clench\u00e9 une offensive men\u00e9e par l\u2019administration de Donald Trump, qui a ordonn\u00e9 la mobilisation d\u2019unit\u00e9s navales pr\u00e8s des c\u00f4tes v\u00e9n\u00e9zu\u00e9liennes.<\/p>\n<p>Le gouvernement fran\u00e7ais n\u2019exclut pas d\u2019autres mesures en fonction de l\u2019\u00e9volution de la situation dans la r\u00e9gion et pr\u00e9vient que la protection de ses citoyens demeure une priorit\u00e9, tout en restant vigilant face \u00e0 l\u2019impact des organisations criminelles transnationales li\u00e9es au r\u00e9gime v\u00e9n\u00e9zu\u00e9lien.<\/p>\n","protected":false},"excerpt":{"rendered":"Le gouvernement fran\u00e7ais a annonc\u00e9 l\u2019allocation de moyens exceptionnels pour renforcer la lutte contre le trafic de drogue&hellip;\n","protected":false},"author":2,"featured_media":343871,"comment_status":"","ping_status":"","sticky":false,"template":"","format":"standard","meta":{"footnotes":""},"categories":[4],"tags":[11,47979,47978,3992,1011,27,6142,47977,12,25,656,18892,47976],"class_list":{"0":"post-343870","1":"post","2":"type-post","3":"status-publish","4":"format-standard","5":"has-post-thumbnail","7":"category-france","8":"tag-actualites","9":"tag-caraibes","10":"tag-cartel","11":"tag-drogues","12":"tag-fr","13":"tag-france","14":"tag-guadeloupe","15":"tag-maduro","16":"tag-news","17":"tag-republique-francaise","18":"tag-securite","19":"tag-trafic-de-drogues","20":"tag-valls"},"share_on_mastodon":{"url":"https:\/\/pubeurope.com\/@fr\/115091881498434900","error":""},"_links":{"self":[{"href":"https:\/\/www.europesays.com\/fr\/wp-json\/wp\/v2\/posts\/343870","targetHints":{"allow":["GET"]}}],"collection":[{"href":"https:\/\/www.europesays.com\/fr\/wp-json\/wp\/v2\/posts"}],"about":[{"href":"https:\/\/www.europesays.com\/fr\/wp-json\/wp\/v2\/types\/post"}],"author":[{"embeddable":true,"href":"https:\/\/www.europesays.com\/fr\/wp-json\/wp\/v2\/users\/2"}],"replies":[{"embeddable":true,"href":"https:\/\/www.europesays.com\/fr\/wp-json\/wp\/v2\/comments?post=343870"}],"version-history":[{"count":0,"href":"https:\/\/www.europesays.com\/fr\/wp-json\/wp\/v2\/posts\/343870\/revisions"}],"wp:featuredmedia":[{"embeddable":true,"href":"https:\/\/www.europesays.com\/fr\/wp-json\/wp\/v2\/media\/343871"}],"wp:attachment":[{"href":"https:\/\/www.europesays.com\/fr\/wp-json\/wp\/v2\/media?parent=343870"}],"wp:term":[{"taxonomy":"category","embeddable":true,"href":"https:\/\/www.europesays.com\/fr\/wp-json\/wp\/v2\/categories?post=343870"},{"taxonomy":"post_tag","embeddable":true,"href":"https:\/\/www.europesays.com\/fr\/wp-json\/wp\/v2\/tags?post=343870"}],"curies":[{"name":"wp","href":"https:\/\/api.w.org\/{rel}","templated":true}]}}