{"id":343874,"date":"2025-08-25T23:01:13","date_gmt":"2025-08-25T23:01:13","guid":{"rendered":"https:\/\/www.europesays.com\/fr\/343874\/"},"modified":"2025-08-25T23:01:13","modified_gmt":"2025-08-25T23:01:13","slug":"insolite-us-open-le-nouveau-style-totalement-inattendu-dalcaraz-avant-ses-debuts-a-new-york","status":"publish","type":"post","link":"https:\/\/www.europesays.com\/fr\/343874\/","title":{"rendered":"Insolite, US Open > Le nouveau style totalement inattendu d&rsquo;Alcaraz avant ses d\u00e9buts \u00e0 New-York"},"content":{"rendered":"<p>On ne sait pas si c\u2019est une r\u00e9elle volont\u00e9 capil\u00adlaire ou bien la moiteur new\u2010yorkaise mais Carlos Alcaraz en avait visi\u00adble\u00adment marre de ses cheveux.\u00a0<\/p>\n<p>Le quin\u00adtuple vain\u00adqueur en Grand Chelem a donc choisi une option radi\u00adcale en se rasant tota\u00adle\u00adment la t\u00eate. Ce qui risque d\u2019en surprendre plus d\u2019un, notam\u00adment du c\u00f4t\u00e9 de ses\u00a0fans.\u00a0<\/p>\n<blockquote class=\"twitter-tweet\">\n<p lang=\"es\" dir=\"ltr\">Carlos Alcaraz se ha pegado una rapada tremenda antes de su debut en el US Open. <a href=\"https:\/\/t.co\/1nHeXGFJGD\" data-wpel-link=\"external\" target=\"_blank\" rel=\"nofollow external noopener\">pic.twitter.com\/1nHeXGFJGD<\/a><\/p>\n<p>\u2014 Jos\u00e9 Mor\u00f3n (@jmgmoron) <a href=\"https:\/\/twitter.com\/jmgmoron\/status\/1960091304966459869?ref_src=twsrc%5Etfw\" data-wpel-link=\"external\" target=\"_blank\" rel=\"nofollow external noopener\">August 25,\u00a02025<\/a><\/p><\/blockquote>\n<p>Un chan\u00adge\u00adment d\u2019al\u00adlure inat\u00adtendu \u00e0 seule\u00adment quelques minutes de son entr\u00e9e en lice \u00e0 l\u2019US Open face \u00e0 Reilly Opelka (pas avant 2h30 du matin, heure fran\u00e7aise).\u00a0<\/p>\n<p class=\"post-published-date\" style=\"color: silver; font-size: 75%; text-align: left;\">Publi\u00e9 le lundi 25 ao\u00fbt 2025 \u00e0 23:41<\/p>\n<p><script async src=\"https:\/\/platform.twitter.com\/widgets.js\" charset=\"utf-8\"><\/script><\/p>\n","protected":false},"excerpt":{"rendered":"On ne sait pas si c\u2019est une r\u00e9elle volont\u00e9 capil\u00adlaire ou bien la moiteur new\u2010yorkaise mais Carlos Alcaraz&hellip;\n","protected":false},"author":2,"featured_media":343875,"comment_status":"","ping_status":"","sticky":false,"template":"","format":"standard","meta":{"footnotes":""},"categories":[1415],"tags":[1744,1011,27,60,1467],"class_list":{"0":"post-343874","1":"post","2":"type-post","3":"status-publish","4":"format-standard","5":"has-post-thumbnail","7":"category-tennis","8":"tag-alcaraz","9":"tag-fr","10":"tag-france","11":"tag-sports","12":"tag-tennis"},"share_on_mastodon":{"url":"https:\/\/pubeurope.com\/@fr\/115091897201710253","error":""},"_links":{"self":[{"href":"https:\/\/www.europesays.com\/fr\/wp-json\/wp\/v2\/posts\/343874","targetHints":{"allow":["GET"]}}],"collection":[{"href":"https:\/\/www.europesays.com\/fr\/wp-json\/wp\/v2\/posts"}],"about":[{"href":"https:\/\/www.europesays.com\/fr\/wp-json\/wp\/v2\/types\/post"}],"author":[{"embeddable":true,"href":"https:\/\/www.europesays.com\/fr\/wp-json\/wp\/v2\/users\/2"}],"replies":[{"embeddable":true,"href":"https:\/\/www.europesays.com\/fr\/wp-json\/wp\/v2\/comments?post=343874"}],"version-history":[{"count":0,"href":"https:\/\/www.europesays.com\/fr\/wp-json\/wp\/v2\/posts\/343874\/revisions"}],"wp:featuredmedia":[{"embeddable":true,"href":"https:\/\/www.europesays.com\/fr\/wp-json\/wp\/v2\/media\/343875"}],"wp:attachment":[{"href":"https:\/\/www.europesays.com\/fr\/wp-json\/wp\/v2\/media?parent=343874"}],"wp:term":[{"taxonomy":"category","embeddable":true,"href":"https:\/\/www.europesays.com\/fr\/wp-json\/wp\/v2\/categories?post=343874"},{"taxonomy":"post_tag","embeddable":true,"href":"https:\/\/www.europesays.com\/fr\/wp-json\/wp\/v2\/tags?post=343874"}],"curies":[{"name":"wp","href":"https:\/\/api.w.org\/{rel}","templated":true}]}}