{"id":343878,"date":"2025-08-25T23:04:21","date_gmt":"2025-08-25T23:04:21","guid":{"rendered":"https:\/\/www.europesays.com\/fr\/343878\/"},"modified":"2025-08-25T23:04:21","modified_gmt":"2025-08-25T23:04:21","slug":"kimi-antonelli-a-19-ans-ou-en-etaient-les-autres-pilotes-de-f1-au-meme-age","status":"publish","type":"post","link":"https:\/\/www.europesays.com\/fr\/343878\/","title":{"rendered":"Kimi Antonelli a 19 ans : o\u00f9 en \u00e9taient les autres pilotes de F1 au m\u00eame \u00e2ge ?"},"content":{"rendered":"<p>        Ils \u00e9taient d\u00e9j\u00e0 en F1<\/p>\n<p>Pilote le plus jeune \u00e0 avoir pris le d\u00e9part d\u2019un Grand Prix, \u00e0 \u00eatre mont\u00e9 sur un podium et \u00e0 avoir gagn\u00e9 une course, <strong><a href=\"https:\/\/www.autohebdo.fr\/pilote\/f1\/max-verstappen\" data-internallinksmanager029f6b8e52c=\"2\" title=\"Max Verstappen\" target=\"_blank\" rel=\"noopener\">Max Verstappen<\/a><\/strong> est le plus pr\u00e9coce de l\u2019histoire de la <a href=\"https:\/\/www.autohebdo.fr\/actualites\/f1\" data-internallinksmanager029f6b8e52c=\"1\" title=\"F1\" target=\"_blank\" rel=\"noopener\">Formule 1<\/a>. Lorsqu\u2019il a eu 19 ans, en septembre 2016, le Batave avait d\u00e9j\u00e0 remport\u00e9 son premier Grand Prix quelques mois plus t\u00f4t \u00e0 Barcelone, d\u00e8s son premier d\u00e9part dans une <a href=\"https:\/\/www.autohebdo.fr\/actualites\/ecurie\/red-bull-racing\" data-internallinksmanager029f6b8e52c=\"78\" title=\"Ecurie F1 Red Bull Racing\" target=\"_blank\" rel=\"noopener\">Red Bull<\/a>. Il terminait ensuite l\u2019ann\u00e9e \u00e0 la 5e place du championnat, une sacr\u00e9e performance \u00e0 \u00e0 peine 19 ans.<\/p>\n<p><strong><a href=\"https:\/\/www.autohebdo.fr\/pilote\/f1\/lance-stroll\" data-internallinksmanager029f6b8e52c=\"48\" title=\"Lance Stroll\" target=\"_blank\" rel=\"noopener\">Lance Stroll<\/a><\/strong> arrivait en Formule 1 quelques semaines plus tard, \u00e0 l\u2019or\u00e9e d\u2019une saison 2017 o\u00f9 le Canadien a \u00e9galement eu 19 ans. Ses d\u00e9buts furent particuli\u00e8rement notables, avec un podium d\u00e8s sa premi\u00e8re ann\u00e9e, obtenu avec <a href=\"https:\/\/www.autohebdo.fr\/actualites\/ecurie\/williams-f1\" data-internallinksmanager029f6b8e52c=\"83\" title=\"Ecurie Williams F1 Team\" target=\"_blank\" rel=\"noopener\">Williams<\/a> \u00e0 Bakou (Azerba\u00efdjan). Le natif de Montr\u00e9al s\u2019\u00e9tait aussi \u00e9lanc\u00e9 de la premi\u00e8re ligne en Italie, devenant le plus jeune pilote \u00e0 accomplir pareil exploit.<\/p>\n<p>Enfin, <strong>Oliver Bearman<\/strong> avait lui aussi d\u00e9j\u00e0 disput\u00e9 un Grand Prix en F1. Et quel Grand Prix ! Rempla\u00e7ant <a href=\"https:\/\/www.autohebdo.fr\/pilote\/f1\/carlos-sainz\" data-internallinksmanager029f6b8e52c=\"43\" title=\"Carlos Sainz\" target=\"_blank\" rel=\"noopener\">Carlos Sainz<\/a> en Arabie saoudite, le Britannique a sign\u00e9 une superbe 7e place, confirmant les espoirs plac\u00e9s en lui par la <a href=\"https:\/\/www.autohebdo.fr\/actualites\/ecurie\/ferrari\" data-internallinksmanager029f6b8e52c=\"74\" title=\"Ferrari\" target=\"_blank\" rel=\"noopener\">Scuderia<\/a>. Au cours de la saison 2024, il est apparu \u00e0 deux autres reprises, cette fois avec <a href=\"https:\/\/www.autohebdo.fr\/actualites\/ecurie\/haas\" data-internallinksmanager029f6b8e52c=\"82\" title=\"Ecurie Haas F1 Team\" target=\"_blank\" rel=\"noopener\">Haas<\/a>, pour suppl\u00e9er <a href=\"https:\/\/www.autohebdo.fr\/pilote\/f1\/kevin-magnussen\" data-internallinksmanager029f6b8e52c=\"88\" title=\"Kevin Magnussen\" target=\"_blank\" rel=\"noopener\">Kevin Magnussen<\/a>, suspendu en Azerba\u00efdjan puis malade au Br\u00e9sil.<\/p>\n<p><strong>\u00c0 LIRE AUSSI &gt;\u00a0<a href=\"https:\/\/www.autohebdo.fr\/actualites\/f1\/andrea-kimi-antonelli-peut-compter-sur-le-soutien-de-mercedes-face-a-la-pression-de-la-formule-1.html\" target=\"_blank\" rel=\"noopener\">Andrea Kimi Antonelli peut compter sur le soutien de Mercedes face \u00e0 la pression de la Formule 1<\/a><\/strong><\/p>\n<p>Ils \u00e9taient aux portes de la F1<\/p>\n<p>Dauphin de George Russell en <a href=\"https:\/\/www.autohebdo.fr\/actualites\/monoplace\/formule-2\" data-internallinksmanager029f6b8e52c=\"14\" title=\"Formule 2\" target=\"_blank\" rel=\"noopener\">Formule 2<\/a>, <strong><a href=\"https:\/\/www.autohebdo.fr\/pilote\/f1\/lando-norris\" data-internallinksmanager029f6b8e52c=\"11\" title=\"Lando Norris\" target=\"_blank\" rel=\"noopener\">Lando Norris<\/a><\/strong> a fait \u00e9talage de son talent au cours de la saison 2018, signant une victoire et une pole position. Un exercice r\u00e9ussi qui l\u2019a propuls\u00e9 en Formule 1 chez <a href=\"https:\/\/www.autohebdo.fr\/actualites\/ecurie\/mclaren\" data-internallinksmanager029f6b8e52c=\"76\" title=\"Ecurie F1 McLaren Racing\" target=\"_blank\" rel=\"noopener\">McLaren<\/a> l\u2019ann\u00e9e suivante.<\/p>\n<p><strong><a href=\"https:\/\/www.autohebdo.fr\/pilote\/f1\/fernando-alonso\" data-internallinksmanager029f6b8e52c=\"27\" title=\"Fernando Alonso\" target=\"_blank\" rel=\"noopener\">Fernando Alonso<\/a><\/strong> a lui aussi fait ses d\u00e9buts en F1 \u00e0 20 ans. La saison pr\u00e9c\u00e9dente, le Taureau des Asturies l\u2019avait pass\u00e9e en <a href=\"https:\/\/www.autohebdo.fr\/actualites\/monoplace\/formule-3\" data-internallinksmanager029f6b8e52c=\"62\" title=\"Formule 3\" target=\"_blank\" rel=\"noopener\">Formule 3<\/a>000 Internationale, dont il s\u2019\u00e9tait class\u00e9 4e.<\/p>\n<p>Ils apprenaient en F2 \/ GP2 Series<\/p>\n<p>Eux aussi \u00e9taient en Formule 2 \u00e0 19 ans, comme Lando Norris, mais leurs r\u00e9sultats n\u2019\u00e9taient pas aussi probants. <strong><a href=\"https:\/\/www.autohebdo.fr\/pilote\/f1\/pierre-gasly\" data-internallinksmanager029f6b8e52c=\"8\" title=\"Pierre Gasly\" target=\"_blank\" rel=\"noopener\">Pierre Gasly<\/a><\/strong>, arriv\u00e9 en GP2 Series \u2014 anc\u00eatre de la F2 \u2014 en 2015, a termin\u00e9 8e de son premier exercice, aur\u00e9ol\u00e9 de 3 pole positions et de 4 podiums. Son compatriote <strong>Isack Hadjar<\/strong> a, lui, v\u00e9cu des d\u00e9buts moins positifs en F2. Dans une \u00e9quipe Hitech qui tournait mal, le Parisien s\u2019est content\u00e9 d\u2019une discr\u00e8te 14e place, caus\u00e9e en grande partie par le manque de performance de son \u00e9quipe. Red Bull lui a maintenu sa confiance, que Hadjar a honor\u00e9e en se battant pour le titre la saison suivante (2e) avant de monter en Formule 1.<\/p>\n<p>Son co\u00e9quipier actuel chez Racing Bulls \u00e9cumait lui aussi le ventre mou de la Formule 2 au moment de f\u00eater ses 19 ans. <strong>Liam Lawson<\/strong> se classait 9e dans l\u2019antichambre de la F1 mais, engag\u00e9 sur un double programme, le Kiwi r\u00e9alisait une tr\u00e8s bonne ann\u00e9e en <a href=\"https:\/\/www.autohebdo.fr\/actualites\/gt-tourisme\/dtm\" data-internallinksmanager029f6b8e52c=\"67\" title=\"DTM\" target=\"_blank\" rel=\"noopener\">DTM<\/a>, ponctu\u00e9e d\u2019une 2e place au classement g\u00e9n\u00e9ral final.<\/p>\n<p>Ils brillaient en F3 \/ GP3<\/p>\n<p>Tandis que certains avaient d\u00e9j\u00e0 franchi le pas vers le GP2 ou la F2, d\u2019autres s\u2019attelaient encore \u00e0 la Formule 3 avec un succ\u00e8s incontest\u00e9. Titr\u00e9 en GP3 en 2015, <strong><a href=\"https:\/\/www.autohebdo.fr\/pilote\/f1\/esteban-ocon-2\" data-internallinksmanager029f6b8e52c=\"37\" title=\"Esteban Ocon\" target=\"_blank\" rel=\"noopener\">Esteban Ocon<\/a><\/strong> a confirm\u00e9 son potentiel et d\u00e9croch\u00e9 sa place en F1 en fin de saison suivante chez Manor (9 GP).<\/p>\n<p>C\u2019est <strong><a href=\"https:\/\/www.autohebdo.fr\/pilote\/f1\/charles-leclerc\" data-internallinksmanager029f6b8e52c=\"5\" title=\"Charles Leclerc\" target=\"_blank\" rel=\"noopener\">Charles Leclerc<\/a><\/strong> qui lui a succ\u00e9d\u00e9 au palmar\u00e8s du GP3 en remportant 3 victoires, 4 pole positions et 8 podiums au total en 2016. George Russell, \u00e9galement, fut titr\u00e9 en GP3 l\u2019ann\u00e9e de ses 19 ans, en 2017, juste apr\u00e8s Charles Leclerc. Le Britannique a sign\u00e9 cette saison-l\u00e0 4 victoires, 4 pole positions et 7 podiums en 14 courses avant de remporter la F2 en 2018 et d\u2019arriver en F1 en 2019 chez Williams.<\/p>\n<p>Enfin, <strong><a href=\"https:\/\/www.autohebdo.fr\/pilote\/f1\/oscar-piastri\" data-internallinksmanager029f6b8e52c=\"96\" title=\"Oscar Piastri\" target=\"_blank\" rel=\"noopener\">Oscar Piastri<\/a><\/strong> et <strong>Gabriel Bortoleto<\/strong> partagent un point commun : les deux hommes ont remport\u00e9 la Formule 3 l\u2019ann\u00e9e de leurs 19 ans (2020 pour Piastri, 2023 pour Bortoleto) avec exactement le m\u00eame nombre de points (164) ! Encore plus troublant, les deux actuels pilotes de F1 ont tous les deux gagn\u00e9 2 courses et sont mont\u00e9s sur 6 podiums en 18 courses. Puis, l\u2019ann\u00e9e suivante, ils remportaient la Formule 2\u2026 Des destins \u00e9trangement li\u00e9s.<\/p>\n<p>Pr\u00e8s de 20 ans avant le titre de Gabriel Bortoleto (2023), <strong><a href=\"https:\/\/www.autohebdo.fr\/pilote\/f1\/lewis-hamilton-2\" data-internallinksmanager029f6b8e52c=\"41\" title=\"Lewis Hamilton\" target=\"_blank\" rel=\"noopener\">Lewis Hamilton<\/a><\/strong> d\u00e9couvrait la Formule 3 Euro Series l\u2019ann\u00e9e de ses 19 ans (2004). Pour ses d\u00e9buts, le futur septuple champion du monde se classait 5e et d\u00e9crochait le titre de meilleur rookie.<\/p>\n<p>Ils \u00e9taient encore tendres<\/p>\n<p>Quand Ocon, Leclerc, Piastri, Russell ou Bortoleto remportaient le titre en F3\/GP3 \u00e0 19 ans, certains de leurs futurs confr\u00e8res naviguaient encore dans des eaux troubles.<strong> Carlos Sainz<\/strong> bouclait, en 2013, une discr\u00e8te saison conclue \u00e0 la 10e place en GP3 et \u00e0 la 19e place en Formule <a href=\"https:\/\/www.autohebdo.fr\/actualites\/ecurie\/renault-f1-team\" data-internallinksmanager029f6b8e52c=\"84\" title=\"Ecurie Renault F1 Team\" target=\"_blank\" rel=\"noopener\">Renault<\/a> 3.5. Son actuel co\u00e9quipier, Alex <a href=\"https:\/\/www.autohebdo.fr\/pilote\/f1\/alexander-albon\" data-internallinksmanager029f6b8e52c=\"47\" title=\"Alexander Albon\" target=\"_blank\" rel=\"noopener\">Albon<\/a>, \u00e9tait, lui, 7e du championnat d\u2019Europe de F3, tandis que <strong><a href=\"https:\/\/www.autohebdo.fr\/pilote\/f1\/yuki-tsunoda\" data-internallinksmanager029f6b8e52c=\"26\" title=\"Yuki Tsunoda\" target=\"_blank\" rel=\"noopener\">Yuki Tsunoda<\/a><\/strong> vivait un apprentissage difficile en formules europ\u00e9ennes. Fra\u00eechement titr\u00e9 en F4 Japon, le pilote Red Bull se contentait d\u2019une 9e place pour sa saison de d\u00e9couverte de la F3, avec tout de m\u00eame une victoire et trois podiums.<\/p>\n<p><strong>Franco Colapinto<\/strong> a \u00e9galement achev\u00e9 sa premi\u00e8re saison de Formule 3 \u00e0 la 9e place avec Van Amersfoort Racing, tandis que <strong><a href=\"https:\/\/www.autohebdo.fr\/pilote\/f1\/nico-hulkenberg\" data-internallinksmanager029f6b8e52c=\"105\" title=\"Nico H\u00fclkenberg\" target=\"_blank\" rel=\"noopener\">Nico H\u00fclkenberg<\/a><\/strong> \u00e9tait encore plus bas : l\u2019Allemand n\u2019avait pas encore \u00e9merg\u00e9 comme un des grands espoirs mondiaux. Seulement 5e de la F3 allemande en 2006, il n\u2019\u00e9tait pas encore le futur vainqueur de la F3 Euro Series en 2008 et du GP2 en 2009.<\/p>\n<p>Force est de constater que la pr\u00e9cocit\u00e9 de Kimi Antonelli est hors du commun et que, aussi brillants soient-ils d\u00e9sormais, les pilotes de Formule 1 n\u2019\u00e9taient pas tous au niveau qu\u2019a atteint l\u2019Italien aujourd\u2019hui lorsqu\u2019ils soufflaient leurs 19 bougies. S\u2019il lui reste encore \u00e9norm\u00e9ment \u00e0 apprendre et beaucoup d\u2019aspects \u00e0 parfaire, le natif de Bologne est tr\u00e8s largement en avance sur les temps de passage.<\/p>\n","protected":false},"excerpt":{"rendered":"Ils \u00e9taient d\u00e9j\u00e0 en F1 Pilote le plus jeune \u00e0 avoir pris le d\u00e9part d\u2019un Grand Prix, \u00e0&hellip;\n","protected":false},"author":2,"featured_media":343879,"comment_status":"","ping_status":"","sticky":false,"template":"","format":"standard","meta":{"footnotes":""},"categories":[1412],"tags":[1451,1452,1453,1454,1455,1011,27,60],"class_list":{"0":"post-343878","1":"post","2":"type-post","3":"status-publish","4":"format-standard","5":"has-post-thumbnail","7":"category-f1","8":"tag-f1","9":"tag-formula-1","10":"tag-formula1","11":"tag-formule-1","12":"tag-formule1","13":"tag-fr","14":"tag-france","15":"tag-sports"},"share_on_mastodon":{"url":"https:\/\/pubeurope.com\/@fr\/115091909015250196","error":""},"_links":{"self":[{"href":"https:\/\/www.europesays.com\/fr\/wp-json\/wp\/v2\/posts\/343878","targetHints":{"allow":["GET"]}}],"collection":[{"href":"https:\/\/www.europesays.com\/fr\/wp-json\/wp\/v2\/posts"}],"about":[{"href":"https:\/\/www.europesays.com\/fr\/wp-json\/wp\/v2\/types\/post"}],"author":[{"embeddable":true,"href":"https:\/\/www.europesays.com\/fr\/wp-json\/wp\/v2\/users\/2"}],"replies":[{"embeddable":true,"href":"https:\/\/www.europesays.com\/fr\/wp-json\/wp\/v2\/comments?post=343878"}],"version-history":[{"count":0,"href":"https:\/\/www.europesays.com\/fr\/wp-json\/wp\/v2\/posts\/343878\/revisions"}],"wp:featuredmedia":[{"embeddable":true,"href":"https:\/\/www.europesays.com\/fr\/wp-json\/wp\/v2\/media\/343879"}],"wp:attachment":[{"href":"https:\/\/www.europesays.com\/fr\/wp-json\/wp\/v2\/media?parent=343878"}],"wp:term":[{"taxonomy":"category","embeddable":true,"href":"https:\/\/www.europesays.com\/fr\/wp-json\/wp\/v2\/categories?post=343878"},{"taxonomy":"post_tag","embeddable":true,"href":"https:\/\/www.europesays.com\/fr\/wp-json\/wp\/v2\/tags?post=343878"}],"curies":[{"name":"wp","href":"https:\/\/api.w.org\/{rel}","templated":true}]}}