{"id":343880,"date":"2025-08-25T23:05:10","date_gmt":"2025-08-25T23:05:10","guid":{"rendered":"https:\/\/www.europesays.com\/fr\/343880\/"},"modified":"2025-08-25T23:05:10","modified_gmt":"2025-08-25T23:05:10","slug":"cyclisme-tour-poitou-charentes-arnaud-demare-vise-la-passe-de-trois-sud-ouest","status":"publish","type":"post","link":"https:\/\/www.europesays.com\/fr\/343880\/","title":{"rendered":"Cyclisme. Tour Poitou-Charentes : Arnaud D\u00e9mare vise la passe de trois &#8211; Sud Ouest"},"content":{"rendered":"<ol>\n<li><a href=\"https:\/\/news.google.com\/rss\/articles\/CBMi3AFBVV95cUxQUGF4T1FuMy13MS1iQUNqUFB3dHdoVzNmVHBUdUI2MWdlWWNxcWl5aGdMV3QyWnZmTlZxTGk4TU5xUFBmNGROU3pEWXh1Q1BUbHhpSkZ0U2k4ZEZ4bVNMY1RmUFlMOHRQQ2Z2aUM1VF9JbmNsNnNHOUp2emFjQ3BIenFITm1SOXE4OVNEVXpzYldicVBhN3Z4bkQtcEhLdG9OMU1faExXck9EVXVlYkF4QTZkM0V3OTFiOF9GY01CTjJjc1ZBUFRqNDhySUFkTFNTTlRYY1VUbUtHam9w?oc=5\" target=\"_blank\" rel=\"nofollow noopener\">Cyclisme. Tour Poitou-Charentes : Arnaud D\u00e9mare vise la passe de trois<\/a>&nbsp;&nbsp;Sud Ouest<\/li>\n<li><a href=\"https:\/\/news.google.com\/rss\/articles\/CBMi2wFBVV95cUxNQm5Zd3RzMjUtLTZ4cF9GYk83dTZkc3daeUpoeEQtV0VOVHdiM0tDdDQwRUJtdmJFQmJMRVppR1FDZ1kySjhjV05Bak9QMFVCcjJqMk1XSXNQaVVScExuV3J2a214RU8zNmJBN1p3Qk11Sm93UXJxZy0tVUJJQXlKNVNLZFdwY1UzU0hTdmRvTFZudWxtdkgwNEoyb1ZUSGhlaTRZSFYwelhvZzBQNkFjWnJCQnhwcGttemc5UExmTWk2Q3FPM3dfX29admZKTlZmSlZRN2hQV0g4LTQ?oc=5\" target=\"_blank\" rel=\"nofollow noopener\">Cyclisme: D\u00e9mare, Godon et Thomas t\u00eates d\u2019affiche du 39e Tour Poitou-Charentes qui d\u00e9marre mardi<\/a>&nbsp;&nbsp;Charente Libre<\/li>\n<li><a href=\"https:\/\/news.google.com\/rss\/articles\/CBMipAJBVV95cUxOTjZDczRLRUJmWUZETEpkanJHaTJLdHNCTmY5ZVppT01qclczZjJCczd0RG95WUtmWG9DeDZLUnhKaFNkdl9kQmhHVWNDOVZLVWh6R0Z2Rl8taEtKb1FtQUlkZ21Jc2hXbkhlNVhrbDlyWXl3cEtJQ1R2dlZFVjk1d3VZRTlQcXFveEtaTzRBTGRzYVZLQWM4aS1rMVVKd2R0SE9LZ3dJc1k1ejVfblAwTXl4Tk1tcHdqekRWRC1RTU9SODVXVS1mQXVnUUY5WmhVSmNHamFGMzZ4ZnM4WnY2aDc3Rzh1U2lUTjRMZC1wRC1ZRWZsTjlXSGNEY1dnbG9ERUVaZ3N2ZWNKWEpVNTJHQW0wOXVVbzdld3lHSzNRNllBT3BJ?oc=5\" target=\"_blank\" rel=\"nofollow noopener\">\u00ab\u00a0C\u2019est un tr\u00e8s bel h\u00f4tel, encore plus impressionnant la nuit\u00a0\u00bb : o\u00f9 dorment les \u00e9quipes du Tour Poitou-Charentes autour de Niort ?<\/a>&nbsp;&nbsp;lanouvellerepublique.fr<\/li>\n<li><a href=\"https:\/\/news.google.com\/rss\/articles\/CBMipwJBVV95cUxPZ2V2aTI0LUV0OUtZWGZaNmcxT1RYejNkazBYNTF3UHJsR3lRemhxbHgwZFh5Nkd3cEgybWNZeFZYdHZFV1VnZ3JUb294ZWFGbUN3Zm90S3ozcVAzTVN1S2J4YTE1MGtTWUE1TkVqVldqUnRxZTRHMXNnQUczd0doZlI3Q3ZGYXphOV9vaVh6RHZuUHdBQ2lxLWNvbzBVSnRCMXdrRE9CbS1Ld2F3MDg3LTgtWkNiNC00cXI0akk4eUwyLTNCUFZSM2MwenJaNG1WSmhYM09NQko2cWx5WUM4MjVGZExmTnZLd2ZhVTliWnNIU2k4RVFzYnI2YmpVVDRUTlZldHZ3dUloOWJ2T1I1c0JxdllZR0pSc2lpbkYyUUNSYTVlNThF?oc=5\" target=\"_blank\" rel=\"nofollow noopener\">Tour Poitou-Charentes 2025 : coureurs, \u00e9quipes, parcours, \u00e9tapes, caravane&#8230; Tout ce qu&rsquo;il faut savoir pour voir la course<\/a>&nbsp;&nbsp;France 3 R\u00e9gions<\/li>\n<li><a href=\"https:\/\/news.google.com\/rss\/articles\/CBMisgFBVV95cUxPdDBaQUFEeVNaZU9GQzNFRGhPTldnVXVfTkdQVW1GLTZrbW9LLWZQOWpSa04xRUFJYkU2MzBBenc5bThGc04yelpxWUlibXBQbFY2NGpTcXRlcmZvaGN2ZDYza2taUF9yQmluNW0tTGdlYTViMmpBVFhQRHgzSFQyNDJDY092NUVUcGVkb0h5VmI5Q3lHOGZoZ2pBSjF1cTBVaDhQUDhsVXdiMjVfaXVkbXZR?oc=5\" target=\"_blank\" rel=\"nofollow noopener\">Cyclisme. O\u00f9 voir le peloton du Tour Poitou-Charentes en Vals de Saintonge ?<\/a>&nbsp;&nbsp;lhebdo17.fr<\/li>\n<\/ol>\n","protected":false},"excerpt":{"rendered":"Cyclisme. Tour Poitou-Charentes : Arnaud D\u00e9mare vise la passe de trois&nbsp;&nbsp;Sud Ouest Cyclisme: D\u00e9mare, Godon et Thomas t\u00eates&hellip;\n","protected":false},"author":2,"featured_media":343881,"comment_status":"","ping_status":"","sticky":false,"template":"","format":"standard","meta":{"footnotes":""},"categories":[1411],"tags":[1154,207,1011,27,60],"class_list":{"0":"post-343880","1":"post","2":"type-post","3":"status-publish","4":"format-standard","5":"has-post-thumbnail","7":"category-cyclisme","8":"tag-cycling","9":"tag-cyclisme","10":"tag-fr","11":"tag-france","12":"tag-sports"},"share_on_mastodon":{"url":"","error":""},"_links":{"self":[{"href":"https:\/\/www.europesays.com\/fr\/wp-json\/wp\/v2\/posts\/343880","targetHints":{"allow":["GET"]}}],"collection":[{"href":"https:\/\/www.europesays.com\/fr\/wp-json\/wp\/v2\/posts"}],"about":[{"href":"https:\/\/www.europesays.com\/fr\/wp-json\/wp\/v2\/types\/post"}],"author":[{"embeddable":true,"href":"https:\/\/www.europesays.com\/fr\/wp-json\/wp\/v2\/users\/2"}],"replies":[{"embeddable":true,"href":"https:\/\/www.europesays.com\/fr\/wp-json\/wp\/v2\/comments?post=343880"}],"version-history":[{"count":0,"href":"https:\/\/www.europesays.com\/fr\/wp-json\/wp\/v2\/posts\/343880\/revisions"}],"wp:featuredmedia":[{"embeddable":true,"href":"https:\/\/www.europesays.com\/fr\/wp-json\/wp\/v2\/media\/343881"}],"wp:attachment":[{"href":"https:\/\/www.europesays.com\/fr\/wp-json\/wp\/v2\/media?parent=343880"}],"wp:term":[{"taxonomy":"category","embeddable":true,"href":"https:\/\/www.europesays.com\/fr\/wp-json\/wp\/v2\/categories?post=343880"},{"taxonomy":"post_tag","embeddable":true,"href":"https:\/\/www.europesays.com\/fr\/wp-json\/wp\/v2\/tags?post=343880"}],"curies":[{"name":"wp","href":"https:\/\/api.w.org\/{rel}","templated":true}]}}