{"id":343882,"date":"2025-08-25T23:06:10","date_gmt":"2025-08-25T23:06:10","guid":{"rendered":"https:\/\/www.europesays.com\/fr\/343882\/"},"modified":"2025-08-25T23:06:10","modified_gmt":"2025-08-25T23:06:10","slug":"barca-elche-va-recuperer-pena-en-pret-maxifoot","status":"publish","type":"post","link":"https:\/\/www.europesays.com\/fr\/343882\/","title":{"rendered":"Bar\u00e7a : Elche va r\u00e9cup\u00e9rer Pe\u00f1a en pr\u00eat &#8211; Maxifoot"},"content":{"rendered":"<ol>\n<li><a href=\"https:\/\/news.google.com\/rss\/articles\/CBMihAFBVV95cUxNMFZGYnQxM2xSSkUzX2lYcjJLM3ZUNUplTHllMWh6b2JlVzBjZXlBUHFyYlpRQ0Y2akxZZVM3QUtoMTNSWWJXZU5NZVU5a1pZcEI0YmZVdVJZdTdUTlB6YWhaVWVBQ014NFVzUHJaMWtQTC1jNjJjUVpJWmFTTnBXZm1sRFnSAYMBQVVfeXFMTmFScXE3bzZ1b2VXZ1FvYXVmYXhSZ2FVVUQ0RmVsdTlWZlZIak9JekQ3eGxtX0s3ZEU4NWpDMDkzVEVrbEpXUk80TEhkNklMOXRwWXlCMmJrSm5QaFZiNF9NOGtGYzVoZ2luQmRBeTdZTm1yU3JMYTZHb1VCTE1adlZhX2M?oc=5\" target=\"_blank\" rel=\"nofollow noopener\">Bar\u00e7a : Elche va r\u00e9cup\u00e9rer Pe\u00f1a en pr\u00eat<\/a>&nbsp;&nbsp;Maxifoot<\/li>\n<li><a href=\"https:\/\/news.google.com\/rss\/articles\/CBMikAFBVV95cUxNMlBBcFJlcTZvV2Z1enJWaUI4bUx1cTE2dVVYaGlLeVdPSWxHV19SSzJkcG44Ql9uQjdPZldjSkVVTDROV0UyTFZOcnRyLVVoSDJTdGdPa2IzWHhSMWtQX0d1bDNSQUhGd241aC1Ud0l1ZkMycWNZc1hiTGxhb0dtdXc0ZmdrX201bmIzeHYyWnE?oc=5\" target=\"_blank\" rel=\"nofollow noopener\">Deux d\u00e9parts imminents au FC Barcelone<\/a>&nbsp;&nbsp;Foot Mercato<\/li>\n<li><a href=\"https:\/\/news.google.com\/rss\/articles\/CBMi1AFBVV95cUxPQnRWaF9hT0J4bjlQNlVXdjZiQkdXQW9KcXdOczZCaGlHTEdYb2ZkTEY0aXl6REpPbTRmXzUwME9lQ3dhNWtWSWJKczgzQnUzQVFJZkR0cHFTQ3EtWGdYOWExLWRhcUNqWXQ1NGg4Ui0wZzcwMzlvZzBSTXlwZWdaNjB4RWJMdDFpR0JkZkRJWWhwM1FtYmMtMnFFZUdJTF9VVTVzMHRkSWxUVlRxSDRZbjFkN0V3OF9YLThndU54ZUxxMS0tMTBHb1lzTDdsNFQwZEk3Mw?oc=5\" target=\"_blank\" rel=\"nofollow noopener\">FC Barcelone mercato : Un Blaugrana se rapproche d&rsquo;un d\u00e9part chez un promu de Liga<\/a>&nbsp;&nbsp;MSN<\/li>\n<li><a href=\"https:\/\/news.google.com\/rss\/articles\/CBMimwFBVV95cUxOQWs3Q29UcE5Vajk4QzJNbENyTzJqMmdRY3Y3VTFaUV9sRUN3RjVnX2p0QkRPZ0ktOWhrTk1DaFlkNXZzUVBZQVdJUWlueEVwOXBvZGx0d2pUQXJuMFVJWXhtMWRvSDZNVlVRY2RYclZYQURjTGRKVVJob2lWMDd2YlZ3enRYTFhQVkxjV3c4TVp6QkhYbDFwY2N4SQ?oc=5\" target=\"_blank\" rel=\"nofollow noopener\">Le Bar\u00e7a va laisser filer un de ses gardiens ! Inaki Pena va \u00eatre pr\u00eat\u00e9<\/a>&nbsp;&nbsp;Les Transferts<\/li>\n<li><a href=\"https:\/\/news.google.com\/rss\/articles\/CBMihgFBVV95cUxNRFJKNXRLNXFUZFpVdkZMdGlYR1hCYXlJdlhndExSZG1kbDROdWhEWHl3U0twTWd1UUo1LUprbndUbnFpekYwYXJvRUdWakpEaVJFU1B1Ynl6MlFjR0FKa2x0ZUc1Tm5xaTdLOFhvRU5mUWlBVzV2N2JXZkozOF9ZSEdxMW5GZw?oc=5\" target=\"_blank\" rel=\"nofollow noopener\">Inaki Pena pourrait faire son chemin vers la Serie A<\/a>&nbsp;&nbsp;Gazeta Express<\/li>\n<\/ol>\n","protected":false},"excerpt":{"rendered":"Bar\u00e7a : Elche va r\u00e9cup\u00e9rer Pe\u00f1a en pr\u00eat&nbsp;&nbsp;Maxifoot Deux d\u00e9parts imminents au FC Barcelone&nbsp;&nbsp;Foot Mercato FC Barcelone mercato&hellip;\n","protected":false},"author":2,"featured_media":343883,"comment_status":"","ping_status":"","sticky":false,"template":"","format":"standard","meta":{"footnotes":""},"categories":[1410],"tags":[63,1011,27,60],"class_list":{"0":"post-343882","1":"post","2":"type-post","3":"status-publish","4":"format-standard","5":"has-post-thumbnail","7":"category-football","8":"tag-football","9":"tag-fr","10":"tag-france","11":"tag-sports"},"share_on_mastodon":{"url":"https:\/\/pubeurope.com\/@fr\/115091916986059614","error":""},"_links":{"self":[{"href":"https:\/\/www.europesays.com\/fr\/wp-json\/wp\/v2\/posts\/343882","targetHints":{"allow":["GET"]}}],"collection":[{"href":"https:\/\/www.europesays.com\/fr\/wp-json\/wp\/v2\/posts"}],"about":[{"href":"https:\/\/www.europesays.com\/fr\/wp-json\/wp\/v2\/types\/post"}],"author":[{"embeddable":true,"href":"https:\/\/www.europesays.com\/fr\/wp-json\/wp\/v2\/users\/2"}],"replies":[{"embeddable":true,"href":"https:\/\/www.europesays.com\/fr\/wp-json\/wp\/v2\/comments?post=343882"}],"version-history":[{"count":0,"href":"https:\/\/www.europesays.com\/fr\/wp-json\/wp\/v2\/posts\/343882\/revisions"}],"wp:featuredmedia":[{"embeddable":true,"href":"https:\/\/www.europesays.com\/fr\/wp-json\/wp\/v2\/media\/343883"}],"wp:attachment":[{"href":"https:\/\/www.europesays.com\/fr\/wp-json\/wp\/v2\/media?parent=343882"}],"wp:term":[{"taxonomy":"category","embeddable":true,"href":"https:\/\/www.europesays.com\/fr\/wp-json\/wp\/v2\/categories?post=343882"},{"taxonomy":"post_tag","embeddable":true,"href":"https:\/\/www.europesays.com\/fr\/wp-json\/wp\/v2\/tags?post=343882"}],"curies":[{"name":"wp","href":"https:\/\/api.w.org\/{rel}","templated":true}]}}