{"id":343886,"date":"2025-08-25T23:08:11","date_gmt":"2025-08-25T23:08:11","guid":{"rendered":"https:\/\/www.europesays.com\/fr\/343886\/"},"modified":"2025-08-25T23:08:11","modified_gmt":"2025-08-25T23:08:11","slug":"a-arles-journees-intimes-dune-favela-liberation","status":"publish","type":"post","link":"https:\/\/www.europesays.com\/fr\/343886\/","title":{"rendered":"A Arles, journ\u00e9es intimes d\u2019une favela \u2013 Lib\u00e9ration"},"content":{"rendered":"<p class=\"sc-ksZaOG ehjQrN text-element\">Ils sont beaux et \u00e9l\u00e9gants avec leurs blousons en cuir, leur coupe afro ou leur salopette. Ils sourient et s\u2019embrassent m\u00eame devant l\u2019objectif. Ils s\u2019appellent Joachim, Elana, Antonio, Quinzim ou Ed\u00e9n\u00e9ia\u2026 Ce sont les habitants aux origines vari\u00e9es d\u2019une favela de Belo Horizonte, au Br\u00e9sil, dans les ann\u00e9es 70 et 80. Tous ont fait confiance aux photographes Jo\u00e3o Mendes et Afonso Pimenta pour tirer leur portrait ou immortaliser une f\u00eate de famille : une naissance, un bapt\u00eame, un mariage ou un anniversaire dans la communaut\u00e9 de Serra\u2026 C\u2019est de la joie et de la bonne humeur que ces r\u00e9sidents d\u2019une des plus grandes favelas du Br\u00e9sil communiquent \u00e0 la pellicule, pendant la dictature militaire, dans la belle exposition \u00abRetratistas do Morro\u00bb \u00e0 Croisi\u00e8re, dans le cadre de <a href=\"https:\/\/www.liberation.fr\/plus\/speciaux-cahier-ete\/le-bresil-en-mille-regards-au-commencement-etait-salgado-20250719_5YJHMIAZ7VHA7FJ7SVY35VMF74\/\" target=\"_blank\" rel=\"noreferrer nofollow noopener\" title=\"https:\/\/www.liberation.fr\/plus\/speciaux-cahier-ete\/le-bresil-en-mille-regards-au-commencement-etait-salgado-20250719_5YJHMIAZ7VHA7FJ7SVY35VMF74\/\">l\u2019ann\u00e9e Br\u00e9sil-France 2025<\/a>. Cette archive aurait pu croupir et dispara\u00eetre. Mais l\u2019artiste Guilherme Cunha, commissaire de l\u2019exposition, a compris l\u2019importance de ces documents qui racontent un pan n\u00e9glig\u00e9 de son pays. \u00abLe Minas Gerais est connu pour ses histoires, c\u2019est une r\u00e9gion o\u00f9 il y a beaucoup de conteurs. A l\u2019origine, on s\u2019est int\u00e9ress\u00e9 \u00e0 l\u2019histoire orale des favelas<\/p>\n","protected":false},"excerpt":{"rendered":"Ils sont beaux et \u00e9l\u00e9gants avec leurs blousons en cuir, leur coupe afro ou leur salopette. Ils sourient&hellip;\n","protected":false},"author":2,"featured_media":343887,"comment_status":"","ping_status":"","sticky":false,"template":"","format":"standard","meta":{"footnotes":""},"categories":[1358],"tags":[1348,1384,1385,2548,1386,58,59,1011,27,4518],"class_list":{"0":"post-343886","1":"post","2":"type-post","3":"status-publish","4":"format-standard","5":"has-post-thumbnail","7":"category-arts-et-design","8":"tag-arts","9":"tag-arts-and-design","10":"tag-arts-et-design","11":"tag-bresil","12":"tag-design","13":"tag-divertissement","14":"tag-entertainment","15":"tag-fr","16":"tag-france","17":"tag-pauvrete"},"share_on_mastodon":{"url":"https:\/\/pubeurope.com\/@fr\/115091924814377964","error":""},"_links":{"self":[{"href":"https:\/\/www.europesays.com\/fr\/wp-json\/wp\/v2\/posts\/343886","targetHints":{"allow":["GET"]}}],"collection":[{"href":"https:\/\/www.europesays.com\/fr\/wp-json\/wp\/v2\/posts"}],"about":[{"href":"https:\/\/www.europesays.com\/fr\/wp-json\/wp\/v2\/types\/post"}],"author":[{"embeddable":true,"href":"https:\/\/www.europesays.com\/fr\/wp-json\/wp\/v2\/users\/2"}],"replies":[{"embeddable":true,"href":"https:\/\/www.europesays.com\/fr\/wp-json\/wp\/v2\/comments?post=343886"}],"version-history":[{"count":0,"href":"https:\/\/www.europesays.com\/fr\/wp-json\/wp\/v2\/posts\/343886\/revisions"}],"wp:featuredmedia":[{"embeddable":true,"href":"https:\/\/www.europesays.com\/fr\/wp-json\/wp\/v2\/media\/343887"}],"wp:attachment":[{"href":"https:\/\/www.europesays.com\/fr\/wp-json\/wp\/v2\/media?parent=343886"}],"wp:term":[{"taxonomy":"category","embeddable":true,"href":"https:\/\/www.europesays.com\/fr\/wp-json\/wp\/v2\/categories?post=343886"},{"taxonomy":"post_tag","embeddable":true,"href":"https:\/\/www.europesays.com\/fr\/wp-json\/wp\/v2\/tags?post=343886"}],"curies":[{"name":"wp","href":"https:\/\/api.w.org\/{rel}","templated":true}]}}