{"id":343888,"date":"2025-08-25T23:09:19","date_gmt":"2025-08-25T23:09:19","guid":{"rendered":"https:\/\/www.europesays.com\/fr\/343888\/"},"modified":"2025-08-25T23:09:19","modified_gmt":"2025-08-25T23:09:19","slug":"lauteure-anne-berest-en-dedicace-mercredi-a-dinard-pour-son-dernier-livre-maville-com-rennes","status":"publish","type":"post","link":"https:\/\/www.europesays.com\/fr\/343888\/","title":{"rendered":"L&#039;auteure Anne Berest en d\u00e9dicace mercredi \u00e0 Dinard pour son dernier livre &#8211; MaVille.com &#8211; Rennes"},"content":{"rendered":"<ol>\n<li><a href=\"https:\/\/news.google.com\/rss\/articles\/CBMi0wFBVV95cUxOUmFpTlhSVFpIV2xNR0xlMlBPWWxxQ1NXUGlBLUJRS0hhVkZSNEFTeWlHaElHRkxKeTUtbnh6LXYyWl83TTN0YjVuSjFNZ0FpTHdrR2lXZnQ3ZnZ2MWhYZzZnbXRWcnJwRndXMEhPRDc1OVNqcm9BSmpUY1d3N2ZEcE1RZ1dPZUlMRXpDQk5GZzR5NWFnZHgtd3FkOXNCYUEzeE02VXJSTkh6WHJwbjVHSURwb2drUnJCTTNOVVNCY3BvOXNrR2Mwc3VZT1BkaThXNmlB?oc=5\" target=\"_blank\" rel=\"noopener\">L&rsquo;auteure Anne Berest en d\u00e9dicace mercredi \u00e0 Dinard pour son dernier livre<\/a>&nbsp;&nbsp;MaVille.com &#8211; Rennes<\/li>\n<li><a href=\"https:\/\/news.google.com\/rss\/articles\/CBMi8gFBVV95cUxQTDVWcC1yamJFR0lHWmM4bHk4dGU4cEZud3JoOUgtcmRUSjJkeExsSWxLLWgycmxUa09JRlVTUkc1cWFNLW9hTkFiYUJCNUg3UEZRNWhEZ2tUM0trWllSaEdwRGhDdnk3dzA4UGgxVE9EWDAzZEdIRlhQbWlkZHZnVWlaem5JZVFseTNTNlNvTDBkRy00ZHphQjlzRndqR3UzNXZGMGZQdnhJVkY0Z3FYMXJtNHlPX1dYWjFSUGV6RDNGWmltVzFRMFcyWTBGUW1XNldadW1mWUZJUkxXWXJmSmhTZzZEZkpQQVdKSUtjenNldw?oc=5\" target=\"_blank\" rel=\"noopener\">L\u2019auteure Anne Berest en d\u00e9dicace mercredi \u00e0 Dinard pour son dernier livre<\/a>&nbsp;&nbsp;Ouest-France<\/li>\n<li><a href=\"https:\/\/news.google.com\/rss\/articles\/CBMiiAFBVV95cUxPWnJBMzRTeFh6TWxXN1RyVHVRd3dKZWdFM0FDMHllSkU5SERrVFF2MHctTmU0UVdZdGxOUk9fN1JxcGZ3M1Z3aUliUnp5eTBMVnhFc21zOEpZeHJKOWx6SzdabjZvSDM3U0FtMDJRWXpMYXhiQ2VzUGlTVC1kaV9aN0psdlJ0QXBE?oc=5\" target=\"_blank\" rel=\"noopener\">Anne Berest : \u00abPour mon p\u00e8re, avoir des filles \u00e9tait \u00e0 la fois un bonheur immense et un embarras\u00bb<\/a>&nbsp;&nbsp;Madame Figaro<\/li>\n<li><a href=\"https:\/\/news.google.com\/rss\/articles\/CBMioAFBVV95cUxOUWlrckpqTmxTeFp3ZzhRaFoteUZ3cU91TFV3ODlvVmFJNk5Tald3TWhhLThadzJUaWxWbXItQ2NZblBsNzVMOUJuNUVwMVY2TU1fWDF3Yzc3TmRWMHN5bDdfWEgySW5yVDVVY1ZfMGdjZXJFQkpMNFhfbkI1VVZJeXMyaFpYSTdJWkktVDBNV1ZndE9CbjZUVUI3ZVozeGFY?oc=5\" target=\"_blank\" rel=\"noopener\">L\u2019\u00e9crivaine Anne Berest revient avec une ode \u00e0 ses racines bretonnes<\/a>&nbsp;&nbsp;24 Heures<\/li>\n<li><a href=\"https:\/\/news.google.com\/rss\/articles\/CBMi2AFBVV95cUxPRHNBVlpYZnJ3Z3BnRlBfWGFFTWdxLTNqSWJISEt3bEozS2VBUDRIVktRTGluQkZJWmRPdDZ4aE8xZmxoOHc4U3IxNnl4dV9lQjlISElwd2pNTkRKTTZvRWVRbWJHOW5oRi1JSFJnMjhTZUUtaTBEVlozTDZmMTJ1M1BzUGFodjdVbXhGMm9WTmF1QWZMWmFDRHVGejRuNDh6b2FtbXRfa0V6TVFrTnhXcEtLWHVlaFJ5OU45aHJFSGxsSXEwb3ZvRnZSbkF1eHZOX0ZmQnYwbE0?oc=5\" target=\"_blank\" rel=\"noopener\">\u00c0 Dinard, Anne Berest d\u00e9dicacera son nouveau roman \u00ab Finist\u00e8re \u00bb ce mercredi<\/a>&nbsp;&nbsp;Le T\u00e9l\u00e9gramme<\/li>\n<\/ol>\n","protected":false},"excerpt":{"rendered":"L&rsquo;auteure Anne Berest en d\u00e9dicace mercredi \u00e0 Dinard pour son dernier livre&nbsp;&nbsp;MaVille.com &#8211; Rennes L\u2019auteure Anne Berest en&hellip;\n","protected":false},"author":2,"featured_media":343889,"comment_status":"","ping_status":"","sticky":false,"template":"","format":"standard","meta":{"footnotes":""},"categories":[1357],"tags":[12010,47982,47983,1379,21073,4431,24351,58,59,1011,27,2003,1380,6774,584],"class_list":{"0":"post-343888","1":"post","2":"type-post","3":"status-publish","4":"format-standard","5":"has-post-thumbnail","7":"category-livres","8":"tag-anne","9":"tag-auteure","10":"tag-berest","11":"tag-books","12":"tag-dedicace","13":"tag-dernier","14":"tag-dinard","15":"tag-divertissement","16":"tag-entertainment","17":"tag-fr","18":"tag-france","19":"tag-livre","20":"tag-livres","21":"tag-mercredi","22":"tag-rennes"},"share_on_mastodon":{"url":"https:\/\/pubeurope.com\/@fr\/115091928783376085","error":""},"_links":{"self":[{"href":"https:\/\/www.europesays.com\/fr\/wp-json\/wp\/v2\/posts\/343888","targetHints":{"allow":["GET"]}}],"collection":[{"href":"https:\/\/www.europesays.com\/fr\/wp-json\/wp\/v2\/posts"}],"about":[{"href":"https:\/\/www.europesays.com\/fr\/wp-json\/wp\/v2\/types\/post"}],"author":[{"embeddable":true,"href":"https:\/\/www.europesays.com\/fr\/wp-json\/wp\/v2\/users\/2"}],"replies":[{"embeddable":true,"href":"https:\/\/www.europesays.com\/fr\/wp-json\/wp\/v2\/comments?post=343888"}],"version-history":[{"count":0,"href":"https:\/\/www.europesays.com\/fr\/wp-json\/wp\/v2\/posts\/343888\/revisions"}],"wp:featuredmedia":[{"embeddable":true,"href":"https:\/\/www.europesays.com\/fr\/wp-json\/wp\/v2\/media\/343889"}],"wp:attachment":[{"href":"https:\/\/www.europesays.com\/fr\/wp-json\/wp\/v2\/media?parent=343888"}],"wp:term":[{"taxonomy":"category","embeddable":true,"href":"https:\/\/www.europesays.com\/fr\/wp-json\/wp\/v2\/categories?post=343888"},{"taxonomy":"post_tag","embeddable":true,"href":"https:\/\/www.europesays.com\/fr\/wp-json\/wp\/v2\/tags?post=343888"}],"curies":[{"name":"wp","href":"https:\/\/api.w.org\/{rel}","templated":true}]}}