{"id":343890,"date":"2025-08-25T23:10:13","date_gmt":"2025-08-25T23:10:13","guid":{"rendered":"https:\/\/www.europesays.com\/fr\/343890\/"},"modified":"2025-08-25T23:10:13","modified_gmt":"2025-08-25T23:10:13","slug":"sarreguemines-the-voice-kids-un-tremplin-musical-en-moselle-est-le-republicain-lorrain","status":"publish","type":"post","link":"https:\/\/www.europesays.com\/fr\/343890\/","title":{"rendered":"Sarreguemines. The Voice Kids, un tremplin musical en Moselle-Est &#8211; Le Republicain Lorrain"},"content":{"rendered":"<ol>\n<li><a href=\"https:\/\/news.google.com\/rss\/articles\/CBMisAFBVV95cUxOZnFjQXJ4bi11d0U2ejdBWDJkV3hGM0kyZlVuUWQtRWtVdHk0dDV5MVl1cG9LUng5aWFPWUhGY2xmN1dfQk93M0NTWW9YMGFzYTNiYUk5V3dYa3ZWR0lhWkFzalF1TGFMOUZwNHJPUHZuM1d3LVRvT2hKMkk0aF90QTZERkI3bWFhdjBfbTd3MERpbVNEN1Q5RnlXZjFXUk9rVmh6SWlYTmNSdlFxcHhDag?oc=5\" target=\"_blank\" rel=\"noopener\">Sarreguemines. The Voice Kids, un tremplin musical en Moselle-Est<\/a>&nbsp;&nbsp;Le Republicain Lorrain<\/li>\n<li><a href=\"https:\/\/news.google.com\/rss\/articles\/CBMikgJBVV95cUxOT1JROEtEWVJlQVRDcTc1aGRiS0RXTV91d0loSVBZQUt6QnlXQVc3U3ppYVNzMWtXNTVHN1dlSkFOQ1FIaGl0MUI4ZUMwTk5rMUMzOGpiRUJ3eTVEbDA2M0hveVNqVlRJcjAtdXMzVGltV3IxX20xUVYzQkdCaEhZUndsLXFYMUNOQmJsSlBhNzBraU0zTUpYT3dFd0NVU2t4bWtCbkoxOXVZNG5lTS10cjZjQWZZaTdWSDh5bU9mbzBCekQyUnBGaGY1bHFnRUFwa2VZai1hVGpjQm1qRVR4MXZWS3dPeGU4YzFJTUJGTS1SUFlBd1NiU1RONndNeTQ2dlhYa0R5UzF4QmVZcDZRTUpB?oc=5\" target=\"_blank\" rel=\"noopener\">Forbach. De candidate \u00e0 coach vocale aux c\u00f4t\u00e9s de Matt Pokora : Marina D\u2019Amico continue d\u2019accompagner les jeunes talents de la r\u00e9gion<\/a>&nbsp;&nbsp;Le Republicain Lorrain<\/li>\n<li><a href=\"https:\/\/news.google.com\/rss\/articles\/CBMikgFBVV95cUxNdElfWF92N2tmalh1RHBGODV4akh5YVQ1ZVBWZ3JRUUNCT1lmZGdoUWstWDRlalhlb0xRRjE0SFR6MzRTMTNORjF1ZTZzMlVzUzAzalNkc2hLcV9xZmJCbzJLc2ctYUQ5MUtBZVoxZkZkWl85UUk4Y0FHaV9JVVNfaWVBQ0lKcndoaWw4bGozQW8xdw?oc=5\" target=\"_blank\" rel=\"noopener\">The Voice Kids saison 11 : le t\u00e9l\u00e9-crochet de retour sur TF1<\/a>&nbsp;&nbsp;Sortir \u00e0 Paris<\/li>\n<li><a href=\"https:\/\/news.google.com\/rss\/articles\/CBMi3gFBVV95cUxQbTFpN2R6QnRVSkVMMnJ6eGs5dUZwRWxtamhTb2FiT1NFdWVPOE9HX2poMkhkUXlCbGlOdHloX0hYdHA5TXdyY2t2RXluM1BDNDlHaFF0REgxTlpLUVZXakM4MnFOMm5udE9MX3BGVXhQYUVqdFZRNVB0SGJDQlFJSV9sR2ZjSmppRnRqVU8ydDBuNmM5dnBJWVZtQlhEWE8xdXZhYlVLaEFaaXhwYkFwdWlmNXJ5cXIzenhITjhKMW5KSVpwblBUVllCZVg4VmhBRl9mNmVKLUQySTBVd2c?oc=5\" target=\"_blank\" rel=\"noopener\">Santa, Patrick Fiori, Soprano et Matt Pokora (The Voice Kids) : \u00ab\u00a0\u00catre coach, c&rsquo;est une grande responsabilit\u00e9\u00a0\u00bb<\/a>&nbsp;&nbsp;programme-tv.net<\/li>\n<li><a href=\"https:\/\/news.google.com\/rss\/articles\/CBMicEFVX3lxTE1lNEE3cDJfSHBuQWVrUWNCX0FFd1FFaGVrOWdfTnlfU1VuRjRqZUhfRE02R01sRE1UUFQzcjRRQ21XbUtKNXFsUnlIWHB1enhDYlFxY2Fvdi0ycjlWX2szLXIyb3RiYlI2STNvc2gtTWI?oc=5\" target=\"_blank\" rel=\"noopener\">The Voice Kids 2025 : surprise, TF1 annonce des nouvelles r\u00e8gles !<\/a>&nbsp;&nbsp;AlloCin\u00e9<\/li>\n<\/ol>\n","protected":false},"excerpt":{"rendered":"Sarreguemines. The Voice Kids, un tremplin musical en Moselle-Est&nbsp;&nbsp;Le Republicain Lorrain Forbach. De candidate \u00e0 coach vocale aux&hellip;\n","protected":false},"author":2,"featured_media":343891,"comment_status":"","ping_status":"","sticky":false,"template":"","format":"standard","meta":{"footnotes":""},"categories":[1356],"tags":[1687,58,4141,15835,5327,6114,59,1011,27,873,25411,25412,252,1364],"class_list":{"0":"post-343890","1":"post","2":"type-post","3":"status-publish","4":"format-standard","5":"has-post-thumbnail","7":"category-television","8":"tag-culture-loisirs","9":"tag-divertissement","10":"tag-edition-forbach","11":"tag-edition-saint-avold-creutzwald","12":"tag-edition-sarrebourg-chateau-salins","13":"tag-edition-sarreguemines-bitche","14":"tag-entertainment","15":"tag-fr","16":"tag-france","17":"tag-musique","18":"tag-sarreguemines","19":"tag-sarreguemines-ville-57d","20":"tag-television","21":"tag-tv"},"share_on_mastodon":{"url":"https:\/\/pubeurope.com\/@fr\/115091932670830995","error":""},"_links":{"self":[{"href":"https:\/\/www.europesays.com\/fr\/wp-json\/wp\/v2\/posts\/343890","targetHints":{"allow":["GET"]}}],"collection":[{"href":"https:\/\/www.europesays.com\/fr\/wp-json\/wp\/v2\/posts"}],"about":[{"href":"https:\/\/www.europesays.com\/fr\/wp-json\/wp\/v2\/types\/post"}],"author":[{"embeddable":true,"href":"https:\/\/www.europesays.com\/fr\/wp-json\/wp\/v2\/users\/2"}],"replies":[{"embeddable":true,"href":"https:\/\/www.europesays.com\/fr\/wp-json\/wp\/v2\/comments?post=343890"}],"version-history":[{"count":0,"href":"https:\/\/www.europesays.com\/fr\/wp-json\/wp\/v2\/posts\/343890\/revisions"}],"wp:featuredmedia":[{"embeddable":true,"href":"https:\/\/www.europesays.com\/fr\/wp-json\/wp\/v2\/media\/343891"}],"wp:attachment":[{"href":"https:\/\/www.europesays.com\/fr\/wp-json\/wp\/v2\/media?parent=343890"}],"wp:term":[{"taxonomy":"category","embeddable":true,"href":"https:\/\/www.europesays.com\/fr\/wp-json\/wp\/v2\/categories?post=343890"},{"taxonomy":"post_tag","embeddable":true,"href":"https:\/\/www.europesays.com\/fr\/wp-json\/wp\/v2\/tags?post=343890"}],"curies":[{"name":"wp","href":"https:\/\/api.w.org\/{rel}","templated":true}]}}