{"id":343898,"date":"2025-08-25T23:14:10","date_gmt":"2025-08-25T23:14:10","guid":{"rendered":"https:\/\/www.europesays.com\/fr\/343898\/"},"modified":"2025-08-25T23:14:10","modified_gmt":"2025-08-25T23:14:10","slug":"on-a-survendu-la-bagarre","status":"publish","type":"post","link":"https:\/\/www.europesays.com\/fr\/343898\/","title":{"rendered":"\u00ab\u00a0On a survendu la bagarre\u00a0\u00bb,"},"content":{"rendered":"<p>\u00ab\u00a0Violence inou\u00efe ? J&rsquo;ai cru que c&rsquo;\u00e9tait du MMA !\u00a0\u00bb La formule est sign\u00e9e \u00c9ric Di Meco, et le ton est donn\u00e9. L&rsquo;ancien d\u00e9fenseur de l&rsquo;OM ne cache pas son scepticisme face \u00e0 <a href=\"https:\/\/www.laprovence.com\/article\/om\/61846057798340\/violence-extreme-aucune-excuse-et-decision-non-negociable-lom-donne-sa-version-de-laffaire-rabiot\" target=\"_blank\" rel=\"noopener\">la version livr\u00e9e par la direction du club<\/a> au sujet de l&rsquo;altercation entre Adrien Rabiot et Jonathan Rowe dans le vestiaire rennais.<\/p>\n<p><a href=\"https:\/\/rmcsport.bfmtv.com\/football\/ligue-1\/on-nous-a-pris-pour-des-jambons-di-meco-questionne-la-version-de-l-om-dans-l-affaire-rabiot_AV-202508250675.html\" target=\"_blank\" rel=\"noopener\">Invit\u00e9 de l&rsquo;\u00e9mission Rothen s&rsquo;enflamme sur RMC<\/a> ce lundi soir, Di Meco a vivement remis en question la gravit\u00e9 pr\u00eat\u00e9e \u00e0 l&rsquo;altercation entre Adrien Rabiot et Jonathan Rowe : \u00ab\u00a0On nous a survendu la bagarre. La semaine derni\u00e8re, on nous a pris pour des jambons et je vois que certains ont plong\u00e9 la t\u00eate la premi\u00e8re.\u00a0\u00bb<\/p>\n<p>Selon lui, <a href=\"https:\/\/www.laprovence.com\/article\/om\/17826609329445\/affaire-rabiot-le-proprietaire-de-lom-frank-mccourt-apporte-son-soutien-aux-dirigeants-et-a-lentraineur\" target=\"_blank\" rel=\"noopener\">les d\u00e9clarations de Pablo Longoria<\/a> ne tiennent pas : \u00ab\u00a0On sait aujourd&rsquo;hui que le coach souhaite que Rabiot r\u00e9int\u00e8gre le vestiaire. Si De Zerbi n&rsquo;avait jamais rien vu d&rsquo;aussi violent durant la bagarre, jamais il n&rsquo;aurait rouvert la porte \u00e0 Adrien Rabiot. Donc \u00e7a nous explique ce qui s&rsquo;est vraiment pass\u00e9, c&rsquo;est-\u00e0-dire une baston de vestiaire. On en a tous connu.\u00a0\u00bb<\/p>\n<p>Il va m\u00eame plus loin en \u00e9voquant les coulisses du vestiaire marseillais d&rsquo;avant : \u00ab\u00a0Heureusement que les dirigeants d&rsquo;aujourd&rsquo;hui n&rsquo;\u00e9taient pas dirigeants \u00e0 l&rsquo;\u00e9poque, sinon je n&rsquo;aurais pas jou\u00e9 <a href=\"https:\/\/www.laprovence.com\/article\/om\/5340839163673114\/om-26-mai-1993-les-coulisses-dun-sacre-redecouvrez-notre-documentaire-collector\" target=\"_blank\" rel=\"noopener\">la finale de la Ligue des champions 1993<\/a>, Basile (Boli) non plus, parce qu&rsquo;on s&rsquo;est battus dans le bus en partant du stade V\u00e9lodrome pour aller \u00e0 Munich.\u00a0\u00bb<\/p>\n<p>Pour Di Meco, la d\u00e9cision de sanctionner Rabiot interroge : \u00ab\u00a0On nous a expliqu\u00e9 que le vestiaire \u00e9tait choqu\u00e9 par la bagarre. Mais je reste persuad\u00e9 que les Hojbjerg et autres ont d\u00fb dire : \u2018Comment c&rsquo;est possible de virer un joueur pour \u00e7a ?&rsquo; Ils ont plut\u00f4t \u00e9t\u00e9 choqu\u00e9s par ce qu&rsquo;on a fait \u00e0 Rabiot.\u00a0\u00bb<\/p>\n","protected":false},"excerpt":{"rendered":"\u00ab\u00a0Violence inou\u00efe ? J&rsquo;ai cru que c&rsquo;\u00e9tait du MMA !\u00a0\u00bb La formule est sign\u00e9e \u00c9ric Di Meco, et&hellip;\n","protected":false},"author":2,"featured_media":343899,"comment_status":"","ping_status":"","sticky":false,"template":"","format":"standard","meta":{"footnotes":""},"categories":[9],"tags":[17,13060,10737,2511,1011,27,149,5241,4029,60,47990,7919],"class_list":{"0":"post-343898","1":"post","2":"type-post","3":"status-publish","4":"format-standard","5":"has-post-thumbnail","7":"category-sports","8":"tag-17","9":"tag-affaire","10":"tag-bagarre","11":"tag-cest","12":"tag-fr","13":"tag-france","14":"tag-om","15":"tag-on","16":"tag-rabiot","17":"tag-sports","18":"tag-survendu","19":"tag-vent"},"share_on_mastodon":{"url":"https:\/\/pubeurope.com\/@fr\/115091948393184036","error":""},"_links":{"self":[{"href":"https:\/\/www.europesays.com\/fr\/wp-json\/wp\/v2\/posts\/343898","targetHints":{"allow":["GET"]}}],"collection":[{"href":"https:\/\/www.europesays.com\/fr\/wp-json\/wp\/v2\/posts"}],"about":[{"href":"https:\/\/www.europesays.com\/fr\/wp-json\/wp\/v2\/types\/post"}],"author":[{"embeddable":true,"href":"https:\/\/www.europesays.com\/fr\/wp-json\/wp\/v2\/users\/2"}],"replies":[{"embeddable":true,"href":"https:\/\/www.europesays.com\/fr\/wp-json\/wp\/v2\/comments?post=343898"}],"version-history":[{"count":0,"href":"https:\/\/www.europesays.com\/fr\/wp-json\/wp\/v2\/posts\/343898\/revisions"}],"wp:featuredmedia":[{"embeddable":true,"href":"https:\/\/www.europesays.com\/fr\/wp-json\/wp\/v2\/media\/343899"}],"wp:attachment":[{"href":"https:\/\/www.europesays.com\/fr\/wp-json\/wp\/v2\/media?parent=343898"}],"wp:term":[{"taxonomy":"category","embeddable":true,"href":"https:\/\/www.europesays.com\/fr\/wp-json\/wp\/v2\/categories?post=343898"},{"taxonomy":"post_tag","embeddable":true,"href":"https:\/\/www.europesays.com\/fr\/wp-json\/wp\/v2\/tags?post=343898"}],"curies":[{"name":"wp","href":"https:\/\/api.w.org\/{rel}","templated":true}]}}