{"id":343906,"date":"2025-08-25T23:18:12","date_gmt":"2025-08-25T23:18:12","guid":{"rendered":"https:\/\/www.europesays.com\/fr\/343906\/"},"modified":"2025-08-25T23:18:12","modified_gmt":"2025-08-25T23:18:12","slug":"benyamin-netanyahou-deplore-un-tragique-accident-apres-le-bombardement-israelien-de-lhopital-nasser-qui-a-fait-20-morts-dont-5-journalistes","status":"publish","type":"post","link":"https:\/\/www.europesays.com\/fr\/343906\/","title":{"rendered":"Benyamin N\u00e9tanyahou d\u00e9plore un \u00ab\u00a0tragique accident\u00a0\u00bb apr\u00e8s le bombardement isra\u00e9lien de l\u2019h\u00f4pital Nasser, qui a fait 20\u00a0morts, dont 5\u00a0journalistes"},"content":{"rendered":"<p>   Le Hamas a cr\u00e9\u00e9 \u00ab\u00a0des conditions de combat impossibles\u00a0\u00bb, affirme l\u2019arm\u00e9e isra\u00e9lienne apr\u00e8s le bombardement de l\u2019h\u00f4pital Nasser              <\/p>\n<p class=\"post__live-container--answer-text post__space-node\">\u00ab\u00a0Le reportage dans une zone de guerre active comporte d\u2019immenses risques, en particulier dans une guerre avec une organisation terroriste comme le Hamas, qui se cache cyniquement derri\u00e8re la population civile\u00a0\u00bb, a d\u00e9clar\u00e9 Effi Defrin, porte-parole de l\u2019arm\u00e9e isra\u00e9lienne, dans une <a href=\"https:\/\/www.youtube.com\/watch?v=1-GQx2xXuOU\" target=\"_blank\" rel=\"noopener nofollow\" title=\"Nouvelle fen\u00eatre\">allocution diffus\u00e9e sur YouTube<\/a> apr\u00e8s le bombardement de l\u2019h\u00f4pital Nasser, dans le sud de la bande de Gaza, qui a caus\u00e9 la mort de 20\u00a0personnes, dont cinq journalistes.<\/p>\n<p class=\"post__live-container--answer-text post__space-node\">\u00ab\u00a0Nous op\u00e9rons dans une r\u00e9alit\u00e9 extr\u00eamement complexe. Les terroristes du Hamas utilisent d\u00e9lib\u00e9r\u00e9ment des infrastructures civiles, y compris des h\u00f4pitaux, comme boucliers. Ils ont m\u00eame op\u00e9r\u00e9 depuis l\u2019h\u00f4pital Nasser lui-m\u00eame\u00a0\u00bb, poursuit-il.<\/p>\n<p class=\"post__live-container--answer-text post__space-node\">\u00ab\u00a0Le Hamas a commenc\u00e9 cette guerre, a cr\u00e9\u00e9 des conditions de combat impossibles et emp\u00eache sa fin en retenant toujours 50\u00a0otages. (\u2026)\u00a0Cela dit, en tant qu\u2019arm\u00e9e professionnelle, attach\u00e9e au droit international, nous sommes tenus de mener des enqu\u00eates approfondies et professionnelles sur nos op\u00e9rations\u00a0\u00bb, souligne l\u2019officier, rappelant que le chef d\u2019\u00e9tat-major a ordonn\u00e9 l\u2019ouverture imm\u00e9diate d\u2019une telle enqu\u00eate.<\/p>\n<p class=\"post__live-container--answer-text post__space-node\">\u00ab\u00a0Nous regrettons tout pr\u00e9judice caus\u00e9 \u00e0 des personnes non impliqu\u00e9es et sommes d\u00e9termin\u00e9s \u00e0 poursuivre la lutte contre le Hamas, tout en prenant toutes les pr\u00e9cautions n\u00e9cessaires\u00a0\u00bb, ajoute-t-il.<\/p>\n","protected":false},"excerpt":{"rendered":"Le Hamas a cr\u00e9\u00e9 \u00ab\u00a0des conditions de combat impossibles\u00a0\u00bb, affirme l\u2019arm\u00e9e isra\u00e9lienne apr\u00e8s le bombardement de l\u2019h\u00f4pital Nasser&hellip;\n","protected":false},"author":2,"featured_media":343907,"comment_status":"","ping_status":"","sticky":false,"template":"","format":"standard","meta":{"footnotes":""},"categories":[5],"tags":[11,1011,27,14,12,28],"class_list":{"0":"post-343906","1":"post","2":"type-post","3":"status-publish","4":"format-standard","5":"has-post-thumbnail","7":"category-international","8":"tag-actualites","9":"tag-fr","10":"tag-france","11":"tag-international","12":"tag-news","13":"tag-world"},"share_on_mastodon":{"url":"https:\/\/pubeurope.com\/@fr\/115091964189048222","error":""},"_links":{"self":[{"href":"https:\/\/www.europesays.com\/fr\/wp-json\/wp\/v2\/posts\/343906","targetHints":{"allow":["GET"]}}],"collection":[{"href":"https:\/\/www.europesays.com\/fr\/wp-json\/wp\/v2\/posts"}],"about":[{"href":"https:\/\/www.europesays.com\/fr\/wp-json\/wp\/v2\/types\/post"}],"author":[{"embeddable":true,"href":"https:\/\/www.europesays.com\/fr\/wp-json\/wp\/v2\/users\/2"}],"replies":[{"embeddable":true,"href":"https:\/\/www.europesays.com\/fr\/wp-json\/wp\/v2\/comments?post=343906"}],"version-history":[{"count":0,"href":"https:\/\/www.europesays.com\/fr\/wp-json\/wp\/v2\/posts\/343906\/revisions"}],"wp:featuredmedia":[{"embeddable":true,"href":"https:\/\/www.europesays.com\/fr\/wp-json\/wp\/v2\/media\/343907"}],"wp:attachment":[{"href":"https:\/\/www.europesays.com\/fr\/wp-json\/wp\/v2\/media?parent=343906"}],"wp:term":[{"taxonomy":"category","embeddable":true,"href":"https:\/\/www.europesays.com\/fr\/wp-json\/wp\/v2\/categories?post=343906"},{"taxonomy":"post_tag","embeddable":true,"href":"https:\/\/www.europesays.com\/fr\/wp-json\/wp\/v2\/tags?post=343906"}],"curies":[{"name":"wp","href":"https:\/\/api.w.org\/{rel}","templated":true}]}}