{"id":343912,"date":"2025-08-25T23:21:23","date_gmt":"2025-08-25T23:21:23","guid":{"rendered":"https:\/\/www.europesays.com\/fr\/343912\/"},"modified":"2025-08-25T23:21:23","modified_gmt":"2025-08-25T23:21:23","slug":"football-ligue-2-sur-quelle-chaine-regarder-asse","status":"publish","type":"post","link":"https:\/\/www.europesays.com\/fr\/343912\/","title":{"rendered":"Football. Ligue 2 : sur quelle cha\u00eene regarder ASSE"},"content":{"rendered":"<p>Deux formations \u00e0 l&rsquo;oppos\u00e9 au classement. Ce samedi, l&rsquo;AS Saint-\u00c9tienne, vainqueure de Boulogne-sur-Mer lors de la troisi\u00e8me journ\u00e9e de Ligue 2 (<a href=\"https:\/\/www.ledauphine.com\/sport\/2025\/08\/23\/l-asse-assure-l-essentiel\" target=\"_blank\" rel=\"noopener\">1-0<\/a>), accueille le GF38 qui s&rsquo;est inclin\u00e9 \u00e0 Clermont-Ferrand vendredi (<a href=\"https:\/\/www.ledauphine.com\/sport\/2025\/08\/22\/deux-buts-concedes-coup-sur-coup-et-toujours-pas-de-victoire-pour-le-gf38-a-clermont\" target=\"_blank\" rel=\"noopener\">2-1<\/a>). Avant de d\u00e9buter la quatri\u00e8me \u00e9ch\u00e9ance, les Is\u00e9rois pointent \u00e0 la 16e place tandis que les Verts occupent le fauteuil de leader.\u00a0<\/p>\n<p><a href=\"https:\/\/www.ledauphine.com\/sport\/calendrier-resultats\/football\/national-ligue-2\" target=\"_blank\" rel=\"noopener\"><strong>&gt;&gt;\u00a0Les r\u00e9sultats, le classement et le calendrier de Ligue 2<\/strong><\/a><\/p>\n<p>Lors de la saison 2023\/2024, le GF38 \u00e9tait parvenu \u00e0 battre les For\u00e9ziens dans le Chaudron (<a href=\"https:\/\/www.ledauphine.com\/sport\/2023\/08\/05\/saint-etienne-gf38-affiche-de-gala-pour-lancer-la-nouvelle-saison\" target=\"_blank\" rel=\"noopener\">1-0<\/a>). Au match retour, les St\u00e9phanois avaient pris le meilleur sur leur voisin (<a href=\"https:\/\/www.ledauphine.com\/sport\/2024\/04\/23\/ligue-2-affluence-record-ambiance-de-feu-suivez-le-choc-entre-le-gf38-et-l-asse\" target=\"_blank\" rel=\"noopener\">0-2<\/a>).\u00a0<\/p>\n<p>La rencontre sera retransmise sur BeIN Sports 1 et en direct\u00a0sur notre site internet en direct.<\/p>\n","protected":false},"excerpt":{"rendered":"Deux formations \u00e0 l&rsquo;oppos\u00e9 au classement. Ce samedi, l&rsquo;AS Saint-\u00c9tienne, vainqueure de Boulogne-sur-Mer lors de la troisi\u00e8me journ\u00e9e&hellip;\n","protected":false},"author":2,"featured_media":343913,"comment_status":"","ping_status":"","sticky":false,"template":"","format":"standard","meta":{"footnotes":""},"categories":[9653],"tags":[1111,11,9443,2430,112,113,114,1777,674,1701,1011,27,12637,2731,2732,108,12636,3367,1985,12,25,4001,517,1947,2205],"class_list":{"0":"post-343912","1":"post","2":"type-post","3":"status-publish","4":"format-standard","5":"has-post-thumbnail","7":"category-saint-etienne","8":"tag-actu","9":"tag-actualites","10":"tag-asse-as-saint-etienne","11":"tag-auvergne-rhone-alpes","12":"tag-edition-grenoble-agglomeration","13":"tag-edition-gresivaudan-oisans","14":"tag-edition-voiron-saint-marcellin","15":"tag-eu","16":"tag-europe","17":"tag-fil-info-sport","18":"tag-fr","19":"tag-france","20":"tag-gf38-grenoble-foot-38","21":"tag-grenoble","22":"tag-grenoble-bassin","23":"tag-isere","24":"tag-ligue-2-football","25":"tag-loire","26":"tag-metropole-de-grenoble","27":"tag-news","28":"tag-republique-francaise","29":"tag-saint-etienne","30":"tag-sport","31":"tag-sport-national","32":"tag-television-medias"},"share_on_mastodon":{"url":"https:\/\/pubeurope.com\/@fr\/115091975964193281","error":""},"_links":{"self":[{"href":"https:\/\/www.europesays.com\/fr\/wp-json\/wp\/v2\/posts\/343912","targetHints":{"allow":["GET"]}}],"collection":[{"href":"https:\/\/www.europesays.com\/fr\/wp-json\/wp\/v2\/posts"}],"about":[{"href":"https:\/\/www.europesays.com\/fr\/wp-json\/wp\/v2\/types\/post"}],"author":[{"embeddable":true,"href":"https:\/\/www.europesays.com\/fr\/wp-json\/wp\/v2\/users\/2"}],"replies":[{"embeddable":true,"href":"https:\/\/www.europesays.com\/fr\/wp-json\/wp\/v2\/comments?post=343912"}],"version-history":[{"count":0,"href":"https:\/\/www.europesays.com\/fr\/wp-json\/wp\/v2\/posts\/343912\/revisions"}],"wp:featuredmedia":[{"embeddable":true,"href":"https:\/\/www.europesays.com\/fr\/wp-json\/wp\/v2\/media\/343913"}],"wp:attachment":[{"href":"https:\/\/www.europesays.com\/fr\/wp-json\/wp\/v2\/media?parent=343912"}],"wp:term":[{"taxonomy":"category","embeddable":true,"href":"https:\/\/www.europesays.com\/fr\/wp-json\/wp\/v2\/categories?post=343912"},{"taxonomy":"post_tag","embeddable":true,"href":"https:\/\/www.europesays.com\/fr\/wp-json\/wp\/v2\/tags?post=343912"}],"curies":[{"name":"wp","href":"https:\/\/api.w.org\/{rel}","templated":true}]}}