{"id":343917,"date":"2025-08-25T23:28:11","date_gmt":"2025-08-25T23:28:11","guid":{"rendered":"https:\/\/www.europesays.com\/fr\/343917\/"},"modified":"2025-08-25T23:28:11","modified_gmt":"2025-08-25T23:28:11","slug":"macron-et-merz-se-retrouvent-a-toulon-pour-la-defense-europeenne","status":"publish","type":"post","link":"https:\/\/www.europesays.com\/fr\/343917\/","title":{"rendered":"Macron et Merz se retrouvent \u00e0 Toulon pour la d\u00e9fense europ\u00e9enne"},"content":{"rendered":"\n<p>La Rade vivra un moment d\u2019histoire, vendredi, avec l\u2019organisation du 26e\u00a0Conseil des ministres franco-allemand. Apr\u00e8s une r\u00e9union priv\u00e9e avec le chancelier allemand Friedrich Merz, jeudi soir \u00e0 Br\u00e9gan\u00e7on, le Pr\u00e9sident Emmanuel Macron recevra son h\u00f4te, vendredi \u00e0 la Pr\u00e9fecture maritime, en compagnie de dix ministres de part et d\u2019autre, qui contribueront aux r\u00e9unions selon les sujets.<\/p>\n<p>Le point central sera la n\u00e9cessit\u00e9 de renforcer le couple franco-allemand dans l\u2019optique d\u2019une d\u00e9fense europ\u00e9enne forte. Premier pilier\u00a0: le besoin de convergence sur les enjeux technologiques, strat\u00e9giques et militaires, pour \u00eatre dans la comp\u00e9tition internationale via l\u2019all\u00e8gement des contraintes normatives. Second pilier\u00a0: des projets industriels et politiques coordonn\u00e9s, pour une Europe plus cr\u00e9dible et efficace. Seront abord\u00e9s la gestion des fronti\u00e8res et de l\u2019\u00e9conomie, pour que Bruxelles dispose des outils budg\u00e9taires n\u00e9cessaires.<\/p>\n<p>Les discussions seront organis\u00e9es en trois sessions pl\u00e9ni\u00e8res, qui aborderont d\u2019abord la strat\u00e9gie industrielle et la souverainet\u00e9 sur des sujets li\u00e9s au num\u00e9rique et \u00e0 l\u2019espace notamment (tels que l\u2019IA). La seconde session aura pour but de faire converger les r\u00e9formes \u00e9conomiques et sociales. Sur les bases de ces \u00e9changes, les sujets de s\u00e9curit\u00e9 et de d\u00e9fense seront, ensuite, d\u00e9velopp\u00e9s, avec, en filigrane, les grands sujets internationaux (Ukraine, Iran et Palestine en t\u00eate).<\/p>\n","protected":false},"excerpt":{"rendered":"La Rade vivra un moment d\u2019histoire, vendredi, avec l\u2019organisation du 26e\u00a0Conseil des ministres franco-allemand. Apr\u00e8s une r\u00e9union priv\u00e9e&hellip;\n","protected":false},"author":2,"featured_media":343918,"comment_status":"","ping_status":"","sticky":false,"template":"","format":"standard","meta":{"footnotes":""},"categories":[9619],"tags":[1111,11,1777,674,1011,27,2861,12,882,25,2310],"class_list":{"0":"post-343917","1":"post","2":"type-post","3":"status-publish","4":"format-standard","5":"has-post-thumbnail","7":"category-toulon","8":"tag-actu","9":"tag-actualites","10":"tag-eu","11":"tag-europe","12":"tag-fr","13":"tag-france","14":"tag-gestion","15":"tag-news","16":"tag-provence-alpes-cote-dazur","17":"tag-republique-francaise","18":"tag-toulon"},"share_on_mastodon":{"url":"https:\/\/pubeurope.com\/@fr\/115092003469794092","error":""},"_links":{"self":[{"href":"https:\/\/www.europesays.com\/fr\/wp-json\/wp\/v2\/posts\/343917","targetHints":{"allow":["GET"]}}],"collection":[{"href":"https:\/\/www.europesays.com\/fr\/wp-json\/wp\/v2\/posts"}],"about":[{"href":"https:\/\/www.europesays.com\/fr\/wp-json\/wp\/v2\/types\/post"}],"author":[{"embeddable":true,"href":"https:\/\/www.europesays.com\/fr\/wp-json\/wp\/v2\/users\/2"}],"replies":[{"embeddable":true,"href":"https:\/\/www.europesays.com\/fr\/wp-json\/wp\/v2\/comments?post=343917"}],"version-history":[{"count":0,"href":"https:\/\/www.europesays.com\/fr\/wp-json\/wp\/v2\/posts\/343917\/revisions"}],"wp:featuredmedia":[{"embeddable":true,"href":"https:\/\/www.europesays.com\/fr\/wp-json\/wp\/v2\/media\/343918"}],"wp:attachment":[{"href":"https:\/\/www.europesays.com\/fr\/wp-json\/wp\/v2\/media?parent=343917"}],"wp:term":[{"taxonomy":"category","embeddable":true,"href":"https:\/\/www.europesays.com\/fr\/wp-json\/wp\/v2\/categories?post=343917"},{"taxonomy":"post_tag","embeddable":true,"href":"https:\/\/www.europesays.com\/fr\/wp-json\/wp\/v2\/tags?post=343917"}],"curies":[{"name":"wp","href":"https:\/\/api.w.org\/{rel}","templated":true}]}}