{"id":343919,"date":"2025-08-25T23:29:13","date_gmt":"2025-08-25T23:29:13","guid":{"rendered":"https:\/\/www.europesays.com\/fr\/343919\/"},"modified":"2025-08-25T23:29:13","modified_gmt":"2025-08-25T23:29:13","slug":"previsions-du-mardi-26-aout-2025","status":"publish","type":"post","link":"https:\/\/www.europesays.com\/fr\/343919\/","title":{"rendered":"pr\u00e9visions du mardi 26 ao\u00fbt 2025"},"content":{"rendered":"<p>\u00c0 Montpellier les valeurs s&rsquo;\u00e9chelonneront entre 20 et 27\u00b0C pendant la journ\u00e9e. Des \u00e9claircies feront leur apparition dans la matin\u00e9e. Il fera en moyenne 24\u00b0C. Un vent de nord-est soufflera l\u00e9g\u00e8rement, avec 9 km\/h. L&rsquo;apr\u00e8s-midi qui s&rsquo;annonce, promet d&rsquo;\u00eatre beau et ensoleill\u00e9 ! Les temp\u00e9ratures afficheront entre 25 et 27\u00b0C. Le ciel va quelque peu se d\u00e9gager dans la soir\u00e9e avec des \u00e9claircies. Le thermom\u00e8tre affichera 23\u00b0C en moyenne. Le passage de mardi \u00e0 mercredi s&rsquo;effectuera sous un ciel clair.<\/p>\n<p>La grisaille ne se disperse toujours pas, il y aura encore des nuages demain. Montpellier se retrouvera sous des valeurs d&rsquo;environ 24\u00b0C. Une l\u00e9g\u00e8re brise de sud-est sera ressentie par les habitants. Encore de la grisaille le matin. Les nuages vont s&rsquo;attarder. Le temps sera ponctu\u00e9 par des pluies \u00e9parses. Il va faire 24\u00b0C en moyenne. Le soleil sera dominant, la garantie d&rsquo;un magnifique apr\u00e8s-midi ! Les temp\u00e9ratures seront de 25\u00b0C au minimum et de 26\u00b0C au maximum. Le soleil fera d\u00e9faut demain soir, car le ciel sera couvert par des nuages. Il faudra pr\u00e9voir son parapluie pour \u00e9viter les pluies \u00e9parses. On anticipe des valeurs avoisinant 23\u00b0C.<\/p>\n<p>La m\u00e9t\u00e9o des journ\u00e9es suivantes va changer peu \u00e0 peu. Les conditions m\u00e9t\u00e9orologiques se maintiendront jeudi mais une am\u00e9lioration s&rsquo;ensuivra vendredi.<\/p>\n<p><\/p>\n","protected":false},"excerpt":{"rendered":"\u00c0 Montpellier les valeurs s&rsquo;\u00e9chelonneront entre 20 et 27\u00b0C pendant la journ\u00e9e. Des \u00e9claircies feront leur apparition dans&hellip;\n","protected":false},"author":2,"featured_media":343920,"comment_status":"","ping_status":"","sticky":false,"template":"","format":"standard","meta":{"footnotes":""},"categories":[9599],"tags":[1111,11,1777,674,1011,27,7089,2681,2208,12,2680,2119,25],"class_list":{"0":"post-343919","1":"post","2":"type-post","3":"status-publish","4":"format-standard","5":"has-post-thumbnail","7":"category-montpellier","8":"tag-actu","9":"tag-actualites","10":"tag-eu","11":"tag-europe","12":"tag-fr","13":"tag-france","14":"tag-herault","15":"tag-languedoc-roussillon","16":"tag-montpellier","17":"tag-news","18":"tag-occitanie","19":"tag-previsions-meteo","20":"tag-republique-francaise"},"share_on_mastodon":{"url":"https:\/\/pubeurope.com\/@fr\/115092007507358263","error":""},"_links":{"self":[{"href":"https:\/\/www.europesays.com\/fr\/wp-json\/wp\/v2\/posts\/343919","targetHints":{"allow":["GET"]}}],"collection":[{"href":"https:\/\/www.europesays.com\/fr\/wp-json\/wp\/v2\/posts"}],"about":[{"href":"https:\/\/www.europesays.com\/fr\/wp-json\/wp\/v2\/types\/post"}],"author":[{"embeddable":true,"href":"https:\/\/www.europesays.com\/fr\/wp-json\/wp\/v2\/users\/2"}],"replies":[{"embeddable":true,"href":"https:\/\/www.europesays.com\/fr\/wp-json\/wp\/v2\/comments?post=343919"}],"version-history":[{"count":0,"href":"https:\/\/www.europesays.com\/fr\/wp-json\/wp\/v2\/posts\/343919\/revisions"}],"wp:featuredmedia":[{"embeddable":true,"href":"https:\/\/www.europesays.com\/fr\/wp-json\/wp\/v2\/media\/343920"}],"wp:attachment":[{"href":"https:\/\/www.europesays.com\/fr\/wp-json\/wp\/v2\/media?parent=343919"}],"wp:term":[{"taxonomy":"category","embeddable":true,"href":"https:\/\/www.europesays.com\/fr\/wp-json\/wp\/v2\/categories?post=343919"},{"taxonomy":"post_tag","embeddable":true,"href":"https:\/\/www.europesays.com\/fr\/wp-json\/wp\/v2\/tags?post=343919"}],"curies":[{"name":"wp","href":"https:\/\/api.w.org\/{rel}","templated":true}]}}