{"id":343921,"date":"2025-08-25T23:30:23","date_gmt":"2025-08-25T23:30:23","guid":{"rendered":"https:\/\/www.europesays.com\/fr\/343921\/"},"modified":"2025-08-25T23:30:23","modified_gmt":"2025-08-25T23:30:23","slug":"mhsc-coulibaly-savanier-omeragic-trois-hommes-au-centre-de-lattention-a-une-semaine-de-la-fin-du-mercato","status":"publish","type":"post","link":"https:\/\/www.europesays.com\/fr\/343921\/","title":{"rendered":"MHSC. Coulibaly, Savanier, Omeragic\u00a0: trois hommes au centre de l\u2019attention \u00e0 une semaine de la fin du mercato"},"content":{"rendered":"<p>\n                                                                L\u2019ultime semaine du march\u00e9 estival, qui s\u2019ach\u00e8vera lundi 1er\u00a0septembre \u00e0 20\u00a0heures en France, pourrait \u00eatre agit\u00e9e \u00e0 Montpellier par plusieurs joueurs.\n                            <\/p>\n<p>Le compte \u00e0 rebours n\u2019a jamais \u00e9t\u00e9 aussi proche de la fin. Le mercato d\u2019\u00e9t\u00e9 est entr\u00e9 lundi dans sa derni\u00e8re semaine. Sept jours, d\u2019ici le 1er\u00a0septembre \u00e0 20\u00a0h, pour enregistrer d\u2019ultimes mouvements et peut-\u00eatre voir le visage de l\u2019effectif du Montpellier HSC encore modifi\u00e9. Apr\u00e8s deux mois intenses (8 arriv\u00e9es, 16 d\u00e9parts), trois noms reviennent en boucle dans cette derni\u00e8re ligne droite\u00a0: Tanguy Coulibaly, T\u00e9ji Savanier et Becir Omeragic seront-ils toujours Pailladins lorsque le march\u00e9 baissera le rideau\u00a0? Ou s\u2019envoleront-ils vers d\u2019autres cieux, <a href=\"https:\/\/www.midilibre.fr\/2025\/08\/23\/mercato-mhsc-apres-9-annees-passees-au-club-joris-chotard-quitte-montpellier-et-senvole-en-bretagne-12890096.php\" target=\"_blank\" rel=\"nofollow noopener\">comme Joris Chotard, parti \u00e0 Brest samedi dernier<\/a>\u00a0?<\/p>\n<p><a href=\"https:\/\/www.midilibre.fr\/sports\/resultats-sportifs\/football\/ligue-2\/resultats\" target=\"_blank\" rel=\"nofollow noopener\">Le classement de Ligue 2<\/a><\/p>\n<p>Pour le milieu ou d\u00e9fenseur suisse, la petite musique est de plus en plus insistante. Le capitaine h\u00e9raultais, sur lequel l\u2019entra\u00eeneur Zoumana Camara compte \u00e9norm\u00e9ment, attise les convoitises. Des int\u00e9r\u00eats pour l\u2019international helv\u00e8te (7 s\u00e9lections) sont effectivement parvenus \u00e0 Grammont. Mais aucune offre n\u2019a encore \u00e9t\u00e9 adress\u00e9e \u00e0 des dirigeants h\u00e9raultais qui r\u00e9fl\u00e9chiront selon le montant propos\u00e9 pour un joueur sous contrat jusqu\u2019en 2028.<\/p>\n<p>        <img decoding=\"async\" class=\"std-img__img responsive-img\" src=\"https:\/\/www.europesays.com\/fr\/wp-content\/uploads\/2025\/08\/1756164621_704_image.jpg\" alt=\"Des int\u00e9r\u00eats ont \u00e9t\u00e9 manifest\u00e9s pour Becir Omeragic, mais pas encore d\u2019offre.\"\/><\/p>\n<p>                Des int\u00e9r\u00eats ont \u00e9t\u00e9 manifest\u00e9s pour Becir Omeragic, mais pas encore d\u2019offre.<br \/>\n                                    Midi Libre &#8211; JEAN-MICHEL MART<\/p>\n<p>En Suisse, o\u00f9 Omeragic serait surveill\u00e9 selon les derniers \u00e9l\u00e9ments (FC B\u00e2le), le mercato fermera le 9\u00a0septembre, huit jours apr\u00e8s le march\u00e9 fran\u00e7ais. Un d\u00e9calage qui touche aussi d\u2019autres pays, comme la Turquie (12\u00a0septembre), le Qatar (16\u00a0septembre) ou l\u2019Arabie saoudite (11\u00a0septembre pour la 1re division et 21\u00a0septembre pour la 2e).<\/p>\n<p class=\"std-elt__inline\">\n        <strong>\u00c0 lire aussi :<\/strong><br \/>\n        <a href=\"https:\/\/www.midilibre.fr\/2025\/08\/19\/mhsc-on-verra-ce-quil-se-passera-un-choix-assume-pour-omeragic-et-chotard-un-avenir-en-questions-12883035.php\" rel=\"nofollow noopener\" target=\"_blank\">MHSC. \u00ab\u00a0On verra ce qu\u2019il se passera\u00a0\u00bb, \u00ab\u00a0un choix assum\u00e9\u00a0\u00bb\u00a0: pour Omeragic et Chotard, un avenir en questions<\/a>\n    <\/p>\n<p>Offensive en vue pour Coulibaly\u00a0?<\/p>\n<p>Autant de destinations accol\u00e9es\u00a0un temps \u2013 pas toujours \u00e0 raison \u2013 \u00e0 T\u00e9ji Savanier. Sans que le meneur de 33 ans, d\u2019accord avec le MHSC pour un d\u00e9part, ne quitte le cocon montpelli\u00e9rain. Le fera-t-il apr\u00e8s trois journ\u00e9es de L2 lors desquelles il a d\u00fb se contenter d\u2019une entr\u00e9e face au Red Star (J1) et d\u2019une dizaine de minutes de jeu\u00a0? L\u00e0 encore, aucun club n\u2019aurait \u00e0 cet instant pouss\u00e9 la porte du si\u00e8ge montpelli\u00e9rain pour un joueur auquel il ne reste qu\u2019une ann\u00e9e de contrat dans l\u2019H\u00e9rault.<\/p>\n<p class=\"std-elt__inline\">\n        <strong>\u00c0 lire aussi :<\/strong><br \/>\n        <a href=\"https:\/\/www.midilibre.fr\/2025\/08\/24\/mhsc-entame-de-match-jeu-savanier-ou-omeragic-les-points-chauds-dune-fin-dete-a-la-paillade-12891429.php\" rel=\"nofollow noopener\" target=\"_blank\">MHSC. Entame de match, jeu, Savanier ou Omeragic\u00a0: les points chauds d\u2019une fin d\u2019\u00e9t\u00e9 \u00e0 la Paillade<\/a>\n    <\/p>\n<p>Dans un contexte bien connu de chute des droits TV en France, l\u2019heure est partout \u00e0 la prudence et de nombreux effectifs quasi complets. Mais la derni\u00e8re semaine pourrait faire bouger des lignes. Buteur au\u00a0Mans, Tanguy Coulibaly pourrait ainsi inciter des \u00e9curies \u00e0 passer \u00e0 l\u2019acte.<\/p>\n<p>        <img decoding=\"async\" class=\"std-img__img responsive-img\" src=\"https:\/\/www.europesays.com\/fr\/wp-content\/uploads\/2025\/08\/1756164623_176_image.jpg\" alt=\"Tanguy Coulibaly (ici face au Red Star) a inscrit le premier des buts montpelli\u00e9rains au\u00a0Mans (1-2).\"\/><\/p>\n<p>                Tanguy Coulibaly (ici face au Red Star) a inscrit le premier des buts montpelli\u00e9rains au\u00a0Mans (1-2).<br \/>\n                                    Midi Libre &#8211; Tom Serrano<\/p>\n<p>Depuis une approche concr\u00e8te de Dallas (MLS), plusieurs clubs se sont renseign\u00e9s pour l\u2019ancien Parisien. Un fr\u00e9missement qui fait envisager au MHSC du mouvement dans les prochains jours.<\/p>\n<p>Ailier, Ben Old, Nzingoula\u2026<\/p>\n<p>En cas de d\u00e9part de Coulibaly, mais pas uniquement, le club h\u00e9raultais \u00e9tudie des pistes menant \u00e0 des ailiers. Le coach montpelli\u00e9rain l\u2019a dit samedi, \u00e0 l\u2019issue du revers \u00e0 Troyes (1-0), il d\u00e9sirerait disposer de davantage de vitesse ou de puissance. Des qualit\u00e9s recherch\u00e9es actuellement.<\/p>\n<p class=\"std-elt__inline\">\n        <strong>\u00c0 lire aussi :<\/strong><br \/>\n        <a href=\"https:\/\/www.midilibre.fr\/2025\/08\/23\/troyes-mhsc-les-axes-damelioration-on-les-connait-etre-beaucoup-plus-calme-la-reaction-de-lentraineur-zoumana-camara-12890282.php\" rel=\"nofollow noopener\" target=\"_blank\">Troyes-MHSC. \u00ab\u00a0Les axes d\u2019am\u00e9lioration on les conna\u00eet\u00a0\u00bb, \u00ab\u00a0\u00eatre beaucoup plus calme\u00a0\u00bb\u00a0: la r\u00e9action de l\u2019entra\u00eeneur Zoumana Camara<\/a>\n    <\/p>\n<p>Sauf inattendu revirement, elles ne m\u00e8neront pas \u00e0 Ben Old, que Saint-\u00c9tienne d\u00e9sirerait pr\u00eater. Apparue ces derni\u00e8res heures, la rumeur menant au N\u00e9o-Z\u00e9landais des Verts \u2013 concurrents du MHSC en L2 \u2013 est qualifi\u00e9e de \u00ab\u00a0farfelue\u00a0\u00bb, en interne comme\u00a0dans le Forez.<\/p>\n<p>Quant \u00e0 Rabby Nzingoula, la situation pour un retour du milieu serait la m\u00eame qu\u2019en d\u00e9but de mercato. \u00ab\u00a0Si Strasbourg n\u2019arrive pas \u00e0 le vendre ou \u00e0 le pr\u00eater en Ligue 1, on a fait savoir qu\u2019on souhaiterait un nouveau pr\u00eat. Le joueur n\u2019est pas insensible, est pr\u00eat \u00e0 revenir et son agent est d\u2019accord\u00a0\u00bb, <a href=\"https:\/\/www.midilibre.fr\/2025\/06\/18\/des-appels-mais-pas-doffre-concrete-au-mhsc-le-mercato-dete-ne-fait-que-commencer-12770436.php\" target=\"_blank\" rel=\"nofollow noopener\">avait confi\u00e9 Laurent Nicollin, le 8\u00a0juin dernier<\/a>. Le pr\u00e9sident pailladin \u00e9tait alors conscient de ne pas \u00eatre un plan A et de devoir s\u2019armer de patience d\u2019ici la fin du march\u00e9. Elle arrive \u00e0 grands pas.<\/p>\n","protected":false},"excerpt":{"rendered":"L\u2019ultime semaine du march\u00e9 estival, qui s\u2019ach\u00e8vera lundi 1er\u00a0septembre \u00e0 20\u00a0heures en France, pourrait \u00eatre agit\u00e9e \u00e0 Montpellier&hellip;\n","protected":false},"author":2,"featured_media":343922,"comment_status":"","ping_status":"","sticky":false,"template":"","format":"standard","meta":{"footnotes":""},"categories":[9599],"tags":[1111,11,1777,674,1011,27,2208,12,2680,25],"class_list":{"0":"post-343921","1":"post","2":"type-post","3":"status-publish","4":"format-standard","5":"has-post-thumbnail","7":"category-montpellier","8":"tag-actu","9":"tag-actualites","10":"tag-eu","11":"tag-europe","12":"tag-fr","13":"tag-france","14":"tag-montpellier","15":"tag-news","16":"tag-occitanie","17":"tag-republique-francaise"},"share_on_mastodon":{"url":"https:\/\/pubeurope.com\/@fr\/115092011822219316","error":""},"_links":{"self":[{"href":"https:\/\/www.europesays.com\/fr\/wp-json\/wp\/v2\/posts\/343921","targetHints":{"allow":["GET"]}}],"collection":[{"href":"https:\/\/www.europesays.com\/fr\/wp-json\/wp\/v2\/posts"}],"about":[{"href":"https:\/\/www.europesays.com\/fr\/wp-json\/wp\/v2\/types\/post"}],"author":[{"embeddable":true,"href":"https:\/\/www.europesays.com\/fr\/wp-json\/wp\/v2\/users\/2"}],"replies":[{"embeddable":true,"href":"https:\/\/www.europesays.com\/fr\/wp-json\/wp\/v2\/comments?post=343921"}],"version-history":[{"count":0,"href":"https:\/\/www.europesays.com\/fr\/wp-json\/wp\/v2\/posts\/343921\/revisions"}],"wp:featuredmedia":[{"embeddable":true,"href":"https:\/\/www.europesays.com\/fr\/wp-json\/wp\/v2\/media\/343922"}],"wp:attachment":[{"href":"https:\/\/www.europesays.com\/fr\/wp-json\/wp\/v2\/media?parent=343921"}],"wp:term":[{"taxonomy":"category","embeddable":true,"href":"https:\/\/www.europesays.com\/fr\/wp-json\/wp\/v2\/categories?post=343921"},{"taxonomy":"post_tag","embeddable":true,"href":"https:\/\/www.europesays.com\/fr\/wp-json\/wp\/v2\/tags?post=343921"}],"curies":[{"name":"wp","href":"https:\/\/api.w.org\/{rel}","templated":true}]}}