{"id":343925,"date":"2025-08-25T23:33:12","date_gmt":"2025-08-25T23:33:12","guid":{"rendered":"https:\/\/www.europesays.com\/fr\/343925\/"},"modified":"2025-08-25T23:33:12","modified_gmt":"2025-08-25T23:33:12","slug":"foire-de-grenoble-2025-dates-horaires-et-programme","status":"publish","type":"post","link":"https:\/\/www.europesays.com\/fr\/343925\/","title":{"rendered":"Foire de Grenoble 2025 : dates, horaires et programme"},"content":{"rendered":"<p class=\"intro\">La Foire de Grenoble vous donne rendez-vous du 1er au 11 novembre 2025 pour une nouvelle \u00e9dition plac\u00e9e sous le signe du\u00a0\u00ab\u00a0Vintage\u00a0\u00bb. Cet \u00e9v\u00e9nement majeur de la r\u00e9gion Auvergne-Rh\u00f4ne-Alpes r\u00e9unit chaque ann\u00e9e des centaines d\u2019exposants venus de tous horizons. Stands, ateliers, d\u00e9monstrations, exposition immersive et animations vari\u00e9es sont \u00e0 d\u00e9couvrir. C\u2019est l\u2019occasion id\u00e9ale de d\u00e9couvrir les derni\u00e8res tendances et de faire de bonnes affaires.\u00a0<\/p>\n<p><a data-lightbox=\"article\" data-title=\"Les stands de la Foire de Grenoble \u00a9 foiredegrenoble.com\" class=\"image detail fullwidth\" href=\"https:\/\/www.jds.fr\/medias\/image\/foire-de-grenoble-700946-1200-0-F.webp\" title=\"Les stands de la Foire de Grenoble \u00a9 foiredegrenoble.com\" rel=\"nofollow noopener\" target=\"_blank\"><br \/>\n<img decoding=\"async\" loading=\"lazy\" src=\"https:\/\/www.europesays.com\/fr\/wp-content\/uploads\/2025\/08\/foire-de-grenoble-700946-1200-0.webp.webp\"   alt=\"Les stands de la Foire de Grenoble\" class=\"shortcode_image border\"\/><br \/>\n\u00a9 foiredegrenoble.com<br \/>\nLes stands de la Foire de Grenoble<br \/>\n<\/a>\n<\/p>\n<p>Dates et horaires de la Foire de Grenoble 2025<\/p>\n<p>La Foire de Grenoble 2025 se tiendra du<strong> 1er au 11 novembre 2025<\/strong> \u00e0 Alpexpo Grenoble.\u00a0<\/p>\n<p><strong>\ud83d\udd50 Horaires d&rsquo;ouverture\u00a0:\u00a0<\/strong><\/p>\n<ul>&#13;<\/p>\n<li>Tous les jours de 10h \u00e0 19h.<\/li>\n<p>&#13;\n<\/ul>\n<p>Programme de la Foire de Grenoble 2025<br \/>\nLes exposants\u00a0<\/p>\n<p>La Foire de Grenoble accueille chaque ann\u00e9e des exposants issus de secteurs vari\u00e9s sur 40 000 m\u00b2 de surface\u00a0:<strong> habitat, gastronomie, artisanat, bien-\u00eatre, loisirs, automobile, innovations et services.<\/strong> La liste d\u00e9taill\u00e9 des exposants pr\u00e9sents pour cette \u00e9dition 2025 est disponible sur le site officiel de l&rsquo;\u00e9v\u00e9nement.\u00a0<\/p>\n<p>Les univers\u00a0<\/p>\n<ul>&#13;<\/p>\n<li><strong>\ud83c\udfe0 Habitat int\u00e9rieur\u00a0<\/strong><br \/>Am\u00e9nagements int\u00e9rieurs, cuisines et salles de bains, chemin\u00e9es et po\u00eales.<\/li>\n<p>&#13;<\/p>\n<li><strong>\ud83c\udf33 Habitat ext\u00e9rieur<br \/><\/strong>Am\u00e9nagements ext\u00e9rieurs, terrasses et jardins, piscines et spas.<\/li>\n<p>&#13;<\/p>\n<li><strong>\ud83d\udecb\ufe0f Ameublement<br \/><\/strong>Meubles et salons, literie, d\u00e9coration.<\/li>\n<p>&#13;<\/p>\n<li><strong>\ud83c\udf77Gastronomie<br \/><\/strong>Produits r\u00e9gionaux, cuisine du monde, vins et spiritueux, restaurants.<\/li>\n<p>&#13;<\/p>\n<li><strong>\ud83d\udecd\ufe0f Shopping<br \/><\/strong>Mode, beaut\u00e9, bien-\u00eatre, d\u00e9monstrations, artisanat du monde.<\/li>\n<p>&#13;<\/p>\n<li><strong>\u26bd Services et Loisirs<br \/><\/strong>Sports, services \u00e0 la personne, institutionnels.<\/li>\n<p>&#13;<\/p>\n<li><strong>\ud83d\ude97 Mobilit\u00e9<br \/><\/strong>Automobile, deux-roues, v\u00e9hicules de loisirs.<\/li>\n<p>&#13;\n<\/ul>\n<p>Restauration\u00a0<\/p>\n<p>Une offre de restauration compl\u00e8te est propos\u00e9e aux visiteurs\u00a0: foodtrucks, restaurants \u00e9ph\u00e9m\u00e8res, sp\u00e9cialit\u00e9s r\u00e9gionales et espaces gourmands pour tous les go\u00fbts.<\/p>\n<p>Animations et temps forts<\/p>\n<p>Des inaugurations, conf\u00e9rences et rencontres avec des professionnels et des experts sont au programme. Ne manquez aussi les animations th\u00e9matiques et les journ\u00e9es sp\u00e9ciales.\u00a0<\/p>\n<p class=\"mise_en_avant\">Plus d&rsquo;infos \u00e0 venir sur le programme 2025 de la Foire de Grenoble.<\/p>\n<p>Tarifs du billet d&rsquo;entr\u00e9e \u00e0 la Foire de Grenoble 2025<\/p>\n<p>\ud83c\udf9f\ufe0f Le prix du billet d&rsquo;entr\u00e9e \u00e0 a Foire de Grenoble est de <strong>7\u20ac.<\/strong><\/p>\n<p>R\u00e9servez d\u00e8s maintenant votre billet et profitez d&rsquo;un tarif avantageux\u00a0: <strong>5\u20ac<\/strong> (en pr\u00e9vente sur le site officiel jusqu\u2019au 31\/10 inclus).<\/p>\n<p>Foire de Grenoble\u00a0: acc\u00e8s et parking<\/p>\n<p>La Foire de Grenoble se d\u00e9roule \u00e0 Alpexpo Grenoble, facilement accessible en voiture ou en transports en commun.\u00a0<\/p>\n<p><strong>\ud83d\ude8c Transport en commun<\/strong><\/p>\n<ul>&#13;<\/p>\n<li>Tram A et Bus C3\u00a0: Arr\u00eat Polesud \u2013 Alpexpo<\/li>\n<p>&#13;<\/p>\n<li>Bus C6, 12 et 67\u00a0: Arr\u00eat Grand\u2019place\u00a0<\/li>\n<p>&#13;\n<\/ul>\n<p><strong>\ud83d\ude97 En voiture\u00a0<\/strong><\/p>\n<ul>&#13;<\/p>\n<li>A49, A48, A41, A51<\/li>\n<p>&#13;<\/p>\n<li>Rocade Sud\u00a0: sortie 6 Alpexpo<\/li>\n<p>&#13;<\/p>\n<li>Parking gratuit sur place<\/li>\n<p>&#13;\n<\/ul>\n<p>Les animaux ne sont pas autoris\u00e9s, sauf chiens d\u2019assistance.<\/p>\n<p class=\"mise_en_avant\">Pour prolonger l\u2019exp\u00e9rience des foires et salons dans la r\u00e9gion, d\u00e9couvrez aussi la <a href=\"https:\/\/www.jds.fr\/chambery\/foires-et-salons\/foires\/foire-de-savoie-1128912_A\" rel=\"nofollow noopener\" target=\"_blank\">Foire de Savoie \u00e0 Chamb\u00e9ry<\/a>, la <a href=\"https:\/\/www.jds.fr\/lyon\/foires-et-salons\/foires\/geek-touch-409346_A\" rel=\"nofollow noopener\" target=\"_blank\">Geek Touch \u00e0 Lyon<\/a> et la <a href=\"https:\/\/www.jds.fr\/lyon\/foires-et-salons\/foires\/foire-lyon-170422_A\" rel=\"nofollow noopener\" target=\"_blank\">Foire de Lyon<\/a>\u00a0!<\/p>\n<p class=\"font-size-30 fw-bold lh-1 mt-0 mb-4\">Je trouve les meilleures sorties dans ma ville<\/p>\n","protected":false},"excerpt":{"rendered":"La Foire de Grenoble vous donne rendez-vous du 1er au 11 novembre 2025 pour une nouvelle \u00e9dition plac\u00e9e&hellip;\n","protected":false},"author":2,"featured_media":343926,"comment_status":"","ping_status":"","sticky":false,"template":"","format":"standard","meta":{"footnotes":""},"categories":[9566],"tags":[1111,11,2430,1777,674,1011,27,2731,12,25],"class_list":{"0":"post-343925","1":"post","2":"type-post","3":"status-publish","4":"format-standard","5":"has-post-thumbnail","7":"category-grenoble","8":"tag-actu","9":"tag-actualites","10":"tag-auvergne-rhone-alpes","11":"tag-eu","12":"tag-europe","13":"tag-fr","14":"tag-france","15":"tag-grenoble","16":"tag-news","17":"tag-republique-francaise"},"share_on_mastodon":{"url":"https:\/\/pubeurope.com\/@fr\/115092023739522623","error":""},"_links":{"self":[{"href":"https:\/\/www.europesays.com\/fr\/wp-json\/wp\/v2\/posts\/343925","targetHints":{"allow":["GET"]}}],"collection":[{"href":"https:\/\/www.europesays.com\/fr\/wp-json\/wp\/v2\/posts"}],"about":[{"href":"https:\/\/www.europesays.com\/fr\/wp-json\/wp\/v2\/types\/post"}],"author":[{"embeddable":true,"href":"https:\/\/www.europesays.com\/fr\/wp-json\/wp\/v2\/users\/2"}],"replies":[{"embeddable":true,"href":"https:\/\/www.europesays.com\/fr\/wp-json\/wp\/v2\/comments?post=343925"}],"version-history":[{"count":0,"href":"https:\/\/www.europesays.com\/fr\/wp-json\/wp\/v2\/posts\/343925\/revisions"}],"wp:featuredmedia":[{"embeddable":true,"href":"https:\/\/www.europesays.com\/fr\/wp-json\/wp\/v2\/media\/343926"}],"wp:attachment":[{"href":"https:\/\/www.europesays.com\/fr\/wp-json\/wp\/v2\/media?parent=343925"}],"wp:term":[{"taxonomy":"category","embeddable":true,"href":"https:\/\/www.europesays.com\/fr\/wp-json\/wp\/v2\/categories?post=343925"},{"taxonomy":"post_tag","embeddable":true,"href":"https:\/\/www.europesays.com\/fr\/wp-json\/wp\/v2\/tags?post=343925"}],"curies":[{"name":"wp","href":"https:\/\/api.w.org\/{rel}","templated":true}]}}