{"id":343927,"date":"2025-08-25T23:34:15","date_gmt":"2025-08-25T23:34:15","guid":{"rendered":"https:\/\/www.europesays.com\/fr\/343927\/"},"modified":"2025-08-25T23:34:15","modified_gmt":"2025-08-25T23:34:15","slug":"les-plus-gros-budgets-sans-grenoble-sur-le-podium","status":"publish","type":"post","link":"https:\/\/www.europesays.com\/fr\/343927\/","title":{"rendered":"les plus gros budgets\u2026 sans Grenoble sur le podium"},"content":{"rendered":"<p>En t\u00eate, le CA Brive domine les finances avec un budget de 21,775 millions d\u2019euros. Les Corr\u00e9ziens, d\u00e9j\u00e0 solides la saison pass\u00e9e, confirment leur statut de poids lourd de l\u2019antichambre de la Pro D2. Juste derri\u00e8re, le RC Vannes s\u2019installe en dauphin financier avec 18,906 millions d\u2019euros. Ceci bien que le club breton soit unanimement d\u00e9sign\u00e9 comme favori sportif par ses concurrents.<\/p>\n<p>\u00a0<\/p>\n<p>Provence Rugby compl\u00e8te le trio de t\u00eate avec 17,143 millions d\u2019euros. Cela pourrait consolider son positionnement parmi les pr\u00e9tendants s\u00e9rieux \u00e0 la mont\u00e9e. Ce podium budg\u00e9taire refl\u00e8te l&rsquo;ambition claire de jouer les premiers r\u00f4les, voire plus.<\/p>\n<p>\u00a0<\/p>\n<p>Grenoble recule, Nevers s\u2019affirme<\/p>\n<p>\u00a0<\/p>\n<p>Le FC Grenoble, souvent cit\u00e9 parmi les candidats \u00e0 la mont\u00e9e, se retrouve cette saison en dehors du podium financier. Avec 13,451 millions d\u2019euros, le club is\u00e9rois est devanc\u00e9 par Nevers (14,230 millions), qui confirme sa mont\u00e9e en puissance. Ce glissement dans la hi\u00e9rarchie interpelle tout de m\u00eame. Si les moyens restent cons\u00e9quents, ils ne suffisent plus \u00e0 garantir une place parmi les trois premiers.<\/p>\n<p>\u00a0<\/p>\n<p>Le classement des budgets de Pro D2<\/p>\n<p>Brive : 21 775 000 euros<br \/>Vannes : 18 906 000 euros<br \/>Provence Rugby : 17 143 000 euros<br \/>Nevers : 14 230 000 euros<br \/>Grenoble : 13 451 000 euros<br \/>Oyonnax : 12 784 000 euros<br \/>Agen : 12 784 000 euros<br \/>Biarritz : 10 693 000 euros<br \/>B\u00e9ziers : 9 489 000 euros<br \/>Valence Romans : 8 792 000 euros<br \/>Colomiers : 8 740 000 euros<br \/>Mont-de-Marsan : 8 406 000 euros<br \/>Soyaux-Angoul\u00eame : 8 198 000 euros<br \/>Dax : 6 731 000 euros<br \/>Aurillac : 5 852 000 euros<br \/>Carcassonne : 5 147 000 euros<\/p>\n<p>Partagez cette info avec vos amis et vos proches en cliquant ici<br \/>Pour r\u00e9sumer<\/p>\n<p>Brive, Vannes et Provence Rugby forment le trio de t\u00eate budg\u00e9taire en Pro D2 2025-26. Grenoble, devanc\u00e9 par Nevers, glisse hors du podium financier. Derri\u00e8re, Oyonnax, Agen et Biarritz restent dans la course avec des moyens solides mais inf\u00e9rieurs.<\/p>\n<p> <img decoding=\"async\" width=\"76\" height=\"76\" loading=\"lazy\" src=\"https:\/\/www.europesays.com\/fr\/wp-content\/uploads\/2025\/04\/avatar-quinze.png\" alt=\"Voldi Fr\u00e9jus\u00a0Hounvio\"\/><\/p>\n","protected":false},"excerpt":{"rendered":"En t\u00eate, le CA Brive domine les finances avec un budget de 21,775 millions d\u2019euros. Les Corr\u00e9ziens, d\u00e9j\u00e0&hellip;\n","protected":false},"author":2,"featured_media":343928,"comment_status":"","ping_status":"","sticky":false,"template":"","format":"standard","meta":{"footnotes":""},"categories":[9566],"tags":[1111,11,2430,1777,674,1011,27,2731,12,25],"class_list":{"0":"post-343927","1":"post","2":"type-post","3":"status-publish","4":"format-standard","5":"has-post-thumbnail","7":"category-grenoble","8":"tag-actu","9":"tag-actualites","10":"tag-auvergne-rhone-alpes","11":"tag-eu","12":"tag-europe","13":"tag-fr","14":"tag-france","15":"tag-grenoble","16":"tag-news","17":"tag-republique-francaise"},"share_on_mastodon":{"url":"https:\/\/pubeurope.com\/@fr\/115092027081925713","error":""},"_links":{"self":[{"href":"https:\/\/www.europesays.com\/fr\/wp-json\/wp\/v2\/posts\/343927","targetHints":{"allow":["GET"]}}],"collection":[{"href":"https:\/\/www.europesays.com\/fr\/wp-json\/wp\/v2\/posts"}],"about":[{"href":"https:\/\/www.europesays.com\/fr\/wp-json\/wp\/v2\/types\/post"}],"author":[{"embeddable":true,"href":"https:\/\/www.europesays.com\/fr\/wp-json\/wp\/v2\/users\/2"}],"replies":[{"embeddable":true,"href":"https:\/\/www.europesays.com\/fr\/wp-json\/wp\/v2\/comments?post=343927"}],"version-history":[{"count":0,"href":"https:\/\/www.europesays.com\/fr\/wp-json\/wp\/v2\/posts\/343927\/revisions"}],"wp:featuredmedia":[{"embeddable":true,"href":"https:\/\/www.europesays.com\/fr\/wp-json\/wp\/v2\/media\/343928"}],"wp:attachment":[{"href":"https:\/\/www.europesays.com\/fr\/wp-json\/wp\/v2\/media?parent=343927"}],"wp:term":[{"taxonomy":"category","embeddable":true,"href":"https:\/\/www.europesays.com\/fr\/wp-json\/wp\/v2\/categories?post=343927"},{"taxonomy":"post_tag","embeddable":true,"href":"https:\/\/www.europesays.com\/fr\/wp-json\/wp\/v2\/tags?post=343927"}],"curies":[{"name":"wp","href":"https:\/\/api.w.org\/{rel}","templated":true}]}}