{"id":343929,"date":"2025-08-25T23:36:29","date_gmt":"2025-08-25T23:36:29","guid":{"rendered":"https:\/\/www.europesays.com\/fr\/343929\/"},"modified":"2025-08-25T23:36:29","modified_gmt":"2025-08-25T23:36:29","slug":"contre-rennes-les-debuts-prometteurs-des-recrues-lorientaises-dermane-karim-et-abdoulaye-faye","status":"publish","type":"post","link":"https:\/\/www.europesays.com\/fr\/343929\/","title":{"rendered":"Contre Rennes, les d\u00e9buts prometteurs des recrues lorientaises Dermane Karim et Abdoulaye Faye"},"content":{"rendered":"<p>Ligue 1 (2e journ\u00e9e). Lorient &#8211; Rennes : 4-0<\/p>\n<p>Derni\u00e8re recrue en date du mercato lorientais, le jeune milieu de terrain Dermane Karim (21 ans) n\u2019avait qu\u2019une petite semaine d\u2019entra\u00eenement dans les pattes avec ses nouveaux partenaires lorsqu\u2019il est entr\u00e9 en jeu il y a une semaine \u00e0 Auxerre (1-0, premi\u00e8re journ\u00e9e). Pr\u00e9f\u00e9r\u00e9 \u00e0 Pablo Pagis dimanche au coup d\u2019envoi du derby face \u00e0 Rennes, il a confirm\u00e9 les premi\u00e8res bonnes impressions qu\u2019il avait laiss\u00e9es dans l\u2019Yonne. G\u00e9n\u00e9reux dans l\u2019effort des deux c\u00f4t\u00e9s du terrain, disponible entre les lignes et \u00e0 l\u2019aise dans de petits espaces, l\u2019international togolais s\u2019est rapidement montr\u00e9 d\u00e9cisif. C\u2019est lui qui provoque l\u2019expulsion pr\u00e9coce de Mahdi Camara, en touchant le ballon de la t\u00eate avant de se faire heurter par le pied un peu haut de l\u2019ancien Brestois.<\/p>\n<p><a href=\"https:\/\/www.letelegramme.fr\/sports\/football\/fc-lorient\/il-a-le-meme-profil-quavom-ce-quil-faut-savoir-sur-dermane-karim-derniere-recrue-du-fc-lorient-6868972.php\" target=\"_blank\" title=\"Lire notre article du 9 ao\u00fbt 2025\" rel=\"noopener\">Le milieu de terrain au profil offensif<\/a>, capable d\u2019\u00e9voluer des deux c\u00f4t\u00e9s au soutien de l\u2019avant-centre, n\u2019a pas encore trouv\u00e9 le chemin des filets, malgr\u00e9 une belle occasion \u00e0 gauche de la surface (23\u2019). Mais il a pes\u00e9, en t\u00e9moigne son centre mal repouss\u00e9 par la d\u00e9fense rennaise qui conduit au corner du deuxi\u00e8me but de son \u00e9quipe.<\/p>\n<p>\u00ab On peut compter sur lui dans les duels \u00bb<\/p>\n<p>Le sc\u00e9nario du match, laissant le FC Lorient en double sup\u00e9riorit\u00e9 num\u00e9rique d\u00e8s la 10e minute et l\u2019exclusion de <a href=\"https:\/\/www.letelegramme.fr\/sports\/football\/stade-rennais\/frustre-par-son-expulsion-le-rennais-christopher-wooh-se-serait-ouvert-la-main-dans-les-vestiaires-a-lorient-6875827.php\" title=\"www.letelegramme.fr\" target=\"_blank\" rel=\"noopener\">Christopher Wooh<\/a>, a aussi permis au staff de lancer dans le grand bain de la Ligue 1 le jeune d\u00e9fenseur Abdoulaye Faye (20 ans) juste apr\u00e8s la mi-temps, en remplacement de Formose Mendy, d\u00e9j\u00e0 averti en premi\u00e8re p\u00e9riode. \u00ab Un contexte id\u00e9al \u00bb pour <a href=\"https:\/\/www.letelegramme.fr\/sports\/football\/fc-lorient\/je-veux-etre-un-defenseur-special-ancien-numero-dix-defenseur-dribbleur-abdoulaye-faye-la-derniere-recrue-du-fc-lorient-se-presente-6864850.php\" target=\"_blank\" title=\"Lire notre article du 31 juillet 2025\" rel=\"noopener\">le joueur pr\u00eat\u00e9 par Leverkusen (D1 allemande) et victime d\u2019une fracture au pied il y a cinq mois<\/a>. \u00ab Je n\u2019ai pas eu mal et j\u2019ai eu de bonnes sensations \u00bb, se f\u00e9licite le gaucher, qui a logiquement pris l\u2019axe gauche de la d\u00e9fense, le droitier Igor Silva glissant alors \u00e0 droite. \u00ab On peut compter sur lui dans les duels, il va vite et est techniquement \u00e0 l\u2019aise. Mais il devra gagner en rigueur, pour ne pas perdre des ballons trop facilement dans ses relances \u00bb, pr\u00e9vient son entra\u00eeneur Olivier Pantaloni.<\/p>\n","protected":false},"excerpt":{"rendered":"Ligue 1 (2e journ\u00e9e). Lorient &#8211; Rennes : 4-0 Derni\u00e8re recrue en date du mercato lorientais, le jeune&hellip;\n","protected":false},"author":2,"featured_media":343930,"comment_status":"","ping_status":"","sticky":false,"template":"","format":"standard","meta":{"footnotes":""},"categories":[2821],"tags":[1111,11,829,3166,1777,674,3317,63,1011,27,66,1781,23838,12,584,25,60],"class_list":{"0":"post-343929","1":"post","2":"type-post","3":"status-publish","4":"format-standard","5":"has-post-thumbnail","7":"category-rennes","8":"tag-actu","9":"tag-actualites","10":"tag-bretagne","11":"tag-en-continu-sports","12":"tag-eu","13":"tag-europe","14":"tag-fc-lorient","15":"tag-football","16":"tag-fr","17":"tag-france","18":"tag-ligue-1","19":"tag-lorient","20":"tag-mercato-fc-lorient","21":"tag-news","22":"tag-rennes","23":"tag-republique-francaise","24":"tag-sports"},"share_on_mastodon":{"url":"https:\/\/pubeurope.com\/@fr\/115092034940383300","error":""},"_links":{"self":[{"href":"https:\/\/www.europesays.com\/fr\/wp-json\/wp\/v2\/posts\/343929","targetHints":{"allow":["GET"]}}],"collection":[{"href":"https:\/\/www.europesays.com\/fr\/wp-json\/wp\/v2\/posts"}],"about":[{"href":"https:\/\/www.europesays.com\/fr\/wp-json\/wp\/v2\/types\/post"}],"author":[{"embeddable":true,"href":"https:\/\/www.europesays.com\/fr\/wp-json\/wp\/v2\/users\/2"}],"replies":[{"embeddable":true,"href":"https:\/\/www.europesays.com\/fr\/wp-json\/wp\/v2\/comments?post=343929"}],"version-history":[{"count":0,"href":"https:\/\/www.europesays.com\/fr\/wp-json\/wp\/v2\/posts\/343929\/revisions"}],"wp:featuredmedia":[{"embeddable":true,"href":"https:\/\/www.europesays.com\/fr\/wp-json\/wp\/v2\/media\/343930"}],"wp:attachment":[{"href":"https:\/\/www.europesays.com\/fr\/wp-json\/wp\/v2\/media?parent=343929"}],"wp:term":[{"taxonomy":"category","embeddable":true,"href":"https:\/\/www.europesays.com\/fr\/wp-json\/wp\/v2\/categories?post=343929"},{"taxonomy":"post_tag","embeddable":true,"href":"https:\/\/www.europesays.com\/fr\/wp-json\/wp\/v2\/tags?post=343929"}],"curies":[{"name":"wp","href":"https:\/\/api.w.org\/{rel}","templated":true}]}}