{"id":343931,"date":"2025-08-25T23:37:13","date_gmt":"2025-08-25T23:37:13","guid":{"rendered":"https:\/\/www.europesays.com\/fr\/343931\/"},"modified":"2025-08-25T23:37:13","modified_gmt":"2025-08-25T23:37:13","slug":"previsions-du-mardi-26-aout-2025-2","status":"publish","type":"post","link":"https:\/\/www.europesays.com\/fr\/343931\/","title":{"rendered":"pr\u00e9visions du mardi 26 ao\u00fbt 2025"},"content":{"rendered":"<p>Strasbourg aura le plaisir de pouvoir profiter d&rsquo;une superbe journ\u00e9e ensoleill\u00e9e. Les temp\u00e9ratures seront comprises entre 13 et 31\u00b0C. Un vent de sud soufflera un peu, avec 11 km\/h. Les temp\u00e9ratures vont conna\u00eetre une augmentation de plusieurs degr\u00e9s dans l&rsquo;apr\u00e8s-midi. Les valeurs maximales pr\u00e9vues sont \u00e9lev\u00e9es, avec 31\u00b0C. Les maximales iront jusqu&rsquo;\u00e0 31\u00b0C alors que les minimales seront de 28\u00b0C. Le soir, le vent va progressivement \u00e9loigner la grisaille. Le passage de mardi \u00e0 mercredi se fera sous un ciel limpide.<\/p>\n<p>On notera la pr\u00e9sence persistante de nuages demain \u00e0 Strasbourg. Les temp\u00e9ratures afficheront entre 17 et 26\u00b0C. Une petite brise de sud-ouest sera ressentie par les habitants. La grisaille ne se disperse toujours pas, il va y avoir encore des nuages le matin. Il faudra emporter son parapluie pour s&rsquo;abriter des pluies \u00e9parses. L&rsquo;apr\u00e8s-midi aura lieu sous un ciel mitig\u00e9, marqu\u00e9 par de l\u00e9g\u00e8res averses. Les valeurs iront de 23 \u00e0 26\u00b0C. Le ciel va l\u00e9g\u00e8rement se d\u00e9gager dans la soir\u00e9e avec des \u00e9claircies. Il va faire 21\u00b0C en moyenne.<\/p>\n<p>Pour les prochains jours, le temps ne changera pas. On pr\u00e9voit des journ\u00e9es pluvieuses, avec des temp\u00e9ratures dans les 22\u00b0C en moyenne.<\/p>\n<p><\/p>\n","protected":false},"excerpt":{"rendered":"Strasbourg aura le plaisir de pouvoir profiter d&rsquo;une superbe journ\u00e9e ensoleill\u00e9e. Les temp\u00e9ratures seront comprises entre 13 et&hellip;\n","protected":false},"author":2,"featured_media":343932,"comment_status":"","ping_status":"","sticky":false,"template":"","format":"standard","meta":{"footnotes":""},"categories":[2820],"tags":[1111,11,2389,2649,1777,674,1011,27,775,12,2119,25,640],"class_list":{"0":"post-343931","1":"post","2":"type-post","3":"status-publish","4":"format-standard","5":"has-post-thumbnail","7":"category-strasbourg","8":"tag-actu","9":"tag-actualites","10":"tag-alsace","11":"tag-bas-rhin","12":"tag-eu","13":"tag-europe","14":"tag-fr","15":"tag-france","16":"tag-grand-est","17":"tag-news","18":"tag-previsions-meteo","19":"tag-republique-francaise","20":"tag-strasbourg"},"share_on_mastodon":{"url":"https:\/\/pubeurope.com\/@fr\/115092038923974370","error":""},"_links":{"self":[{"href":"https:\/\/www.europesays.com\/fr\/wp-json\/wp\/v2\/posts\/343931","targetHints":{"allow":["GET"]}}],"collection":[{"href":"https:\/\/www.europesays.com\/fr\/wp-json\/wp\/v2\/posts"}],"about":[{"href":"https:\/\/www.europesays.com\/fr\/wp-json\/wp\/v2\/types\/post"}],"author":[{"embeddable":true,"href":"https:\/\/www.europesays.com\/fr\/wp-json\/wp\/v2\/users\/2"}],"replies":[{"embeddable":true,"href":"https:\/\/www.europesays.com\/fr\/wp-json\/wp\/v2\/comments?post=343931"}],"version-history":[{"count":0,"href":"https:\/\/www.europesays.com\/fr\/wp-json\/wp\/v2\/posts\/343931\/revisions"}],"wp:featuredmedia":[{"embeddable":true,"href":"https:\/\/www.europesays.com\/fr\/wp-json\/wp\/v2\/media\/343932"}],"wp:attachment":[{"href":"https:\/\/www.europesays.com\/fr\/wp-json\/wp\/v2\/media?parent=343931"}],"wp:term":[{"taxonomy":"category","embeddable":true,"href":"https:\/\/www.europesays.com\/fr\/wp-json\/wp\/v2\/categories?post=343931"},{"taxonomy":"post_tag","embeddable":true,"href":"https:\/\/www.europesays.com\/fr\/wp-json\/wp\/v2\/tags?post=343931"}],"curies":[{"name":"wp","href":"https:\/\/api.w.org\/{rel}","templated":true}]}}