{"id":343933,"date":"2025-08-25T23:38:21","date_gmt":"2025-08-25T23:38:21","guid":{"rendered":"https:\/\/www.europesays.com\/fr\/343933\/"},"modified":"2025-08-25T23:38:21","modified_gmt":"2025-08-25T23:38:21","slug":"billetterie-deux-deplacements-dans-la-semaine","status":"publish","type":"post","link":"https:\/\/www.europesays.com\/fr\/343933\/","title":{"rendered":"Billetterie : deux d\u00e9placements dans la semaine"},"content":{"rendered":"<p>Le Racing se d\u00e9place \u00e0 Br\u00f8ndby ce jeudi 28 ao\u00fbt (20h00) avant d\u2019encha\u00eener avec un d\u00e9placement sur la C\u00f4te d\u2019Azur pour y affronter l\u2019AS Monaco dimanche 31 ao\u00fbt (17h15). Retrouvez les informations billetterie pour ces deux rencontres importantes.<\/p>\n<p>Si vous souhaitez aller encourager le Racing Club de Strasbourg Alsace en Espaces Visiteurs lors de ses deux matches cette semaine, vous pouvez r\u00e9server vos places en ligne sur le site de la billetterie du Racing. La vente s\u2019effectuera exclusivement sur cette plateforme officielle.<\/p>\n<p>Playoff retour pour la qualification en Europa Ligue Conf\u00e9rence \u00e0 Br\u00f8ndby<\/p>\n<p>Celle pour le d\u00e9placement \u00e0 Br\u00f8ndby (Danemark), match programm\u00e9 le jeudi 28\/08 \u00e0 20h00, <strong>se terminera le mardi  26\/08 \u00e0 20h00<\/strong> (dans la limite des places disponibles).<\/p>\n<p>\u2013 15\u20ac \u2013 tarif unique<br \/>\u2013 La vente s\u2019effectuera uniquement en ligne via la plateforme billetterie<br \/>\u2013 Un billet par compte client pour ce d\u00e9placement<\/p>\n<p><strong>Attention : le transport n\u2019est pas inclus dans le tarif !<\/strong><\/p>\n<p><a href=\"https:\/\/billetterie.rcstrasbourgalsace.fr\/fr\/catalogue\/match-brondby-if-racing\" target=\"_blank\" rel=\"noopener nofollow\" title=\"\"><strong>Je r\u00e9serve mes places pour Br\u00f8ndby<\/strong><\/a><\/p>\n<p>3e journ\u00e9e de Ligue 1 McDonald\u2019s \u00e0 Monaco<\/p>\n<p>Celle pour le d\u00e9placement \u00e0 Monaco, match programm\u00e9 le dimanche 31\/08 \u00e0 17h15, <strong>se terminera le vendredi 29\/08 \u00e0 18h00<\/strong> (dans la limite des places disponibles).<\/p>\n<p>\u2013 10\u20ac \u2013 tarif unique<br \/>\u2013 La vente s\u2019effectuera uniquement en ligne via la plateforme billetterie<br \/>\u2013 Quatre billets par compte client pour ce d\u00e9placement<\/p>\n<p><a href=\"https:\/\/billetterie.rcstrasbourgalsace.fr\/fr\/acheter\/billet-unite-deplacement-tout-public-as-monaco-fc-racing-2025-oxq1wmxavznw\/list\" target=\"_blank\" rel=\"noopener nofollow\" title=\"\">Je r\u00e9serve mes places pour Monaco<\/a><\/p>\n","protected":false},"excerpt":{"rendered":"Le Racing se d\u00e9place \u00e0 Br\u00f8ndby ce jeudi 28 ao\u00fbt (20h00) avant d\u2019encha\u00eener avec un d\u00e9placement sur la&hellip;\n","protected":false},"author":2,"featured_media":343934,"comment_status":"","ping_status":"","sticky":false,"template":"","format":"standard","meta":{"footnotes":""},"categories":[2820],"tags":[1111,11,1777,674,1011,27,775,12,25,640],"class_list":{"0":"post-343933","1":"post","2":"type-post","3":"status-publish","4":"format-standard","5":"has-post-thumbnail","7":"category-strasbourg","8":"tag-actu","9":"tag-actualites","10":"tag-eu","11":"tag-europe","12":"tag-fr","13":"tag-france","14":"tag-grand-est","15":"tag-news","16":"tag-republique-francaise","17":"tag-strasbourg"},"share_on_mastodon":{"url":"https:\/\/pubeurope.com\/@fr\/115092042781489418","error":""},"_links":{"self":[{"href":"https:\/\/www.europesays.com\/fr\/wp-json\/wp\/v2\/posts\/343933","targetHints":{"allow":["GET"]}}],"collection":[{"href":"https:\/\/www.europesays.com\/fr\/wp-json\/wp\/v2\/posts"}],"about":[{"href":"https:\/\/www.europesays.com\/fr\/wp-json\/wp\/v2\/types\/post"}],"author":[{"embeddable":true,"href":"https:\/\/www.europesays.com\/fr\/wp-json\/wp\/v2\/users\/2"}],"replies":[{"embeddable":true,"href":"https:\/\/www.europesays.com\/fr\/wp-json\/wp\/v2\/comments?post=343933"}],"version-history":[{"count":0,"href":"https:\/\/www.europesays.com\/fr\/wp-json\/wp\/v2\/posts\/343933\/revisions"}],"wp:featuredmedia":[{"embeddable":true,"href":"https:\/\/www.europesays.com\/fr\/wp-json\/wp\/v2\/media\/343934"}],"wp:attachment":[{"href":"https:\/\/www.europesays.com\/fr\/wp-json\/wp\/v2\/media?parent=343933"}],"wp:term":[{"taxonomy":"category","embeddable":true,"href":"https:\/\/www.europesays.com\/fr\/wp-json\/wp\/v2\/categories?post=343933"},{"taxonomy":"post_tag","embeddable":true,"href":"https:\/\/www.europesays.com\/fr\/wp-json\/wp\/v2\/tags?post=343933"}],"curies":[{"name":"wp","href":"https:\/\/api.w.org\/{rel}","templated":true}]}}