{"id":343935,"date":"2025-08-25T23:39:11","date_gmt":"2025-08-25T23:39:11","guid":{"rendered":"https:\/\/www.europesays.com\/fr\/343935\/"},"modified":"2025-08-25T23:39:11","modified_gmt":"2025-08-25T23:39:11","slug":"previsions-du-mardi-26-aout-2025-3","status":"publish","type":"post","link":"https:\/\/www.europesays.com\/fr\/343935\/","title":{"rendered":"pr\u00e9visions du mardi 26 ao\u00fbt 2025"},"content":{"rendered":"<p>C&rsquo;est une magnifique journ\u00e9e dont va profiter Nice, o\u00f9 le soleil va briller intens\u00e9ment. Il va faire environ 23\u00b0C. Un vent de nord-est rafra\u00eechira quelque peu l&rsquo;atmosph\u00e8re. Le matin, on anticipe des temp\u00e9ratures d&rsquo;environ 24\u00b0C. Les valeurs s&rsquo;\u00e9chelonneront entre 23\u00b0C et 25\u00b0C dans l&rsquo;apr\u00e8s-midi. Les temp\u00e9ratures tourneront autour des 22\u00b0C dans la soir\u00e9e. Une nuit claire vous attendra entre mardi et mercredi.<\/p>\n<p>Pour Nice, une m\u00e9t\u00e9o plus chaude est pr\u00e9vue demain puisque le mercure va conna\u00eetre une augmentation. Il fera 24\u00b0C en moyenne. Le matin, des nuages pars\u00e8meront le ciel, g\u00eanant ainsi l&rsquo;arriv\u00e9e du soleil. Du mauvais temps est \u00e0 pr\u00e9voir. Des pluies \u00e9parses vont tomber. Les valeurs seront comprises entre 21 et 25\u00b0C. Un vent de nord-est soufflera un peu, avec 11 km\/h. Le soleil sera au rendez-vous : un bel apr\u00e8s-midi se pr\u00e9sente ! Les temp\u00e9ratures afficheront entre 24 et 26\u00b0C. Les valeurs seront de 23\u00b0C au minimum et de 24\u00b0C au maximum la soir\u00e9e. Un petit vent de nord-est soufflera.<\/p>\n<p>Une m\u00e9t\u00e9o instable est attendue les prochains jours. Jeudi, la m\u00e9t\u00e9o sera pluvieuse tandis qu&rsquo;une am\u00e9lioration est pr\u00e9vue vendredi.<\/p>\n<p><\/p>\n","protected":false},"excerpt":{"rendered":"C&rsquo;est une magnifique journ\u00e9e dont va profiter Nice, o\u00f9 le soleil va briller intens\u00e9ment. Il va faire environ&hellip;\n","protected":false},"author":2,"featured_media":343936,"comment_status":"","ping_status":"","sticky":false,"template":"","format":"standard","meta":{"footnotes":""},"categories":[2819],"tags":[1111,11,2898,1777,674,1011,27,12,2401,883,2119,882,25],"class_list":{"0":"post-343935","1":"post","2":"type-post","3":"status-publish","4":"format-standard","5":"has-post-thumbnail","7":"category-nice","8":"tag-actu","9":"tag-actualites","10":"tag-alpes-maritimes","11":"tag-eu","12":"tag-europe","13":"tag-fr","14":"tag-france","15":"tag-news","16":"tag-nice","17":"tag-paca","18":"tag-previsions-meteo","19":"tag-provence-alpes-cote-dazur","20":"tag-republique-francaise"},"share_on_mastodon":{"url":"https:\/\/pubeurope.com\/@fr\/115092046740081634","error":""},"_links":{"self":[{"href":"https:\/\/www.europesays.com\/fr\/wp-json\/wp\/v2\/posts\/343935","targetHints":{"allow":["GET"]}}],"collection":[{"href":"https:\/\/www.europesays.com\/fr\/wp-json\/wp\/v2\/posts"}],"about":[{"href":"https:\/\/www.europesays.com\/fr\/wp-json\/wp\/v2\/types\/post"}],"author":[{"embeddable":true,"href":"https:\/\/www.europesays.com\/fr\/wp-json\/wp\/v2\/users\/2"}],"replies":[{"embeddable":true,"href":"https:\/\/www.europesays.com\/fr\/wp-json\/wp\/v2\/comments?post=343935"}],"version-history":[{"count":0,"href":"https:\/\/www.europesays.com\/fr\/wp-json\/wp\/v2\/posts\/343935\/revisions"}],"wp:featuredmedia":[{"embeddable":true,"href":"https:\/\/www.europesays.com\/fr\/wp-json\/wp\/v2\/media\/343936"}],"wp:attachment":[{"href":"https:\/\/www.europesays.com\/fr\/wp-json\/wp\/v2\/media?parent=343935"}],"wp:term":[{"taxonomy":"category","embeddable":true,"href":"https:\/\/www.europesays.com\/fr\/wp-json\/wp\/v2\/categories?post=343935"},{"taxonomy":"post_tag","embeddable":true,"href":"https:\/\/www.europesays.com\/fr\/wp-json\/wp\/v2\/tags?post=343935"}],"curies":[{"name":"wp","href":"https:\/\/api.w.org\/{rel}","templated":true}]}}