{"id":343939,"date":"2025-08-25T23:41:51","date_gmt":"2025-08-25T23:41:51","guid":{"rendered":"https:\/\/www.europesays.com\/fr\/343939\/"},"modified":"2025-08-25T23:41:51","modified_gmt":"2025-08-25T23:41:51","slug":"une-femme-gravement-blessee-apres-une-collision-entre-un-tram-et-une-voiture","status":"publish","type":"post","link":"https:\/\/www.europesays.com\/fr\/343939\/","title":{"rendered":"une femme gravement bless\u00e9e apr\u00e8s une collision entre un tram et une voiture"},"content":{"rendered":"<p>            Par<br \/>\n        <strong><br \/>\n            <a href=\"https:\/\/actu.fr\/auteur\/thomas-bernard\" title=\"Consulter tous les articles de Thomas Bernard\" rel=\"nofollow noopener\" target=\"_blank\">Thomas Bernard<\/a><br \/>\n        <\/strong><\/p>\n<p>        Publi\u00e9 le<\/p>\n<p>            25 ao\u00fbt 2025 \u00e0 10h17        <\/p>\n<p>Aux alentours de 9\u2009h\u200920, dimanche 24\u00a0ao\u00fbt 2025, les pompiers sont intervenus place de la Croix Bonneau \u00e0 <a href=\"https:\/\/actu.fr\/nantes\/\" rel=\"nofollow noopener\" target=\"_blank\">Nantes<\/a> (Loire-Atlantique) pour <strong>un accident de la circulation entre un tramway de la ligne 1 et un v\u00e9hicule<\/strong>.<\/p>\n<p>    <a href=\"https:\/\/www.google.com\/maps\/embed?pb=!1m18!1m12!1m3!1d1032.2693511705459!2d-1.5972256347340539!3d47.209366515092434!2m3!1f0!2f0!3f0!3m2!1i1024!2i768!4f13.1!3m3!1m2!1s0x4805ec7c7612fc6d%3A0xd157dd5db3048e1b!2sPl.%20de%20la%20Croix%20Bonneau%2C%2044100%20Nantes!5e1!3m2!1sfr!2sfr!4v1756108481877!5m2!1sfr!2sfr\" title=\"Ouvrie le lien\" rel=\"nofollow noopener\" target=\"_blank\">Cliquez ici pour visualiser le contenu<\/a><\/p>\n<p>La conductrice de la voiture bless\u00e9e<\/p>\n<p class=\" wall-content\">\u00ab\u2009L\u2019accident a fait une victime, la conductrice du v\u00e9hicule, <strong>une femme de 54\u00a0ans gravement bless\u00e9e<\/strong>, transport\u00e9e m\u00e9dicalis\u00e9e au CHU de Nantes\u2009\u00bb, rapporte le centre op\u00e9rationnel d\u00e9partemental d\u2019incendie et de secours (Codis).<\/p>\n<p class=\" wall-content\">D\u2019apr\u00e8s nos confr\u00e8res de <a href=\"https:\/\/www.ouest-france.fr\/societe\/faits-divers\/une-collision-avec-une-voiture-fait-derailler-un-tramway-a-nantes-89abfb9e-80cc-11f0-a070-ec6a7f83d549\" rel=\"nofollow noopener\" target=\"_blank\">Presse Oc\u00e9an<\/a>, les jours de la victime ne seraient plus danger.<\/p>\n<p class=\" wall-content\">Selon le Codis, aucun passager du tramway n\u2019a \u00e9t\u00e9 bless\u00e9. Choqu\u00e9e, la conductrice du tram a \u00e9t\u00e9 prise en charge sans \u00eatre hospitalis\u00e9e.<\/p>\n<p class=\" wall-content\">Personnalisez votre actualit\u00e9 en ajoutant vos villes et m\u00e9dias en favori avec <a href=\"https:\/\/moncompte.actu.fr\" title=\"D\u00e9couvez Mon Actu\" rel=\"nofollow noopener\" data-trk=\"{&quot;cta&quot;:{&quot;action&quot;:&quot;https:\\\/\\\/moncompte.actu.fr&quot;,&quot;category&quot;:&quot;mon compte&quot;,&quot;from&quot;:&quot;article footer&quot;,&quot;name&quot;:&quot;Mon actu&quot;,&quot;type&quot;:&quot;cta&quot;}}\" target=\"_blank\">Mon Actu<\/a>.<\/p>\n","protected":false},"excerpt":{"rendered":"Par Thomas Bernard Publi\u00e9 le 25 ao\u00fbt 2025 \u00e0 10h17 Aux alentours de 9\u2009h\u200920, dimanche 24\u00a0ao\u00fbt 2025, les&hellip;\n","protected":false},"author":2,"featured_media":53693,"comment_status":"","ping_status":"","sticky":false,"template":"","format":"standard","meta":{"footnotes":""},"categories":[2818],"tags":[119,1111,11,1777,674,118,1011,27,766,12,2636,1311,25],"class_list":{"0":"post-343939","1":"post","2":"type-post","3":"status-publish","4":"format-standard","5":"has-post-thumbnail","7":"category-nantes","8":"tag-accident","9":"tag-actu","10":"tag-actualites","11":"tag-eu","12":"tag-europe","13":"tag-faits-divers","14":"tag-fr","15":"tag-france","16":"tag-nantes","17":"tag-news","18":"tag-pays-de-la-loire","19":"tag-pompiers","20":"tag-republique-francaise"},"share_on_mastodon":{"url":"https:\/\/pubeurope.com\/@fr\/115092058435398557","error":""},"_links":{"self":[{"href":"https:\/\/www.europesays.com\/fr\/wp-json\/wp\/v2\/posts\/343939","targetHints":{"allow":["GET"]}}],"collection":[{"href":"https:\/\/www.europesays.com\/fr\/wp-json\/wp\/v2\/posts"}],"about":[{"href":"https:\/\/www.europesays.com\/fr\/wp-json\/wp\/v2\/types\/post"}],"author":[{"embeddable":true,"href":"https:\/\/www.europesays.com\/fr\/wp-json\/wp\/v2\/users\/2"}],"replies":[{"embeddable":true,"href":"https:\/\/www.europesays.com\/fr\/wp-json\/wp\/v2\/comments?post=343939"}],"version-history":[{"count":0,"href":"https:\/\/www.europesays.com\/fr\/wp-json\/wp\/v2\/posts\/343939\/revisions"}],"wp:featuredmedia":[{"embeddable":true,"href":"https:\/\/www.europesays.com\/fr\/wp-json\/wp\/v2\/media\/53693"}],"wp:attachment":[{"href":"https:\/\/www.europesays.com\/fr\/wp-json\/wp\/v2\/media?parent=343939"}],"wp:term":[{"taxonomy":"category","embeddable":true,"href":"https:\/\/www.europesays.com\/fr\/wp-json\/wp\/v2\/categories?post=343939"},{"taxonomy":"post_tag","embeddable":true,"href":"https:\/\/www.europesays.com\/fr\/wp-json\/wp\/v2\/tags?post=343939"}],"curies":[{"name":"wp","href":"https:\/\/api.w.org\/{rel}","templated":true}]}}