{"id":343940,"date":"2025-08-25T23:43:41","date_gmt":"2025-08-25T23:43:41","guid":{"rendered":"https:\/\/www.europesays.com\/fr\/343940\/"},"modified":"2025-08-25T23:43:41","modified_gmt":"2025-08-25T23:43:41","slug":"un-pan-de-lhistoire-du-hbc-nantes-qui-va-sarreter","status":"publish","type":"post","link":"https:\/\/www.europesays.com\/fr\/343940\/","title":{"rendered":"Un pan de l&rsquo;histoire du HBC Nantes qui va s&rsquo;arr\u00eater"},"content":{"rendered":"<p data-start=\"97\" data-end=\"449\">Pr\u00e9sent aux c\u00f4t\u00e9s de son capitaine pour l\u2019annonce de ce d\u00e9but de saison, <strong>Ga\u00ebl Pelletier, pr\u00e9sident du HBC Nantes,<\/strong> a tenu \u00e0 rendre hommage \u00e0 l\u2019un des plus grands joueurs de l\u2019histoire du club. Fid\u00e8le parmi les fid\u00e8les et recordman de tous les temps sous le maillot du \u00ab H \u00bb, Valero Rivera s\u2019appr\u00eate \u00e0 tirer sa r\u00e9v\u00e9rence \u00e0 la fin de l&rsquo;exercice 2025-2026.<\/p>\n<p data-start=\"451\" data-end=\"1653\"><br data-start=\"467\" data-end=\"470\"\/>\u00ab Je ne saurais m\u00eame pas dire combien de contrats et de prolongations nous avons sign\u00e9s avec Valero. Je sais en revanche que ce seront 14 ann\u00e9es au HBC Nantes \u00e0 la fin de la saison. Au milieu de ces 14 ann\u00e9es, il y a eu 2 petites saisons d&rsquo;infid\u00e9lit\u00e9 au \u00ab H \u00bb, mais que nous avons tr\u00e8s bien comprises puisque c\u2019\u00e9tait pour son club formateur, le Bar\u00e7a. Cela lui a donn\u00e9 la possibilit\u00e9 d\u2019aller 2 fois au Final 4 sans nous, une fois avec son club et une fois pour nous regarder y jouer la finale en 2018.<\/p>\n<p data-start=\"451\" data-end=\"1653\">Ce que je retiens de Valero, c\u2019est qu\u2019il a progress\u00e9 au fur et \u00e0 mesure avec le club. Le club a grandi, avec lui et gr\u00e2ce \u00e0 lui. Nous avons grandi ensemble jusqu\u2019\u00e0 devenir le club que nous sommes aujourd\u2019hui.<\/p>\n<p data-start=\"451\" data-end=\"1653\"><br data-start=\"1182\" data-end=\"1185\"\/>C\u2019est un pan de l\u2019histoire du HBC Nantes qui va s\u2019arr\u00eater avec la retraite de Valero, mais il a dit l\u2019essentiel, \u00e0 savoir que nous avons encore une saison \u00e0 jouer. Je formule \u00e9videmment le v\u0153u, pour lui et pour nous, que cette saison se passe de la meilleure fa\u00e7on possible et que l\u2019on atteigne quelque chose que le HBC Nantes n\u2019a pas encore atteint \u00e0 l\u2019issue de cette saison. Cela serait la meilleure fa\u00e7on de remercier Valero pour toutes ces ann\u00e9es de progression. \u00bb<\/p>\n<p data-start=\"451\" data-end=\"1653\">\u00a0<\/p>\n<p data-start=\"451\" data-end=\"1653\"><img decoding=\"async\" src=\"https:\/\/www.europesays.com\/fr\/wp-content\/uploads\/2025\/08\/62d419319c749446e89364c450ec2586.jpeg\"\/><\/p>\n<p data-start=\"451\" data-end=\"1653\">\u00a0<\/p>\n<p data-start=\"1655\" data-end=\"2202\">Le pr\u00e9sident, nostalgique, raconte le dernier contrat qu\u2019ils ont n\u00e9goci\u00e9 ensemble, au caf\u00e9, \u00e0 l\u2019a\u00e9roport de Paris, il y a d\u00e9j\u00e0 plusieurs mois.<\/p>\n<p data-start=\"1655\" data-end=\"2202\">\u00ab Nous avons conclu en 2 minutes, je pense. La seule diff\u00e9rence avec les ann\u00e9es ant\u00e9rieures, c\u2019est qu\u2019il m\u2019a dit que ce serait le dernier contrat qu\u2019il signerait. C\u2019est ainsi que s\u2019est d\u00e9roul\u00e9e notre derni\u00e8re n\u00e9gociation, de mani\u00e8re tr\u00e8s simple. Notre relation avec Valero a toujours \u00e9t\u00e9 tr\u00e8s simple, il n\u2019y a jamais eu d\u2019ambigu\u00eft\u00e9 sur nos ambitions et sur sa motivation pour travailler avec le club. \u00bb<\/p>\n<p data-start=\"1655\" data-end=\"2202\">\u00a0<\/p>\n<p data-start=\"1655\" data-end=\"2202\"><img decoding=\"async\" src=\"https:\/\/www.europesays.com\/fr\/wp-content\/uploads\/2025\/08\/fc5fb8d12aa0a7b66401ff4cdbb2eeea.jpeg\"\/><\/p>\n<p data-start=\"1655\" data-end=\"2202\">\u00a0<\/p>\n<p data-start=\"2204\" data-end=\"2599\">Capitaine depuis le d\u00e9part de son ex-co\u00e9quipier Rock Feliho, Valero Rivera assume ce r\u00f4le avec exemplarit\u00e9.<\/p>\n<p data-start=\"2204\" data-end=\"2599\">\u00ab Merci Valero, pour tout ce que tu as apport\u00e9 au club et pour ce que tu continueras \u00e0 donner jusqu\u2019au bout. Dans notre \u00e9quipe, nous avons encore des joueurs qui ont \u00e0 gagner en exp\u00e9rience et je sais que tu t\u2019appliques beaucoup dans ta mission de capitaine \u00e0 transmettre nos valeurs. \u00bb<\/p>\n<p data-start=\"2204\" data-end=\"2599\">\u00a0<\/p>\n<p data-start=\"2601\" data-end=\"2739\">\u00ab Un grand merci. Je te souhaite, je nous souhaite, une tr\u00e8s belle saison car nous avons encore plein de belles choses \u00e0 vivre ensemble. \u00bb<\/p>\n","protected":false},"excerpt":{"rendered":"Pr\u00e9sent aux c\u00f4t\u00e9s de son capitaine pour l\u2019annonce de ce d\u00e9but de saison, Ga\u00ebl Pelletier, pr\u00e9sident du HBC&hellip;\n","protected":false},"author":2,"featured_media":343941,"comment_status":"","ping_status":"","sticky":false,"template":"","format":"standard","meta":{"footnotes":""},"categories":[2818],"tags":[1111,11,1777,674,1011,27,766,12,2636,25],"class_list":{"0":"post-343940","1":"post","2":"type-post","3":"status-publish","4":"format-standard","5":"has-post-thumbnail","7":"category-nantes","8":"tag-actu","9":"tag-actualites","10":"tag-eu","11":"tag-europe","12":"tag-fr","13":"tag-france","14":"tag-nantes","15":"tag-news","16":"tag-pays-de-la-loire","17":"tag-republique-francaise"},"share_on_mastodon":{"url":"https:\/\/pubeurope.com\/@fr\/115092062850701967","error":""},"_links":{"self":[{"href":"https:\/\/www.europesays.com\/fr\/wp-json\/wp\/v2\/posts\/343940","targetHints":{"allow":["GET"]}}],"collection":[{"href":"https:\/\/www.europesays.com\/fr\/wp-json\/wp\/v2\/posts"}],"about":[{"href":"https:\/\/www.europesays.com\/fr\/wp-json\/wp\/v2\/types\/post"}],"author":[{"embeddable":true,"href":"https:\/\/www.europesays.com\/fr\/wp-json\/wp\/v2\/users\/2"}],"replies":[{"embeddable":true,"href":"https:\/\/www.europesays.com\/fr\/wp-json\/wp\/v2\/comments?post=343940"}],"version-history":[{"count":0,"href":"https:\/\/www.europesays.com\/fr\/wp-json\/wp\/v2\/posts\/343940\/revisions"}],"wp:featuredmedia":[{"embeddable":true,"href":"https:\/\/www.europesays.com\/fr\/wp-json\/wp\/v2\/media\/343941"}],"wp:attachment":[{"href":"https:\/\/www.europesays.com\/fr\/wp-json\/wp\/v2\/media?parent=343940"}],"wp:term":[{"taxonomy":"category","embeddable":true,"href":"https:\/\/www.europesays.com\/fr\/wp-json\/wp\/v2\/categories?post=343940"},{"taxonomy":"post_tag","embeddable":true,"href":"https:\/\/www.europesays.com\/fr\/wp-json\/wp\/v2\/tags?post=343940"}],"curies":[{"name":"wp","href":"https:\/\/api.w.org\/{rel}","templated":true}]}}