{"id":343946,"date":"2025-08-25T23:46:16","date_gmt":"2025-08-25T23:46:16","guid":{"rendered":"https:\/\/www.europesays.com\/fr\/343946\/"},"modified":"2025-08-25T23:46:16","modified_gmt":"2025-08-25T23:46:16","slug":"toulouse-la-ligne-b-du-metro-partiellement-interrompue-en-soiree-voici-comment-se-deplacer","status":"publish","type":"post","link":"https:\/\/www.europesays.com\/fr\/343946\/","title":{"rendered":"Toulouse. La ligne B du m\u00e9tro partiellement interrompue en soir\u00e9e : voici comment se d\u00e9placer"},"content":{"rendered":"<p>            Par<br \/>\n        <strong><br \/>\n            <a href=\"https:\/\/actu.fr\/auteur\/lea-afonso\" title=\"Consulter tous les articles de L\u00e9a Afonso\" target=\"_blank\" rel=\"noopener\">L\u00e9a Afonso<\/a><br \/>\n        <\/strong><\/p>\n<p>        Publi\u00e9 le<\/p>\n<p>            25 ao\u00fbt 2025 \u00e0 12h04        <\/p>\n<p>Des trajets \u00e0 anticiper. Ce lundi 25\u00a0ao\u00fbt 2025, en soir\u00e9e, des arr\u00eats de <strong>la ligne B<\/strong> du <a href=\"https:\/\/actu.fr\/tag\/metro-de-toulouse\" target=\"_blank\" rel=\"noopener\">m\u00e9tro de Toulouse<\/a> ne seront <strong>pas desservis<\/strong>. Effectivement, le m\u00e9tro sera arr\u00eat\u00e9 jusqu\u2019\u00e0 mardi. Voici les arr\u00eats concern\u00e9s et comment se d\u00e9placer.<\/p>\n<p>Des arr\u00eats non desservis<\/p>\n<p class=\" wall-content\">Pas moins de sept arr\u00eats de la ligne B seront coup\u00e9s de tout m\u00e9tro <strong>\u00e0 partir de 21\u2009h\u200930<\/strong> dans la soir\u00e9e du 25\u00a0ao\u00fbt. Ne seront pas desservies les stations\u2009: <strong>Ramonville, Universit\u00e9 Paul Sabatier, Facult\u00e9 de pharmacie, Rangueil, Saouzelong, Saint Agne SNCF et Empalot<\/strong>.<\/p>\n<p>Comment se d\u00e9placer\u2009?<\/p>\n<p class=\" wall-content\">D\u00e8s 21\u2009h\u200930, Tiss\u00e9o pr\u00e9voit la mise en place de <strong>bus relais<\/strong> pour effectuer la liaison entre Ramonville et Palais de Justice avec<strong> une fr\u00e9quence de 10\u00a0minutes.<\/strong><\/p>\n<p class=\" wall-content\">Dernier d\u00e9part de Ramonville\u2009: 0h00<br \/>Dernier d\u00e9part de\u00a0Palais de Justice\u2009: 0h32<\/p>\n<p>    <img   decoding=\"async\" loading=\"lazy\" src=\"https:\/\/www.europesays.com\/fr\/wp-content\/uploads\/2025\/08\/capture-decran-2025-08-25-a-103945-960x640.png\" alt=\"Le plan du bus relai B' mis en place par Tiss\u00e9o;\" width=\"960\" height=\"640\"\/><br \/>\n    Le plan du bus relai B\u2019 mis en place par Tiss\u00e9o\u2009; (\u00a9Capture d\u2019\u00e9cran Tiss\u00e9o)Vid\u00e9os : en ce moment sur Actu<\/p>\n<p class=\" wall-content\">Quant \u00e0 la<strong> ligne 44<\/strong>, elle effectue la liaison entre Universit\u00e9 Paul Sabatier et Carmes.<\/p>\n<p class=\" wall-content\">Personnalisez votre actualit\u00e9 en ajoutant vos villes et m\u00e9dias en favori avec <a href=\"https:\/\/moncompte.actu.fr\" title=\"D\u00e9couvez Mon Actu\" rel=\"nofollow noopener\" data-trk=\"{&quot;cta&quot;:{&quot;action&quot;:&quot;https:\\\/\\\/moncompte.actu.fr&quot;,&quot;category&quot;:&quot;mon compte&quot;,&quot;from&quot;:&quot;article footer&quot;,&quot;name&quot;:&quot;Mon actu&quot;,&quot;type&quot;:&quot;cta&quot;}}\" target=\"_blank\">Mon Actu<\/a>.<\/p>\n","protected":false},"excerpt":{"rendered":"Par L\u00e9a Afonso Publi\u00e9 le 25 ao\u00fbt 2025 \u00e0 12h04 Des trajets \u00e0 anticiper. Ce lundi 25\u00a0ao\u00fbt 2025,&hellip;\n","protected":false},"author":2,"featured_media":343947,"comment_status":"","ping_status":"","sticky":false,"template":"","format":"standard","meta":{"footnotes":""},"categories":[2816],"tags":[1111,11,1777,674,1011,27,10596,12,2680,25,104,5400,2312],"class_list":{"0":"post-343946","1":"post","2":"type-post","3":"status-publish","4":"format-standard","5":"has-post-thumbnail","7":"category-toulouse","8":"tag-actu","9":"tag-actualites","10":"tag-eu","11":"tag-europe","12":"tag-fr","13":"tag-france","14":"tag-metro-de-toulouse","15":"tag-news","16":"tag-occitanie","17":"tag-republique-francaise","18":"tag-societe","19":"tag-tisseo","20":"tag-toulouse"},"share_on_mastodon":{"url":"https:\/\/pubeurope.com\/@fr\/115092074366856752","error":""},"_links":{"self":[{"href":"https:\/\/www.europesays.com\/fr\/wp-json\/wp\/v2\/posts\/343946","targetHints":{"allow":["GET"]}}],"collection":[{"href":"https:\/\/www.europesays.com\/fr\/wp-json\/wp\/v2\/posts"}],"about":[{"href":"https:\/\/www.europesays.com\/fr\/wp-json\/wp\/v2\/types\/post"}],"author":[{"embeddable":true,"href":"https:\/\/www.europesays.com\/fr\/wp-json\/wp\/v2\/users\/2"}],"replies":[{"embeddable":true,"href":"https:\/\/www.europesays.com\/fr\/wp-json\/wp\/v2\/comments?post=343946"}],"version-history":[{"count":0,"href":"https:\/\/www.europesays.com\/fr\/wp-json\/wp\/v2\/posts\/343946\/revisions"}],"wp:featuredmedia":[{"embeddable":true,"href":"https:\/\/www.europesays.com\/fr\/wp-json\/wp\/v2\/media\/343947"}],"wp:attachment":[{"href":"https:\/\/www.europesays.com\/fr\/wp-json\/wp\/v2\/media?parent=343946"}],"wp:term":[{"taxonomy":"category","embeddable":true,"href":"https:\/\/www.europesays.com\/fr\/wp-json\/wp\/v2\/categories?post=343946"},{"taxonomy":"post_tag","embeddable":true,"href":"https:\/\/www.europesays.com\/fr\/wp-json\/wp\/v2\/tags?post=343946"}],"curies":[{"name":"wp","href":"https:\/\/api.w.org\/{rel}","templated":true}]}}