{"id":343948,"date":"2025-08-25T23:47:22","date_gmt":"2025-08-25T23:47:22","guid":{"rendered":"https:\/\/www.europesays.com\/fr\/343948\/"},"modified":"2025-08-25T23:47:22","modified_gmt":"2025-08-25T23:47:22","slug":"cest-quoi-ce-tournage-ou-un-homme-saute-au-dessus-du-pont-neuf-a-toulouse","status":"publish","type":"post","link":"https:\/\/www.europesays.com\/fr\/343948\/","title":{"rendered":"C\u2019est quoi ce tournage o\u00f9 un homme saute au-dessus du Pont Neuf \u00e0 Toulouse\u00a0?"},"content":{"rendered":"<p>\n                                                                    l&rsquo;essentiel<br \/>\n                                                                Le tournage de la s\u00e9rie La Cible transforme le Pont Neuf de Toulouse en d\u00e9cor spectaculaire. Entre sc\u00e8nes de voltige au-dessus de la Garonne et pr\u00e9sence de Tomer Sisley, l\u2019\u00e9v\u00e9nement attire d\u00e9j\u00e0 l\u2019attention.\n                            <\/p>\n<p>Depuis ce lundi matin, le Pont Neuf \u00e0 Toulouse accueille un tournage. Et pas des moindres\u00a0: des sc\u00e8nes de voltige sont en pr\u00e9paration. Sous un soleil de plomb, des dizaines de passants sont affair\u00e9s autour d\u2019une zone d\u00e9limit\u00e9e par de la rubalise.<\/p>\n<p>        <img decoding=\"async\" class=\"std-img__img responsive-img\" src=\"https:\/\/www.europesays.com\/fr\/wp-content\/uploads\/2025\/08\/1756165641_975_image.jpg\" alt=\"Le tournage a d\u00e9but\u00e9 ce lundi matin.\"\/><\/p>\n<p>                Le tournage a d\u00e9but\u00e9 ce lundi matin.<br \/>\n                                    DDM &#8211; MVO<\/p>\n<p class=\"std-elt__inline\">\n        <strong>\u00c0 lire aussi :<\/strong><br \/>\n        <a href=\"https:\/\/www.ladepeche.fr\/2025\/07\/11\/quels-sont-les-films-cultes-au-programme-des-projections-en-plein-air-de-la-cinematheque-de-toulouse-12813500.php\" rel=\"nofollow noopener\" target=\"_blank\">Quels sont les films cultes au programme des projections en plein air de La Cin\u00e9math\u00e8que de Toulouse\u00a0?<\/a>\n    <\/p>\n<p>Au milieu\u00a0: un petit camion-grue rouge, auquel deux hommes sont attach\u00e9s par des \u00e9lastiques. L\u2019un est cam\u00e9raman, l\u2019autre acteur (probablement de doublage). Ils prennent de l\u2019\u00e9lan sur le pont pour sauter au-dessus, dans la Garonne. Accroch\u00e9s, ils ne tombent \u00e9videmment pas dans l\u2019eau.<\/p>\n<p class=\"std-elt__inline\">\n        <strong>\u00c0 lire aussi :<\/strong><br \/>\n        <a href=\"https:\/\/www.ladepeche.fr\/2025\/08\/20\/lactu-des-bars-a-toulouse-dagobar-ouvre-aux-carmes-entre-cinema-culte-et-cocktails-a-prix-doux-12883015.php\" rel=\"nofollow noopener\" target=\"_blank\">L\u2019actu des bars \u00e0 Toulouse\u00a0: Dagobar ouvre aux Carmes entre cin\u00e9ma culte et cocktails \u00e0 prix doux<\/a>\n    <\/p>\n<p>Des entra\u00eenements \u00e9taient effectu\u00e9s ce lundi, avant le r\u00e9el tournage sur le Pont Neuf, qui\u00a0sera investi jusqu\u2019\u00e0 mercredi.\u00a0Ferm\u00e9 \u00e0 la circulation des voitures, il \u00e9tait malgr\u00e9 tout empruntable par les pi\u00e9tons et les cyclistes, pied \u00e0 terre, ce lundi apr\u00e8s-midi.\u00a0\u00ab\u00a0C\u2019est vraiment sympa de voir \u00e7a ici, et impressionnant, sourit\u00a0une Toulousaine rencontr\u00e9e sur place. La Ville rose est un vrai terrain culturel, et il y a souvent des films tourn\u00e9s en Occitanie.\u00a0\u00bb<\/p>\n<p>        <img decoding=\"async\" class=\"std-img__img responsive-img\" src=\"https:\/\/www.europesays.com\/fr\/wp-content\/uploads\/2025\/08\/1756165642_318_image.jpg\" alt=\"Tomer Sisley joue dans la s\u00e9rie en tournage.\"\/><\/p>\n<p>                Tomer Sisley joue dans la s\u00e9rie en tournage.<br \/>\n                                    DDM &#8211; NATHAN BARANGE<\/p>\n<p class=\"std-elt__inline\">\n        <strong>\u00c0 lire aussi :<\/strong><br \/>\n        <a href=\"https:\/\/www.ladepeche.fr\/2025\/08\/20\/laura-smet-offre-aussi-un-peu-delle-meme-tomer-sisley-est-elegant-et-genereux-sortie-de-la-serie-surface-et-reedition-du-roman-de-laveyronnais-olivier-12883041.php\" rel=\"nofollow noopener\" target=\"_blank\">Sortie en s\u00e9rie TV du roman \u00ab\u00a0Surface\u00a0\u00bb d\u2019Olivier Norek\u00a0: \u00ab\u00a0Laura Smet offre un peu d\u2019elle-m\u00eame\u00a0et Tomer Sisley est \u00e9l\u00e9gant et g\u00e9n\u00e9reux\u00a0\u00bb<\/a>\n    <\/p>\n<p>En l\u2019occurrence, c\u2019est une s\u00e9rie qui est en pr\u00e9paration. Nomm\u00e9e\u00a0La Cible, elle sera diffus\u00e9e sur TF1.\u00a0Aper\u00e7u assis sur une poutre sur le c\u00f4t\u00e9 du pont, ou \u00e9changeant avec les \u00e9quipes techniques, l\u2019acteur <a href=\"https:\/\/www.instagram.com\/tomersisley\/\" target=\"_self\" rel=\"nofollow noopener\">Tomer Sisley<\/a>, notamment connu pour avoir incarn\u00e9\u00a0le h\u00e9ros de bande dessin\u00e9e Largo Winch, est vraisemblablement l\u2019un des personnages principaux de cette future s\u00e9rie.<\/p>\n<p>                                                                                                                                                                                                        <script async src=\"\/\/www.instagram.com\/embed.js\"><\/script><\/p>\n","protected":false},"excerpt":{"rendered":"l&rsquo;essentiel Le tournage de la s\u00e9rie La Cible transforme le Pont Neuf de Toulouse en d\u00e9cor spectaculaire. Entre&hellip;\n","protected":false},"author":2,"featured_media":343949,"comment_status":"","ping_status":"","sticky":false,"template":"","format":"standard","meta":{"footnotes":""},"categories":[2816],"tags":[1111,11,1777,674,1011,27,12,2680,25,2312],"class_list":{"0":"post-343948","1":"post","2":"type-post","3":"status-publish","4":"format-standard","5":"has-post-thumbnail","7":"category-toulouse","8":"tag-actu","9":"tag-actualites","10":"tag-eu","11":"tag-europe","12":"tag-fr","13":"tag-france","14":"tag-news","15":"tag-occitanie","16":"tag-republique-francaise","17":"tag-toulouse"},"share_on_mastodon":{"url":"https:\/\/pubeurope.com\/@fr\/115092078412789890","error":""},"_links":{"self":[{"href":"https:\/\/www.europesays.com\/fr\/wp-json\/wp\/v2\/posts\/343948","targetHints":{"allow":["GET"]}}],"collection":[{"href":"https:\/\/www.europesays.com\/fr\/wp-json\/wp\/v2\/posts"}],"about":[{"href":"https:\/\/www.europesays.com\/fr\/wp-json\/wp\/v2\/types\/post"}],"author":[{"embeddable":true,"href":"https:\/\/www.europesays.com\/fr\/wp-json\/wp\/v2\/users\/2"}],"replies":[{"embeddable":true,"href":"https:\/\/www.europesays.com\/fr\/wp-json\/wp\/v2\/comments?post=343948"}],"version-history":[{"count":0,"href":"https:\/\/www.europesays.com\/fr\/wp-json\/wp\/v2\/posts\/343948\/revisions"}],"wp:featuredmedia":[{"embeddable":true,"href":"https:\/\/www.europesays.com\/fr\/wp-json\/wp\/v2\/media\/343949"}],"wp:attachment":[{"href":"https:\/\/www.europesays.com\/fr\/wp-json\/wp\/v2\/media?parent=343948"}],"wp:term":[{"taxonomy":"category","embeddable":true,"href":"https:\/\/www.europesays.com\/fr\/wp-json\/wp\/v2\/categories?post=343948"},{"taxonomy":"post_tag","embeddable":true,"href":"https:\/\/www.europesays.com\/fr\/wp-json\/wp\/v2\/tags?post=343948"}],"curies":[{"name":"wp","href":"https:\/\/api.w.org\/{rel}","templated":true}]}}