{"id":343950,"date":"2025-08-25T23:48:26","date_gmt":"2025-08-25T23:48:26","guid":{"rendered":"https:\/\/www.europesays.com\/fr\/343950\/"},"modified":"2025-08-25T23:48:26","modified_gmt":"2025-08-25T23:48:26","slug":"les-serveurs-nont-pas-de-mayonnaise-il-met-le-feu-au-bar-il-y-avait-des-familles","status":"publish","type":"post","link":"https:\/\/www.europesays.com\/fr\/343950\/","title":{"rendered":"Les serveurs n\u2019ont pas de mayonnaise, il met le feu au bar\u00a0: \u00ab\u00a0Il y avait des familles\u00a0\u00bb"},"content":{"rendered":"<p>Sc\u00e8ne surr\u00e9aliste mercredi soir \u00e0 Los Palacios y Villafranca (Espagne). Un homme de 50\u00a0ans a \u00e9t\u00e9 arr\u00eat\u00e9 apr\u00e8s avoir incendi\u00e9 un bar. Le motif de son acte\u00a0est compl\u00e8tement surr\u00e9aliste, rapporte <a href=\"https:\/\/www.20minutos.es\/andalucia\/sevilla\/detienen-hombre-prender-fuego-bar-ponerle-mayonesa-bocadillo-surrealista_6237883_0.html\" rel=\"nofollow noopener\" target=\"_blank\">20\u00a0Minutos<\/a>.<\/p>\n<p>\u00ab\u00a0Il n\u2019y a pas eu de bless\u00e9s\u00a0\u00bb<\/p>\n<p>Selon la Guardia Civil, les faits se sont d\u00e9roul\u00e9s vers 19\u00a0heures dans le bar Las Postas. Le client avait command\u00e9 deux montaditos et deux bi\u00e8res avant de demander de la mayonnaise. Le serveur lui a r\u00e9pondu que le bar n\u2019avait pas de cuisine et que les montaditos arrivent d\u00e9j\u00e0 pr\u00e9par\u00e9s. Une autre employ\u00e9e lui a donn\u00e9 la m\u00eame r\u00e9ponse, sans provoquer de r\u00e9action particuli\u00e8re. Mais quelques minutes plus tard, l\u2019homme est revenu avec une bouteille d\u2019essence achet\u00e9e \u00e0 la station-service voisine. <strong>\u00ab\u00a0Vous \u00eates s\u00fbr qu\u2019il n\u2019y a pas de mayonnaise\u00a0?\u00a0\u00bb<\/strong> a-t-il cri\u00e9 avant de verser l\u2019essence sur le comptoir et mettre le feu avec un briquet. <strong>\u00ab\u00a0Il y avait des enfants et des familles\u00a0\u00bb<\/strong>, indique le patron.<\/p>\n<p>Dans la panique, les clients ont fui ou se sont r\u00e9fugi\u00e9s dans les toilettes, tandis qu\u2019un employ\u00e9 utilisait un extincteur pour \u00e9teindre les flammes. Des passants ont poursuivi l\u2019homme et l\u2019ont retenu jusqu\u2019\u00e0 l\u2019arriv\u00e9e de la police locale. Le suspect a \u00e9t\u00e9 bless\u00e9 \u00e0 la main en manipulant l\u2019essence. Apr\u00e8s un passage \u00e0 l\u2019h\u00f4pital, il a \u00e9t\u00e9 plac\u00e9 en garde \u00e0 vue. La justice a ordonn\u00e9 son placement en d\u00e9tention provisoire.<\/p>\n<p><strong>Lire aussi<\/strong>\u00a0: <a href=\"https:\/\/rennes.maville.com\/actu\/actudet_-leur-maison-est-squattee-par-une-femme-depuis-8-ans-elle-a-eu-le-culot-d-appeler-la-police-_53511-6942024_actu.Htm\" rel=\"- nofollow noopener\" target=\"_blank\">Leur maison est squatt\u00e9e par une femme depuis 8\u00a0ans\u00a0: \u00ab\u00a0Elle a eu le culot d\u2019appeler la police\u00a0\u00bb<\/a><\/p>\n<p>Les d\u00e9g\u00e2ts mat\u00e9riels sont estim\u00e9s entre 7\u00a0000\u00a0et 10\u00a0000 euros. <strong>\u00ab\u00a0Le plus important, c\u2019est qu\u2019il n\u2019y a pas eu de bless\u00e9s\u00a0\u00bb<\/strong>, relativise le propri\u00e9taire. Gr\u00e2ce \u00e0 l\u2019aide des employ\u00e9s, le bar a pu rouvrir d\u00e8s le lendemain matin. <strong>\u00ab\u00a0Nos clients sont venus comme si de rien n\u2019\u00e9tait. Certains ont m\u00eame propos\u00e9 leur aide. Nous avons une client\u00e8le tr\u00e8s fid\u00e8le\u00a0\u00bb<\/strong>, conclut-il.<\/p>\n<p>\u00a0<\/p>\n","protected":false},"excerpt":{"rendered":"Sc\u00e8ne surr\u00e9aliste mercredi soir \u00e0 Los Palacios y Villafranca (Espagne). Un homme de 50\u00a0ans a \u00e9t\u00e9 arr\u00eat\u00e9 apr\u00e8s&hellip;\n","protected":false},"author":2,"featured_media":343951,"comment_status":"","ping_status":"","sticky":false,"template":"","format":"standard","meta":{"footnotes":""},"categories":[2815],"tags":[1111,11,9732,1777,674,11265,1312,1011,27,811,1307,47993,3736,12,25,47992],"class_list":{"0":"post-343950","1":"post","2":"type-post","3":"status-publish","4":"format-standard","5":"has-post-thumbnail","7":"category-lille","8":"tag-actu","9":"tag-actualites","10":"tag-bar","11":"tag-eu","12":"tag-europe","13":"tag-familles","14":"tag-feu","15":"tag-fr","16":"tag-france","17":"tag-hauts-de-france","18":"tag-lille","19":"tag-mayonnaise","20":"tag-met","21":"tag-news","22":"tag-republique-francaise","23":"tag-serveurs"},"share_on_mastodon":{"url":"https:\/\/pubeurope.com\/@fr\/115092082101987632","error":""},"_links":{"self":[{"href":"https:\/\/www.europesays.com\/fr\/wp-json\/wp\/v2\/posts\/343950","targetHints":{"allow":["GET"]}}],"collection":[{"href":"https:\/\/www.europesays.com\/fr\/wp-json\/wp\/v2\/posts"}],"about":[{"href":"https:\/\/www.europesays.com\/fr\/wp-json\/wp\/v2\/types\/post"}],"author":[{"embeddable":true,"href":"https:\/\/www.europesays.com\/fr\/wp-json\/wp\/v2\/users\/2"}],"replies":[{"embeddable":true,"href":"https:\/\/www.europesays.com\/fr\/wp-json\/wp\/v2\/comments?post=343950"}],"version-history":[{"count":0,"href":"https:\/\/www.europesays.com\/fr\/wp-json\/wp\/v2\/posts\/343950\/revisions"}],"wp:featuredmedia":[{"embeddable":true,"href":"https:\/\/www.europesays.com\/fr\/wp-json\/wp\/v2\/media\/343951"}],"wp:attachment":[{"href":"https:\/\/www.europesays.com\/fr\/wp-json\/wp\/v2\/media?parent=343950"}],"wp:term":[{"taxonomy":"category","embeddable":true,"href":"https:\/\/www.europesays.com\/fr\/wp-json\/wp\/v2\/categories?post=343950"},{"taxonomy":"post_tag","embeddable":true,"href":"https:\/\/www.europesays.com\/fr\/wp-json\/wp\/v2\/tags?post=343950"}],"curies":[{"name":"wp","href":"https:\/\/api.w.org\/{rel}","templated":true}]}}