{"id":343954,"date":"2025-08-25T23:50:13","date_gmt":"2025-08-25T23:50:13","guid":{"rendered":"https:\/\/www.europesays.com\/fr\/343954\/"},"modified":"2025-08-25T23:50:13","modified_gmt":"2025-08-25T23:50:13","slug":"previsions-du-mardi-26-aout-2025-5","status":"publish","type":"post","link":"https:\/\/www.europesays.com\/fr\/343954\/","title":{"rendered":"pr\u00e9visions du mardi 26 ao\u00fbt 2025"},"content":{"rendered":"<p>Le soleil sera au rendez-vous \u00e0 Marseille : une belle journ\u00e9e se profile ! Les valeurs s&rsquo;\u00e9chelonneront de 22 \u00e0 26\u00b0C. Un petit vent de sud-est sera ressenti par les habitants. Les temp\u00e9ratures seront comprises entre 23\u00b0C et 26\u00b0C dans la matin\u00e9e. Les valeurs afficheront entre 25 et 26\u00b0C l&rsquo;apr\u00e8s-midi. Le soir, le mercure affichera 24\u00b0C en moyenne. Durant la nuit de mardi \u00e0 mercredi, le ciel sera clair.<\/p>\n<p>Le ciel de Marseille sera assez lumineux, avec quelques \u00e9claircies demain. L&rsquo;air ambiant va se r\u00e9chauffer avec une hausse de quelques degr\u00e9s. Il fera 25\u00b0C en moyenne. Les temp\u00e9ratures seront de 25\u00b0C au cours de la matin\u00e9e. Une brise d&rsquo;est soufflera l\u00e9g\u00e8rement. Les maximales atteindront les 27\u00b0C dans l&rsquo;apr\u00e8s-midi tandis que les minimales seront de 26\u00b0C. Demain soir, on verra l&rsquo;apparition de l\u00e9gers nuages. Un vent d&rsquo;est rafra\u00eechira sensiblement l&rsquo;atmosph\u00e8re.<\/p>\n<p>Des changements sont attendus les prochains jours. \u00c0 la suite d&rsquo;une journ\u00e9e pluvieuse jeudi, on s&rsquo;attend \u00e0 une am\u00e9lioration vendredi.<\/p>\n<p><\/p>\n","protected":false},"excerpt":{"rendered":"Le soleil sera au rendez-vous \u00e0 Marseille : une belle journ\u00e9e se profile ! Les valeurs s&rsquo;\u00e9chelonneront de&hellip;\n","protected":false},"author":2,"featured_media":343955,"comment_status":"","ping_status":"","sticky":false,"template":"","format":"standard","meta":{"footnotes":""},"categories":[2814],"tags":[1111,11,1777,674,1011,27,884,12,2119,882,25],"class_list":{"0":"post-343954","1":"post","2":"type-post","3":"status-publish","4":"format-standard","5":"has-post-thumbnail","7":"category-marseille","8":"tag-actu","9":"tag-actualites","10":"tag-eu","11":"tag-europe","12":"tag-fr","13":"tag-france","14":"tag-marseille","15":"tag-news","16":"tag-previsions-meteo","17":"tag-provence-alpes-cote-dazur","18":"tag-republique-francaise"},"share_on_mastodon":{"url":"https:\/\/pubeurope.com\/@fr\/115092089990624169","error":""},"_links":{"self":[{"href":"https:\/\/www.europesays.com\/fr\/wp-json\/wp\/v2\/posts\/343954","targetHints":{"allow":["GET"]}}],"collection":[{"href":"https:\/\/www.europesays.com\/fr\/wp-json\/wp\/v2\/posts"}],"about":[{"href":"https:\/\/www.europesays.com\/fr\/wp-json\/wp\/v2\/types\/post"}],"author":[{"embeddable":true,"href":"https:\/\/www.europesays.com\/fr\/wp-json\/wp\/v2\/users\/2"}],"replies":[{"embeddable":true,"href":"https:\/\/www.europesays.com\/fr\/wp-json\/wp\/v2\/comments?post=343954"}],"version-history":[{"count":0,"href":"https:\/\/www.europesays.com\/fr\/wp-json\/wp\/v2\/posts\/343954\/revisions"}],"wp:featuredmedia":[{"embeddable":true,"href":"https:\/\/www.europesays.com\/fr\/wp-json\/wp\/v2\/media\/343955"}],"wp:attachment":[{"href":"https:\/\/www.europesays.com\/fr\/wp-json\/wp\/v2\/media?parent=343954"}],"wp:term":[{"taxonomy":"category","embeddable":true,"href":"https:\/\/www.europesays.com\/fr\/wp-json\/wp\/v2\/categories?post=343954"},{"taxonomy":"post_tag","embeddable":true,"href":"https:\/\/www.europesays.com\/fr\/wp-json\/wp\/v2\/tags?post=343954"}],"curies":[{"name":"wp","href":"https:\/\/api.w.org\/{rel}","templated":true}]}}