{"id":343956,"date":"2025-08-25T23:51:11","date_gmt":"2025-08-25T23:51:11","guid":{"rendered":"https:\/\/www.europesays.com\/fr\/343956\/"},"modified":"2025-08-25T23:51:11","modified_gmt":"2025-08-25T23:51:11","slug":"marseille-accueille-huit-enfants-sahraouis-refugies-grace-au-programme-vacances-en-paix","status":"publish","type":"post","link":"https:\/\/www.europesays.com\/fr\/343956\/","title":{"rendered":"Marseille accueille huit enfants sahraouis r\u00e9fugi\u00e9s gr\u00e2ce au programme Vacances en paix"},"content":{"rendered":"\n<p>Du 10\u00a0juillet au 22\u00a0ao\u00fbt, la ville de Marseille a accueilli huit jeunes r\u00e9fugi\u00e9s sahraouis originaires des camps de Tindouf, dans le cadre du programme Vacances en paix. L\u2019initiative, port\u00e9e par la Ligue de l\u2019enseignement et L\u00e9o Lagrange, marquait une premi\u00e8re pour la deuxi\u00e8me ville de France, qui s\u2019est engag\u00e9e pleinement dans ce projet \u00e0 forte port\u00e9e humaine et politique.<\/p>\n<p>\u00ab\u00a0C\u2019est un projet qui existe dans plusieurs villes en France et en Espagne. Il permet \u00e0 des enfants vivant dans des conditions extr\u00eamement pr\u00e9caires, au c\u0153ur du d\u00e9sert, de d\u00e9couvrir un autre monde, de vivre des \u00e9changes culturels et d\u2019avoir acc\u00e8s \u00e0 des soins\u00a0\u00bb, explique Audrey Garino, adjointe (PCF) au maire de Marseille en charge des Affaires sociales, de la solidarit\u00e9 et de la lutte contre la pauvret\u00e9. \u00ab\u00a0La municipalit\u00e9 a soutenu activement cette initiative, fid\u00e8le \u00e0 ses valeurs d\u2019accueil et de d\u00e9fense des droits humains.\u00a0\u00bb<\/p>\n<p> Un projet global\n              <\/p>\n<p>Les enfants sahraouis ont s\u00e9journ\u00e9 au centre de vacances L\u00e9o Lagrange, sur l\u2019\u00eele du Frioul, avant de poursuivre leur s\u00e9jour dans d\u2019autres centres dans les Alpes. Un programme complet leur a \u00e9t\u00e9 propos\u00e9\u00a0: d\u00e9couverte du patrimoine, activit\u00e9s en bord de mer\u00a0&#8211; \u00ab\u00a0qu\u2019ils voyaient pour la premi\u00e8re fois\u00a0\u00bb -, visites m\u00e9dicales, et surtout des moments de partage avec de petits marseillais issus des centres sociaux.<\/p>\n<p>\u00ab\u00a0Ce n\u2019\u00e9tait pas seulement des vacances, c\u2019\u00e9tait un projet global, pens\u00e9 comme une structure humanitaire temporaire\u00a0\u00bb, pr\u00e9cise Audrey Garino, qui s\u2019est rendue elle-m\u00eame dans les camps de r\u00e9fugi\u00e9s. Une exp\u00e9rience marquante, insiste l\u2019\u00e9lue communiste, qui n\u2019a pas manqu\u00e9 de renforcer son engagement.<\/p>\n<p>Les camps de Tindouf, situ\u00e9s dans le sud-ouest alg\u00e9rien, abritent depuis pr\u00e8s de cinquante ans des dizaines de milliers de r\u00e9fugi\u00e9s sahraouis, dans des conditions de vie extr\u00eamement difficiles.<\/p>\n<p>L\u2019acc\u00e8s \u00e0 l\u2019eau, \u00e0 l\u2019\u00e9lectricit\u00e9, aux soins et \u00e0 l\u2019\u00e9ducation y est limit\u00e9, et les perspectives y sont souvent r\u00e9duites. Pour ces jeunes enfants au quotidien bouleversant, leur offrir quelques semaines de r\u00e9pit et de d\u00e9couverte, c\u2019est aussi leur redonner un peu d\u2019espoir.<\/p>\n<p>Audrey Garino est \u00e9galement membre du conseil d\u2019administration de l\u2019Association nationale des villes et territoires accueillants. Une structure \u00e0 laquelle la Ville de Marseille a adh\u00e9r\u00e9 en 2021, sous l\u2019impulsion de sa majorit\u00e9 de gauche du Printemps marseillais, malgr\u00e9 les critiques virulentes de l\u2019opposition de droite et d\u2019extr\u00eame droite. \u00ab\u00a0La mairie a soutenu le projet parce qu\u2019il nous tenait \u00e0 c\u0153ur. On est des militants des droits humains et de l\u2019autod\u00e9termination des peuples\u00a0\u00bb, poursuit l\u2019\u00e9lue.<\/p>\n<p>En juillet, Samia Ghali, autre figure (DVG) de l\u2019ex\u00e9cutif municipal, saluait cette initiative \u00e0 l\u2019occasion de la r\u00e9ception des jeunes sahraouis dans un centre social des quartiers nord de la ville\u00a0: \u00ab\u00a0Fid\u00e8le \u00e0 ses valeurs, Marseille accueille cet \u00e9t\u00e9 huit r\u00e9fugi\u00e9s sahraouis. Ce s\u00e9jour leur permet d\u2019\u00e9changer avec des petits marseillais et de d\u00e9couvrir Marseille, et son plus beau patrimoine, la mer. Ces liens renforcent l\u2019amiti\u00e9 entre les peuples de la M\u00e9diterran\u00e9e.\u00a0\u00bb<\/p>\n","protected":false},"excerpt":{"rendered":"Du 10\u00a0juillet au 22\u00a0ao\u00fbt, la ville de Marseille a accueilli huit jeunes r\u00e9fugi\u00e9s sahraouis originaires des camps de&hellip;\n","protected":false},"author":2,"featured_media":343957,"comment_status":"","ping_status":"","sticky":false,"template":"","format":"standard","meta":{"footnotes":""},"categories":[2814],"tags":[1111,11,24794,1777,674,1011,27,884,12,882,25],"class_list":{"0":"post-343956","1":"post","2":"type-post","3":"status-publish","4":"format-standard","5":"has-post-thumbnail","7":"category-marseille","8":"tag-actu","9":"tag-actualites","10":"tag-engagement","11":"tag-eu","12":"tag-europe","13":"tag-fr","14":"tag-france","15":"tag-marseille","16":"tag-news","17":"tag-provence-alpes-cote-dazur","18":"tag-republique-francaise"},"share_on_mastodon":{"url":"https:\/\/pubeurope.com\/@fr\/115092093995335824","error":""},"_links":{"self":[{"href":"https:\/\/www.europesays.com\/fr\/wp-json\/wp\/v2\/posts\/343956","targetHints":{"allow":["GET"]}}],"collection":[{"href":"https:\/\/www.europesays.com\/fr\/wp-json\/wp\/v2\/posts"}],"about":[{"href":"https:\/\/www.europesays.com\/fr\/wp-json\/wp\/v2\/types\/post"}],"author":[{"embeddable":true,"href":"https:\/\/www.europesays.com\/fr\/wp-json\/wp\/v2\/users\/2"}],"replies":[{"embeddable":true,"href":"https:\/\/www.europesays.com\/fr\/wp-json\/wp\/v2\/comments?post=343956"}],"version-history":[{"count":0,"href":"https:\/\/www.europesays.com\/fr\/wp-json\/wp\/v2\/posts\/343956\/revisions"}],"wp:featuredmedia":[{"embeddable":true,"href":"https:\/\/www.europesays.com\/fr\/wp-json\/wp\/v2\/media\/343957"}],"wp:attachment":[{"href":"https:\/\/www.europesays.com\/fr\/wp-json\/wp\/v2\/media?parent=343956"}],"wp:term":[{"taxonomy":"category","embeddable":true,"href":"https:\/\/www.europesays.com\/fr\/wp-json\/wp\/v2\/categories?post=343956"},{"taxonomy":"post_tag","embeddable":true,"href":"https:\/\/www.europesays.com\/fr\/wp-json\/wp\/v2\/tags?post=343956"}],"curies":[{"name":"wp","href":"https:\/\/api.w.org\/{rel}","templated":true}]}}