{"id":343958,"date":"2025-08-25T23:52:15","date_gmt":"2025-08-25T23:52:15","guid":{"rendered":"https:\/\/www.europesays.com\/fr\/343958\/"},"modified":"2025-08-25T23:52:15","modified_gmt":"2025-08-25T23:52:15","slug":"lyon-un-nouveau-magasin-de-chaussures-ouvre-a-la-part-dieu-avec-des-prix-casses","status":"publish","type":"post","link":"https:\/\/www.europesays.com\/fr\/343958\/","title":{"rendered":"Lyon. Un nouveau magasin de chaussures ouvre \u00e0 la Part-Dieu avec des prix cass\u00e9s"},"content":{"rendered":"<p>            Par<br \/>\n        <strong><br \/>\n            <a href=\"https:\/\/actu.fr\/auteur\/anthony-soudani\" title=\"Consulter tous les articles de Anthony Soudani\" rel=\"nofollow noopener\" target=\"_blank\">Anthony Soudani<\/a><br \/>\n        <\/strong><\/p>\n<p>        Publi\u00e9 le<\/p>\n<p>            25 ao\u00fbt 2025 \u00e0 18h37        <\/p>\n<p>Les enseignes fleurissent en ao\u00fbt au <strong>centre commercial Westfield de la Part-Die<\/strong>u. Apr\u00e8s la <a href=\"https:\/\/actu.fr\/auvergne-rhone-alpes\/lyon_69123\/lyon-cette-grande-enseigne-de-mode-rouvre-une-grande-boutique-a-la-part-dieu_63067064.html\" rel=\"nofollow noopener\" target=\"_blank\">r\u00e9ouverture de Mango<\/a>, le temple du commerce \u00e0 <a href=\"https:\/\/actu.fr\/lyon\/\" rel=\"nofollow noopener\" target=\"_blank\">Lyon<\/a> compte une nouvelle boutique au 1er \u00e9tage, \u00e0 c\u00f4t\u00e9 de C&amp;A.<\/p>\n<p class=\" wall-content\">Il s\u2019agit d\u2019une enseigne sp\u00e9cialis\u00e9e dans les chaussures en cuir, ainsi que les accessoires, tr\u00e8s populaires \u00e0 Paris (\u00cele-de-France) avec une cinquantaine de points de vente.<\/p>\n<p>Bel Chou\u2019s, nouvelle boutique \u00e0 Part-Dieu<\/p>\n<p class=\" wall-content\"><strong>Bel Chou\u2019s<\/strong> propose des chaussures en cuir de veau pour femmes, pour hommes et d\u00e9veloppe une gamme pour les enfants. Fabriqu\u00e9s en Chine et cousue main, les articles sont vendus avec des prix qui se veulent le plus bas possible.\u00a0<\/p>\n<p class=\" wall-content\">D\u2019ailleurs, pour la semaine d\u2019ouverture, l\u2019enseigne propose des remises de -20% sur l\u2019ensemble du magasin dans lequel des accessoires sont \u00e9galement vendus : ceintures, sac en cuir de vachette, porte-monnaies, bananes, sacoches\u2026\u00a0<\/p>\n<p>Des chaussures \u00ab\u00a0tr\u00e8s confortables\u00a0\u00bb<\/p>\n<p class=\" wall-content\">Yann, associ\u00e9 au sein de Bel Chou\u2019s, affirme que ses chaussures ont \u00ab\u00a0une semelle int\u00e9rieure tr\u00e8s confortable\u00a0\u00bb. Il ajoute : \u00ab\u00a0Elles sont bien cousues et r\u00e9sistantes. Nous arrivons \u00e0 avoir des prix moins chers que le march\u00e9 parce que nous n\u2019avons pas d\u2019interm\u00e9diaires.\u00a0\u00bb<\/p>\n<p class=\" wall-content\">Tout est r\u00e9alis\u00e9 depuis leur usine en Chine.<\/p>\n<p class=\" wall-content\">Personnalisez votre actualit\u00e9 en ajoutant vos villes et m\u00e9dias en favori avec <a href=\"https:\/\/moncompte.actu.fr\" title=\"D\u00e9couvez Mon Actu\" rel=\"nofollow noopener\" data-trk=\"{&quot;cta&quot;:{&quot;action&quot;:&quot;https:\\\/\\\/moncompte.actu.fr&quot;,&quot;category&quot;:&quot;mon compte&quot;,&quot;from&quot;:&quot;article footer&quot;,&quot;name&quot;:&quot;Mon actu&quot;,&quot;type&quot;:&quot;cta&quot;}}\" target=\"_blank\">Mon Actu<\/a>.<\/p>\n","protected":false},"excerpt":{"rendered":"Par Anthony Soudani Publi\u00e9 le 25 ao\u00fbt 2025 \u00e0 18h37 Les enseignes fleurissent en ao\u00fbt au centre commercial&hellip;\n","protected":false},"author":2,"featured_media":343959,"comment_status":"","ping_status":"","sticky":false,"template":"","format":"standard","meta":{"footnotes":""},"categories":[1889],"tags":[1111,11,2430,215,33,1777,674,1011,27,2428,6178,12,25],"class_list":{"0":"post-343958","1":"post","2":"type-post","3":"status-publish","4":"format-standard","5":"has-post-thumbnail","7":"category-lyon","8":"tag-actu","9":"tag-actualites","10":"tag-auvergne-rhone-alpes","11":"tag-commerce","12":"tag-economie","13":"tag-eu","14":"tag-europe","15":"tag-fr","16":"tag-france","17":"tag-lyon","18":"tag-lyon-part-dieu","19":"tag-news","20":"tag-republique-francaise"},"share_on_mastodon":{"url":"https:\/\/pubeurope.com\/@fr\/115092097812433861","error":""},"_links":{"self":[{"href":"https:\/\/www.europesays.com\/fr\/wp-json\/wp\/v2\/posts\/343958","targetHints":{"allow":["GET"]}}],"collection":[{"href":"https:\/\/www.europesays.com\/fr\/wp-json\/wp\/v2\/posts"}],"about":[{"href":"https:\/\/www.europesays.com\/fr\/wp-json\/wp\/v2\/types\/post"}],"author":[{"embeddable":true,"href":"https:\/\/www.europesays.com\/fr\/wp-json\/wp\/v2\/users\/2"}],"replies":[{"embeddable":true,"href":"https:\/\/www.europesays.com\/fr\/wp-json\/wp\/v2\/comments?post=343958"}],"version-history":[{"count":0,"href":"https:\/\/www.europesays.com\/fr\/wp-json\/wp\/v2\/posts\/343958\/revisions"}],"wp:featuredmedia":[{"embeddable":true,"href":"https:\/\/www.europesays.com\/fr\/wp-json\/wp\/v2\/media\/343959"}],"wp:attachment":[{"href":"https:\/\/www.europesays.com\/fr\/wp-json\/wp\/v2\/media?parent=343958"}],"wp:term":[{"taxonomy":"category","embeddable":true,"href":"https:\/\/www.europesays.com\/fr\/wp-json\/wp\/v2\/categories?post=343958"},{"taxonomy":"post_tag","embeddable":true,"href":"https:\/\/www.europesays.com\/fr\/wp-json\/wp\/v2\/tags?post=343958"}],"curies":[{"name":"wp","href":"https:\/\/api.w.org\/{rel}","templated":true}]}}