{"id":343960,"date":"2025-08-25T23:53:12","date_gmt":"2025-08-25T23:53:12","guid":{"rendered":"https:\/\/www.europesays.com\/fr\/343960\/"},"modified":"2025-08-25T23:53:12","modified_gmt":"2025-08-25T23:53:12","slug":"previsions-du-mardi-26-aout-2025-6","status":"publish","type":"post","link":"https:\/\/www.europesays.com\/fr\/343960\/","title":{"rendered":"pr\u00e9visions du mardi 26 ao\u00fbt 2025"},"content":{"rendered":"<p>\u00c0 Lyon les valeurs seront comprises entre 17 et 31\u00b0C aujourd&rsquo;hui. Un l\u00e9ger vent de sud-est sera ressenti par les habitants. La matin\u00e9e qui s&rsquo;annonce, promet d&rsquo;\u00eatre superbe et ensoleill\u00e9e ! Les fortes chaleurs sont pr\u00e9sentes. Avec des temp\u00e9ratures situ\u00e9es entre 18 et 31\u00b0C. Le ciel va peu \u00e0 peu se voiler au cours de l&rsquo;apr\u00e8s-midi avec l&rsquo;apparition de nuages. Il faudra emporter son parapluie pour se prot\u00e9ger des pluies \u00e9parses. Les valeurs \u00e9volueront entre 22 et 31\u2009\u00b0C. Les temp\u00e9ratures s&rsquo;\u00e9chelonneront entre 22 et 31\u00b0C. Le temps sera instable dans la soir\u00e9e avec de petites averses. C&rsquo;est un ciel d\u00e9pourvu de nuages que conna\u00eetra la nuit de mardi \u00e0 mercredi.<\/p>\n<p>C&rsquo;est \u00e0 un ciel tapiss\u00e9 de nuages qu&rsquo;il faudra s&rsquo;attendre demain \u00e0 Lyon. Il fera 24\u00b0C en moyenne. Un vent de sud rafra\u00eechira quelque peu l&rsquo;atmosph\u00e8re. D&rsquo;un autre c\u00f4t\u00e9, le soleil appara\u00eet l\u00e9g\u00e8rement le matin. Ces \u00e9claircies devraient ravir les habitants. Le thermom\u00e8tre affichera 24\u00b0C en moyenne. Demain apr\u00e8s-midi, on verra l&rsquo;apparition de nuages. Des pluies \u00e9parses sont attendues. Les valeurs afficheront entre 23\u00b0C et 29\u00b0C. Demain soir, encore des nuages dans le ciel qui emp\u00eachent le soleil d&rsquo;appara\u00eetre. Il va pleuvoir.<\/p>\n<p>Le temps des journ\u00e9es qui suivent va \u00e9voluer progressivement. M\u00eame si le mauvais temps se maintiendra un peu jeudi, il faut pr\u00e9voir une am\u00e9lioration ensuite.<\/p>\n<p><\/p>\n","protected":false},"excerpt":{"rendered":"\u00c0 Lyon les valeurs seront comprises entre 17 et 31\u00b0C aujourd&rsquo;hui. Un l\u00e9ger vent de sud-est sera ressenti&hellip;\n","protected":false},"author":2,"featured_media":343961,"comment_status":"","ping_status":"","sticky":false,"template":"","format":"standard","meta":{"footnotes":""},"categories":[1889],"tags":[1111,11,2430,1777,674,1011,27,2428,12,2119,25],"class_list":{"0":"post-343960","1":"post","2":"type-post","3":"status-publish","4":"format-standard","5":"has-post-thumbnail","7":"category-lyon","8":"tag-actu","9":"tag-actualites","10":"tag-auvergne-rhone-alpes","11":"tag-eu","12":"tag-europe","13":"tag-fr","14":"tag-france","15":"tag-lyon","16":"tag-news","17":"tag-previsions-meteo","18":"tag-republique-francaise"},"share_on_mastodon":{"url":"https:\/\/pubeurope.com\/@fr\/115092101695794529","error":""},"_links":{"self":[{"href":"https:\/\/www.europesays.com\/fr\/wp-json\/wp\/v2\/posts\/343960","targetHints":{"allow":["GET"]}}],"collection":[{"href":"https:\/\/www.europesays.com\/fr\/wp-json\/wp\/v2\/posts"}],"about":[{"href":"https:\/\/www.europesays.com\/fr\/wp-json\/wp\/v2\/types\/post"}],"author":[{"embeddable":true,"href":"https:\/\/www.europesays.com\/fr\/wp-json\/wp\/v2\/users\/2"}],"replies":[{"embeddable":true,"href":"https:\/\/www.europesays.com\/fr\/wp-json\/wp\/v2\/comments?post=343960"}],"version-history":[{"count":0,"href":"https:\/\/www.europesays.com\/fr\/wp-json\/wp\/v2\/posts\/343960\/revisions"}],"wp:featuredmedia":[{"embeddable":true,"href":"https:\/\/www.europesays.com\/fr\/wp-json\/wp\/v2\/media\/343961"}],"wp:attachment":[{"href":"https:\/\/www.europesays.com\/fr\/wp-json\/wp\/v2\/media?parent=343960"}],"wp:term":[{"taxonomy":"category","embeddable":true,"href":"https:\/\/www.europesays.com\/fr\/wp-json\/wp\/v2\/categories?post=343960"},{"taxonomy":"post_tag","embeddable":true,"href":"https:\/\/www.europesays.com\/fr\/wp-json\/wp\/v2\/tags?post=343960"}],"curies":[{"name":"wp","href":"https:\/\/api.w.org\/{rel}","templated":true}]}}