{"id":343971,"date":"2025-08-26T00:00:16","date_gmt":"2025-08-26T00:00:16","guid":{"rendered":"https:\/\/www.europesays.com\/fr\/343971\/"},"modified":"2025-08-26T00:00:16","modified_gmt":"2025-08-26T00:00:16","slug":"en-direct-ukraine-trump-dit-quil-a-parle-a-poutine-depuis-sa-reunion-avec-zelensky-et-les-europeens","status":"publish","type":"post","link":"https:\/\/www.europesays.com\/fr\/343971\/","title":{"rendered":"EN DIRECT &#8211; Ukraine : Trump dit qu&rsquo;il a parl\u00e9 \u00e0 Poutine depuis sa r\u00e9union avec Zelensky et les Europ\u00e9ens"},"content":{"rendered":"<ul class=\"jsx-862013697 ArticleChapo__List\">\n<li class=\"jsx-862013697 ArticleChapo__List_Item flex\">Donald Trump dit ce lundi qu&rsquo;il a parl\u00e9 \u00e0 Vladimir Poutine depuis sa r\u00e9union avec Zelensky et les Europ\u00e9ens.<\/li>\n<li class=\"jsx-862013697 ArticleChapo__List_Item flex\">Volodymyr Zelensky a affirm\u00e9 la veille qu&rsquo;une rencontre avec Vladimir Poutine constituerait le moyen \u00ab\u00a0le plus efficace pour avancer\u00a0\u00bb.<\/li>\n<li class=\"jsx-862013697 ArticleChapo__List_Item flex\">Suivez les derni\u00e8res informations.<\/li>\n<\/ul>\n<p><a href=\"https:\/\/www.tf1info.fr\/actualite\/guerre-ukraine-russie-une-rencontre-donald-trump-vladimir-poutine-historique-le-vendredi-15-aout-2025-en-alaska-sans-volodymyr-zelensky-14326\/\" rel=\"noopener\" class=\"jsx-484472199 Link jsx-1428418400 jsx-554215408\" target=\"_blank\"><\/p>\n<p style=\"font-weight:400\" class=\"jsx-1837267516\">Suivez la couverture compl\u00e8te<\/p>\n<p style=\"font-weight:800\" class=\"jsx-1837267516\">Guerre en Ukraine : la rencontre Poutine-Zelensky s&rsquo;\u00e9loigne ? <\/p>\n<p><\/a>Minute par minute23:56<br class=\"jsx-494582681\"\/> 25 ao\u00fbt 2025<\/p>\n<p>Ce live est \u00e0 pr\u00e9sent termin\u00e9.\u00a0<\/p>\n<p>Suivez nos directs du moment :\u00c9CHANGES TRUMP-POUTINE18:31<br class=\"jsx-494582681\"\/> 25 ao\u00fbt 2025<\/p>\n<p>Trump dit qu&rsquo;il a parl\u00e9 \u00e0 Poutine depuis sa r\u00e9union avec Zelensky et les Europ\u00e9ens. Le pr\u00e9sident am\u00e9ricain a r\u00e9pondu par l&rsquo;affirmative lorsqu&rsquo;une journaliste lui a demand\u00e9 s&rsquo;il avait parl\u00e9 \u00e0 Vladimir Poutine depuis son sommet \u00e0 la Maison Blanche il y a une semaine avec Volodymyr Zelensky et plusieurs dirigeants europ\u00e9ens.<\/p>\n<p>\u00ab\u00a0Je crois que nous allons mettre fin \u00e0 la guerre\u00a0\u00bb a dit le pr\u00e9sident am\u00e9ricain, sans donner plus de pr\u00e9cisions et alors que son projet de r\u00e9unir les pr\u00e9sidents russe et ukrainien autour d&rsquo;une m\u00eame table semble dans l&rsquo;impasse.<\/p>\n<p>WOODY ALLEN 17:46<br class=\"jsx-494582681\"\/> 25 ao\u00fbt 2025<\/p>\n<p>L&rsquo;Ukraine d\u00e9nonce la participation par visioconf\u00e9rence du c\u00e9l\u00e8bre r\u00e9alisateur am\u00e9ricain Woody Allen \u00e0 un festival de cin\u00e9ma de Moscou, estimant qu&rsquo;il s&rsquo;agit d&rsquo;une \u00ab\u00a0insulte\u00a0\u00bb aux victimes de l&rsquo;invasion russe. Le cin\u00e9aste, \u00e2g\u00e9 de 89 ans, s&rsquo;est exprim\u00e9 dimanche lors d&rsquo;un \u00e9v\u00e9nement en ligne de la Semaine du film international de Moscou.<\/p>\n<p>Le minist\u00e8re ukrainien des Affaires \u00e9trang\u00e8res a estim\u00e9 que sa participation constituait \u00ab\u00a0une honte et une insulte au sacrifice des acteurs et cin\u00e9astes ukrainiens qui ont \u00e9t\u00e9 tu\u00e9s ou bless\u00e9s par des criminels de guerre russes\u00a0\u00bb. Woody Allen \u00ab\u00a0choisit de fermer les yeux sur les atrocit\u00e9s que la Russie commet en Ukraine\u00a0\u00bb, a d\u00e9nonc\u00e9 le minist\u00e8re.<\/p>\n<p>SOUTIEN ALLEMAND15:52<br class=\"jsx-494582681\"\/> 25 ao\u00fbt 2025<\/p>\n<p>Le vice-chancelier allemand Lars Klingbeil demande des \u00ab\u00a0garanties de s\u00e9curit\u00e9 fiables\u00a0\u00bb pour l&rsquo;Ukraine, lors d&rsquo;une visite \u00e0 Kiev o\u00f9 il a annonc\u00e9 que Berlin maintiendrait un soutien militaire annuel de 9 milliards d&rsquo;euros au pays en guerre.<\/p>\n<p>Cet engagement vaut pour \u00ab\u00a0les budgets 2025, 2026, et au-del\u00e0\u00a0\u00bb, a-t-il dit. Cette enveloppe comprend essentiellement l&rsquo;aide militaire, qui s&rsquo;\u00e9tablira \u00e0 8,5 milliards en 2026 et 2027, mais aussi l&rsquo;aide civile et l&rsquo;accueil des r\u00e9fugi\u00e9s ukrainiens en Allemagne.<\/p>\n<p>AIDE FINANCI\u00c8RE DE LA NORV\u00c8GE12:23<br class=\"jsx-494582681\"\/> 25 ao\u00fbt 2025<\/p>\n<p>Le gouvernement norv\u00e9gien va proposer de consacrer 85 milliards de couronnes (7,2 milliards d&rsquo;euros) \u00e0 l&rsquo;aide pour l&rsquo;Ukraine l&rsquo;an prochain, comme en 2025, annoncent les services du Premier ministre norv\u00e9gien, Jonas Gahr St\u00f8re, le jour o\u00f9 celui-ci visitait Kiev.<\/p>\n<p>Si la proposition est adopt\u00e9e par le Parlement, cela portera \u00e0 275 milliards de couronnes (plus de 23 milliards d&rsquo;euros) l&rsquo;aide totale, civile et militaire, que la Norv\u00e8ge, l&rsquo;un des principaux soutiens de l&rsquo;Ukraine, pr\u00e9voit de fournir \u00e0 Kiev sur la p\u00e9riode 2023-2030.<\/p>\n<p>NOUVELLE PRISE POUR L&rsquo;ARM\u00c9E RUSSE ? 11:24<br class=\"jsx-494582681\"\/> 25 ao\u00fbt 2025<\/p>\n<p>L&rsquo;arm\u00e9e russe revendique la prise d&rsquo;une nouvelle localit\u00e9 dans la r\u00e9gion de Dnipropetrovsk, dans le centre-est de l&rsquo;Ukraine, o\u00f9 elle avait p\u00e9n\u00e9tr\u00e9 pour la premi\u00e8re fois en juillet.\u00a0<\/p>\n<p>Selon le rapport quotidien du minist\u00e8re russe de la D\u00e9fense, ses troupes ont captur\u00e9 le village de Zaporizk\u00e9, situ\u00e9 \u00e0 une vingtaine de kilom\u00e8tres \u00e0 l&rsquo;ouest de la ville de Velyka Novossylka sous contr\u00f4le russe depuis janvier.<\/p>\n<p>UN VICE-GOUVERNEUR ARR\u00caT\u00c910:01<br class=\"jsx-494582681\"\/> 25 ao\u00fbt 2025<\/p>\n<p>Un vice-gouverneur a \u00e9t\u00e9 arr\u00eat\u00e9 dans une affaire li\u00e9e \u00e0 des d\u00e9tournements de fonds dans la construction de d\u00e9fenses dans la r\u00e9gion de Belgorod, frontali\u00e8re de l&rsquo;Ukraine et cible de plusieurs incursions arm\u00e9es ces trois derni\u00e8res ann\u00e9es, ont annonc\u00e9 lundi les autorit\u00e9s.<\/p>\n<p>\u00ab\u00a0T\u00f4t ce matin, Vladimir Bazarov, vice-gouverneur de la r\u00e9gion de Koursk, a \u00e9t\u00e9 arr\u00eat\u00e9\u00a0\u00bb, a annonc\u00e9 sur Telegram son sup\u00e9rieur, le gouverneur par int\u00e9rim Alexandre Khinste\u00efn.<\/p>\n<p>Selon M. Khinste\u00efn, cette arrestation est li\u00e9e \u00e0 \u00ab\u00a0son ancien poste dans la r\u00e9gion de Belgorod\u00a0\u00bb, voisine de celle de Koursk, o\u00f9 M. Bazarov occupait la fonction de vice-gouverneur en charge de la construction. \u00ab\u00a0Selon les premi\u00e8res informations, l&rsquo;affaire porterait sur la construction d&rsquo;ouvrages d\u00e9fensifs\u00a0\u00bb, a pr\u00e9cis\u00e9 M. Khinste\u00efn.<\/p>\n<p>ZELENSKY REMERCIE LA FRANCE07:18<br class=\"jsx-494582681\"\/> 25 ao\u00fbt 2025<\/p>\n<p>Le pr\u00e9sident ukrainien a remerci\u00e9 la France pour son \u00ab\u00a0soutien\u00a0\u00bb, au lendemain d&rsquo;un message d&rsquo;Emmanuel Macron sur le r\u00e9seau social X. Dimanche, le chef de l&rsquo;\u00c9tat a salu\u00e9 le \u00ab\u00a0courage\u00a0\u00bb et la \u00ab\u00a0bravoure\u00a0\u00bb de la population ukrainienne \u00e0 l&rsquo;occasion de la c\u00e9l\u00e9bration des 34 ans du jour de l&rsquo;ind\u00e9pendance du pays.\u00a0<\/p>\n<blockquote data-testid=\"EmbedTwitter\" id=\"tweet-1959837007427051714-:R3j89lkmcmj9n79m:\" class=\"jsx-aeff1a1c40f54d7a twitter-tweet flex justify-center items-center\"><p>Thank you for your support!  https:\/\/t.co\/60XY3Zwr96 \u2014 Volodymyr Zelenskyy \/ \u0412\u043e\u043b\u043e\u0434\u0438\u043c\u0438\u0440 \u0417\u0435\u043b\u0435\u043d\u0441\u044c\u043a\u0438\u0439 (@ZelenskyyUa)  August 25, 2025<\/p><\/blockquote>\n<p>NOUVELLE OFFENSIVE DIPLOMATIQUE06:45<br class=\"jsx-494582681\"\/> 25 ao\u00fbt 2025<\/p>\n<p>Le pr\u00e9sident ukrainien a r\u00e9it\u00e9r\u00e9 son appel \u00e0 une rencontre directe avec son homologue russe. Une insistance mal per\u00e7ue par le Kremlin.<\/p>\n<p>Rencontre avec Poutine : Zelensky s&rsquo;impatienteSource : TF1 Info<\/p>\n<p><img decoding=\"async\" src=\"https:\/\/www.europesays.com\/fr\/wp-content\/uploads\/2025\/08\/rencontre-avec-poutine-zelensky-s-impatiente-007246-0@1x.jpeg\" alt=\"Rencontre avec Poutine : Zelensky s'impatiente\" loading=\"lazy\" importance=\"low\" fetchpriority=\"low\" class=\"\"\/><img decoding=\"async\" src=\"https:\/\/www.tf1info.fr\/images\/icons\/player-logo-play.svg\" alt=\"Logo lecture\" class=\"jsx-d0de44c05fe3042c PlayerLazyload__Play\"\/>BONJOUR06:35<br class=\"jsx-494582681\"\/> 25 ao\u00fbt 2025<\/p>\n<p>Bienvenue dans ce direct consacr\u00e9 \u00e0 la guerre en Ukraine, d\u00e9but\u00e9e il y a plus de trois ans apr\u00e8s l&rsquo;invasion des troupes de Vladimir Poutine. Suivez ici, tout au long de la journ\u00e9e et en direct, les derni\u00e8res informations autour du conflit gr\u00e2ce \u00e0 l&rsquo;\u00e9clairage de nos experts mais aussi nos envoy\u00e9s sp\u00e9ciaux sur place.\u00a0<\/p>\n<p data-module=\"article-paragraph\" class=\"jsx-3046738180 Paragraph Paragraph__End\">Un t\u00eate \u00e0 t\u00eate de plus en plus incertain. Volodymyr Zelensky a affirm\u00e9 dimanche, le jour de la f\u00eate de l\u2019ind\u00e9pendance de l&rsquo;Ukraine, qu\u2019une rencontre avec Vladimir Poutine constituait le moyen \u00ab\u00a0le plus efficace pour avancer\u00a0\u00bb. Probl\u00e8me : Moscou lui reproche son insistance \u00e0 la r\u00e9clamer \u00ab\u00a0co\u00fbte que co\u00fbte\u00a0\u00bb, au moment o\u00f9<a href=\"https:\/\/www.tf1info.fr\/actualite\/guerre-ukraine-russie-une-rencontre-donald-trump-vladimir-poutine-historique-le-vendredi-15-aout-2025-en-alaska-sans-volodymyr-zelensky-14326\/\" target=\"_blank\" rel=\"noopener\"> les efforts diplomatiques pour r\u00e9gler le conflit semblent s\u2019enliser.\u00a0<\/a><\/p>\n<p data-module=\"article-paragraph\" class=\"jsx-3046738180 Paragraph\">\u00ab\u00a0Nous devons continuer \u00e0 faire pression sur la Russie pour qu&rsquo;elle mette fin \u00e0 cette guerre, pour qu&rsquo;elle y mette fin dans la dignit\u00e9, avec une s\u00e9curit\u00e9 et une paix garanties. Cela n&rsquo;est possible que gr\u00e2ce \u00e0 la force combin\u00e9e de tous ceux qui, dans le monde, veulent la paix et respectent le droit international. Le format des pourparlers entre dirigeants est le moyen le plus efficace d&rsquo;aller de l&rsquo;avant\u00a0\u00bb, a martel\u00e9 dimanche<a href=\"https:\/\/www.tf1info.fr\/actualite\/volodymyr-zelensky-12882\/\" target=\"_blank\" rel=\"noopener\"> Volodymyr Zelensky.\u00a0<\/a><\/p>\n<p data-module=\"article-paragraph\" class=\"jsx-3046738180 Paragraph\">Un peu plus t\u00f4t, le chef de la diplomatie russe, Sergue\u00ef Lavrov, avait d\u00e9nonc\u00e9 la position du chef de l&rsquo;Etat ukrainien qui, avait-il martel\u00e9, \u00ab\u00a0s&rsquo;ent\u00eate, pose des conditions, r\u00e9clame co\u00fbte que co\u00fbte\u00a0\u00bb cette rencontre. Dans un entretien avec la cha\u00eene de t\u00e9l\u00e9vision NBC diffus\u00e9e le m\u00eame jour, le vice-pr\u00e9sident am\u00e9ricain JD Vance a pour sa part jug\u00e9 que les Russes avaient ces derniers temps fait d'\u00a0\u00bbimportantes concessions\u00a0\u00bb sur l&rsquo;Ukraine aupr\u00e8s de Donald Trump. \u00ab\u00a0Ils veulent en fait \u00eatre flexibles sur certaines de leurs exigences fondamentales\u00a0\u00bb, a-t-il ajout\u00e9.<\/p>\n<p data-module=\"article-paragraph\" class=\"jsx-3046738180 Paragraph Paragraph__End\">Chacun des bellig\u00e9rants tente de s&rsquo;attirer les faveurs des Etats-Unis, d\u00e9sireux de mettre fin \u00e0 trois ans de conflit en Ukraine, le pr\u00e9sident am\u00e9ricain ayant rencontr\u00e9 Vladimir Poutine en Alaska le 15 ao\u00fbt et Volodymyr Zelensky et ses alli\u00e9s europ\u00e9ens juste apr\u00e8s.<\/p>\n<p>La r\u00e9daction de TF1info<\/p>\n","protected":false},"excerpt":{"rendered":"Donald Trump dit ce lundi qu&rsquo;il a parl\u00e9 \u00e0 Vladimir Poutine depuis sa r\u00e9union avec Zelensky et les&hellip;\n","protected":false},"author":2,"featured_media":302011,"comment_status":"","ping_status":"","sticky":false,"template":"","format":"standard","meta":{"footnotes":""},"categories":[1591],"tags":[1111,11,1921,1887,47994,28083,1922,12,1885,1886,132,220,1917,133,1920,135,134],"class_list":{"0":"post-343971","1":"post","2":"type-post","3":"status-publish","4":"format-standard","5":"has-post-thumbnail","7":"category-russie","8":"tag-actu","9":"tag-actualites","10":"tag-article-video","11":"tag-federation-de-russie","12":"tag-guerre-en-ukraine-la-rencontre-poutine-zelensky-seloigne","13":"tag-guerre-en-ukraine-une-treve-sera-t-elle-possible","14":"tag-info","15":"tag-news","16":"tag-russia","17":"tag-russian-federation","18":"tag-russie","19":"tag-ukraine","20":"tag-ukraine-4-annee-de-guerre","21":"tag-video","22":"tag-video-international","23":"tag-vladimir-poutine","24":"tag-volodymyr-zelensky"},"share_on_mastodon":{"url":"https:\/\/pubeurope.com\/@fr\/115092129478328245","error":""},"_links":{"self":[{"href":"https:\/\/www.europesays.com\/fr\/wp-json\/wp\/v2\/posts\/343971","targetHints":{"allow":["GET"]}}],"collection":[{"href":"https:\/\/www.europesays.com\/fr\/wp-json\/wp\/v2\/posts"}],"about":[{"href":"https:\/\/www.europesays.com\/fr\/wp-json\/wp\/v2\/types\/post"}],"author":[{"embeddable":true,"href":"https:\/\/www.europesays.com\/fr\/wp-json\/wp\/v2\/users\/2"}],"replies":[{"embeddable":true,"href":"https:\/\/www.europesays.com\/fr\/wp-json\/wp\/v2\/comments?post=343971"}],"version-history":[{"count":0,"href":"https:\/\/www.europesays.com\/fr\/wp-json\/wp\/v2\/posts\/343971\/revisions"}],"wp:featuredmedia":[{"embeddable":true,"href":"https:\/\/www.europesays.com\/fr\/wp-json\/wp\/v2\/media\/302011"}],"wp:attachment":[{"href":"https:\/\/www.europesays.com\/fr\/wp-json\/wp\/v2\/media?parent=343971"}],"wp:term":[{"taxonomy":"category","embeddable":true,"href":"https:\/\/www.europesays.com\/fr\/wp-json\/wp\/v2\/categories?post=343971"},{"taxonomy":"post_tag","embeddable":true,"href":"https:\/\/www.europesays.com\/fr\/wp-json\/wp\/v2\/tags?post=343971"}],"curies":[{"name":"wp","href":"https:\/\/api.w.org\/{rel}","templated":true}]}}