{"id":343972,"date":"2025-08-26T00:01:12","date_gmt":"2025-08-26T00:01:12","guid":{"rendered":"https:\/\/www.europesays.com\/fr\/343972\/"},"modified":"2025-08-26T00:01:12","modified_gmt":"2025-08-26T00:01:12","slug":"lukraine-condamne-lapparition-de-woody-allen-a-un-festival-de-cinema-russe","status":"publish","type":"post","link":"https:\/\/www.europesays.com\/fr\/343972\/","title":{"rendered":"L&rsquo;Ukraine condamne l&rsquo;apparition de Woody Allen \u00e0 un festival de cin\u00e9ma russe"},"content":{"rendered":"<p>Le minist\u00e8re ukrainien des Affaires \u00e9trang\u00e8res a condamn\u00e9 lundi Woody Allen pour son intervention virtuelle lors d&rsquo;un festival de cin\u00e9ma russe cette fin de semaine, affirmant que sa participation \u00e9tait \u00abun affront et une insulte\u00bb pour les victimes de l&rsquo;invasion russe de l&rsquo;Ukraine.<\/p>\n<p>Selon les m\u00e9dias russes, Woody Allen s&rsquo;est exprim\u00e9 dimanche par visioconf\u00e9rence lors de la Semaine internationale du film de Moscou.<\/p>\n<p>Cette intervention l&rsquo;a mis en porte-\u00e0-faux avec le gratin hollywoodien, qui soutient la cause ukrainienne depuis trois ans et demi de guerre. Des acteurs de renom ont particip\u00e9 \u00e0 l&rsquo;initiative de financement participatif United24 et le pr\u00e9sident ukrainien Volodymyr Zelensky a fait des apparitions virtuelles lors des pr\u00e9c\u00e9dentes c\u00e9r\u00e9monies des Golden Globes et des Grammy Awards.<\/p>\n<p>Des images diffus\u00e9es par la t\u00e9l\u00e9vision d&rsquo;\u00c9tat russe montrent le cin\u00e9aste s&rsquo;adressant \u00e0 une salle de cin\u00e9ma bond\u00e9e depuis un \u00e9cran g\u00e9ant. Le r\u00e9alisateur pro-Kremlin Fiodor Bondartchouk animait la s\u00e9ance. Selon les m\u00e9dias russes, Allen aurait d\u00e9clar\u00e9 avoir toujours aim\u00e9 le cin\u00e9ma russe, relatant ses voyages en Russie et en Union sovi\u00e9tique, et s&rsquo;exprimant sur ce qu&rsquo;il ferait s&rsquo;il recevait une proposition de r\u00e9aliser un film dans ce pays.<\/p>\n<p>Le minist\u00e8re ukrainien des Affaires \u00e9trang\u00e8res a d\u00e9clar\u00e9 lundi par communiqu\u00e9 qu&rsquo;il \u00abcondamnait fermement\u00bb la participation d&rsquo;Allen au festival, qui \u00abrassemble les partisans et les porte-parole de Poutine\u00bb. Le minist\u00e8re a qualifi\u00e9 cette participation \u00abd&rsquo;affront et d&rsquo;insulte aux victimes, dont des acteurs et cin\u00e9astes ukrainiens, tu\u00e9s ou bless\u00e9s par des criminels de guerre russes\u00bb, ajoutant qu&rsquo;Allen \u00abferme d\u00e9lib\u00e9r\u00e9ment les yeux sur les atrocit\u00e9s commises par la Russie en Ukraine\u00bb.<\/p>\n<p>Dans une d\u00e9claration \u00e0 l&rsquo;Associated Press lundi, Allen a critiqu\u00e9 le pr\u00e9sident russe et d\u00e9nonc\u00e9 l&rsquo;invasion, tout en appelant \u00e0 la poursuite des \u00e9changes culturels.<\/p>\n<p>\u00abConcernant le conflit en Ukraine, je suis convaincu que Vladimir Poutine a totalement tort. La guerre qu&rsquo;il a provoqu\u00e9e est effroyable, a d\u00e9clar\u00e9 Allen. Mais, quoi qu&rsquo;aient fait les politiciens, je ne pense pas que couper court aux discussions artistiques soit une bonne fa\u00e7on d&rsquo;aider.\u00bb<\/p>\n<p>Le site web du festival, qui se d\u00e9roule jusqu&rsquo;\u00e0 mercredi, a pr\u00e9sent\u00e9 Allen comme l&rsquo;une des t\u00eates d&rsquo;affiche, aux c\u00f4t\u00e9s du r\u00e9alisateur serbe Emir Kusturica et de l&rsquo;acteur am\u00e9ricain Mark Dacascos.<\/p>\n<p>La Semaine internationale du film de Moscou est un festival relativement r\u00e9cent, organis\u00e9 pour la premi\u00e8re fois dans la capitale russe en ao\u00fbt 2024. Il est distinct du Festival international du film de Moscou, vieux de plusieurs d\u00e9cennies, qui, en 2022, a \u00e9t\u00e9 priv\u00e9 de son accr\u00e9ditation par la F\u00e9d\u00e9ration internationale des associations de producteurs de films \u00e0 la suite de l&rsquo;invasion de l&rsquo;Ukraine.<\/p>\n<p>Kusturica a ouvertement exprim\u00e9 son soutien au pr\u00e9sident Poutine \u2014 y compris apr\u00e8s l&rsquo;invasion. Il a re\u00e7u un prix de la part de Vladimir Poutine et a assist\u00e9 \u00e0 un d\u00e9fil\u00e9 militaire \u00e0 Moscou plus t\u00f4t cette ann\u00e9e.<\/p>\n<p>Allen a depuis longtemps une affinit\u00e9 pour la litt\u00e9rature et l&rsquo;histoire russes. Sa com\u00e9die de 1975 \u00abGuerre et amour\u00bb parodie les \u0153uvres de Tolsto\u00ef et d&rsquo;autres romanciers russes du XIXe si\u00e8cle. Le titre de son film de 1989, \u00abCrimes et d\u00e9lits\u00bb, fait \u00e9cho \u00e0 \u00abCrime et ch\u00e2timent\u00bb de Dosto\u00efevski et aborde \u00e9galement les th\u00e8mes du mal, de la justice et de la culpabilit\u00e9.<\/p>\n<p>Dasha Litvinova et Hillel Italie, The Associated Press<\/p>\n","protected":false},"excerpt":{"rendered":"Le minist\u00e8re ukrainien des Affaires \u00e9trang\u00e8res a condamn\u00e9 lundi Woody Allen pour son intervention virtuelle lors d&rsquo;un festival&hellip;\n","protected":false},"author":2,"featured_media":343973,"comment_status":"","ping_status":"","sticky":false,"template":"","format":"standard","meta":{"footnotes":""},"categories":[1590],"tags":[11,260,47996,1777,674,47995,4685,12,220,47997,47949],"class_list":{"0":"post-343972","1":"post","2":"type-post","3":"status-publish","4":"format-standard","5":"has-post-thumbnail","7":"category-ukraine","8":"tag-actualites","9":"tag-affaires-etrangeres","10":"tag-cinema-russe","11":"tag-eu","12":"tag-europe","13":"tag-festival-international-du-film-de-moscou","14":"tag-fin-de-semaine","15":"tag-news","16":"tag-ukraine","17":"tag-voyages-en-russie","18":"tag-woody-allen"},"share_on_mastodon":{"url":"https:\/\/pubeurope.com\/@fr\/115092133410345739","error":""},"_links":{"self":[{"href":"https:\/\/www.europesays.com\/fr\/wp-json\/wp\/v2\/posts\/343972","targetHints":{"allow":["GET"]}}],"collection":[{"href":"https:\/\/www.europesays.com\/fr\/wp-json\/wp\/v2\/posts"}],"about":[{"href":"https:\/\/www.europesays.com\/fr\/wp-json\/wp\/v2\/types\/post"}],"author":[{"embeddable":true,"href":"https:\/\/www.europesays.com\/fr\/wp-json\/wp\/v2\/users\/2"}],"replies":[{"embeddable":true,"href":"https:\/\/www.europesays.com\/fr\/wp-json\/wp\/v2\/comments?post=343972"}],"version-history":[{"count":0,"href":"https:\/\/www.europesays.com\/fr\/wp-json\/wp\/v2\/posts\/343972\/revisions"}],"wp:featuredmedia":[{"embeddable":true,"href":"https:\/\/www.europesays.com\/fr\/wp-json\/wp\/v2\/media\/343973"}],"wp:attachment":[{"href":"https:\/\/www.europesays.com\/fr\/wp-json\/wp\/v2\/media?parent=343972"}],"wp:term":[{"taxonomy":"category","embeddable":true,"href":"https:\/\/www.europesays.com\/fr\/wp-json\/wp\/v2\/categories?post=343972"},{"taxonomy":"post_tag","embeddable":true,"href":"https:\/\/www.europesays.com\/fr\/wp-json\/wp\/v2\/tags?post=343972"}],"curies":[{"name":"wp","href":"https:\/\/api.w.org\/{rel}","templated":true}]}}