{"id":343981,"date":"2025-08-26T00:06:11","date_gmt":"2025-08-26T00:06:11","guid":{"rendered":"https:\/\/www.europesays.com\/fr\/343981\/"},"modified":"2025-08-26T00:06:11","modified_gmt":"2025-08-26T00:06:11","slug":"le-speed-dating-de-gilles-laisse-karine-le-marchand-sans-voix-zaptv","status":"publish","type":"post","link":"https:\/\/www.europesays.com\/fr\/343981\/","title":{"rendered":"le speed dating de Gilles laisse Karine Le Marchand sans voix (ZAPTV)"},"content":{"rendered":"\n<p><strong>La vingti\u00e8me saison de L&rsquo;Amour est dans le pr\u00e9 est lanc\u00e9e ! Lundi 25 ao\u00fbt, les t\u00e9l\u00e9spectateurs de M6 ont fait la rencontre des agriculteurs \u00e0 la recherche de l&rsquo;amour. Et Gilles, un c\u00e9r\u00e9alier de 59 ans, s&rsquo;est laiss\u00e9 surprendre par L\u00e9a, une grande amatrice de danse.<\/strong><\/p>\n<p>Karine Le Marchand s&rsquo;est beaucoup amus\u00e9e pendant cette s\u00e9quence. Lundi 25 ao\u00fbt, les Fran\u00e7ais se sont install\u00e9s bien confortablement devant leurs petits \u00e9crans pour visionner le tout premier \u00e9pisode de la vingti\u00e8me saison de L&rsquo;Amour est dans le pr\u00e9. Ils ont fait la d\u00e9couverte des 13 agriculteurs qui tenteront de trouver leur moiti\u00e9 en trois mois.<\/p>\n<p>Parmi eux, Gilles, un c\u00e9r\u00e9alier et collecteur de lait tout droit venu de Normandie qui s&rsquo;appr\u00eate \u00e0 f\u00eater ses 60 ans. Dans son portrait, il a confi\u00e9 avoir encha\u00een\u00e9 les d\u00e9ceptions amoureuses. Mais au cours de l&rsquo;\u00e9pisode, la tr\u00e8s dr\u00f4lement surnomm\u00e9e \u00ab\u00a0tata Kaka\u00a0\u00bb par ses agriculteurs ch\u00e9ris s&rsquo;est r\u00e9jouie de le voir s&rsquo;extasier en d\u00e9couvrant les lettres de ses potentielles pr\u00e9tendantes. Au cours de l&rsquo;\u00e9tape des speed-datings qui ont lieu \u00e0 Paris, le quinquag\u00e9naire avait rendez-vous avec L\u00e9a.<\/p>\n<p>Un speed dating original<\/p>\n<p>Pour cette grande rencontre, la pr\u00e9tendante d&rsquo;origine \u00ab\u00a0moiti\u00e9 ivoirienne, moiti\u00e9 (&#8230;)<\/p>\n","protected":false},"excerpt":{"rendered":"La vingti\u00e8me saison de L&rsquo;Amour est dans le pr\u00e9 est lanc\u00e9e ! Lundi 25 ao\u00fbt, les t\u00e9l\u00e9spectateurs de&hellip;\n","protected":false},"author":2,"featured_media":343982,"comment_status":"","ping_status":"","sticky":false,"template":"","format":"standard","meta":{"footnotes":""},"categories":[1586],"tags":[11,1777,674,1779,1011,27,12,25,1778,364],"class_list":{"0":"post-343981","1":"post","2":"type-post","3":"status-publish","4":"format-standard","5":"has-post-thumbnail","7":"category-europe","8":"tag-actualites","9":"tag-eu","10":"tag-europe","11":"tag-european-union","12":"tag-fr","13":"tag-france","14":"tag-news","15":"tag-republique-francaise","16":"tag-ue","17":"tag-union-europeenne"},"share_on_mastodon":{"url":"https:\/\/pubeurope.com\/@fr\/115092153076599784","error":""},"_links":{"self":[{"href":"https:\/\/www.europesays.com\/fr\/wp-json\/wp\/v2\/posts\/343981","targetHints":{"allow":["GET"]}}],"collection":[{"href":"https:\/\/www.europesays.com\/fr\/wp-json\/wp\/v2\/posts"}],"about":[{"href":"https:\/\/www.europesays.com\/fr\/wp-json\/wp\/v2\/types\/post"}],"author":[{"embeddable":true,"href":"https:\/\/www.europesays.com\/fr\/wp-json\/wp\/v2\/users\/2"}],"replies":[{"embeddable":true,"href":"https:\/\/www.europesays.com\/fr\/wp-json\/wp\/v2\/comments?post=343981"}],"version-history":[{"count":0,"href":"https:\/\/www.europesays.com\/fr\/wp-json\/wp\/v2\/posts\/343981\/revisions"}],"wp:featuredmedia":[{"embeddable":true,"href":"https:\/\/www.europesays.com\/fr\/wp-json\/wp\/v2\/media\/343982"}],"wp:attachment":[{"href":"https:\/\/www.europesays.com\/fr\/wp-json\/wp\/v2\/media?parent=343981"}],"wp:term":[{"taxonomy":"category","embeddable":true,"href":"https:\/\/www.europesays.com\/fr\/wp-json\/wp\/v2\/categories?post=343981"},{"taxonomy":"post_tag","embeddable":true,"href":"https:\/\/www.europesays.com\/fr\/wp-json\/wp\/v2\/tags?post=343981"}],"curies":[{"name":"wp","href":"https:\/\/api.w.org\/{rel}","templated":true}]}}