{"id":343985,"date":"2025-08-26T00:08:22","date_gmt":"2025-08-26T00:08:22","guid":{"rendered":"https:\/\/www.europesays.com\/fr\/343985\/"},"modified":"2025-08-26T00:08:22","modified_gmt":"2025-08-26T00:08:22","slug":"les-rennais-ont-du-jouer-avec-les-anciennes-chaussettes-de-lorient-ligue-1-j2-lorient-rennes-4-0","status":"publish","type":"post","link":"https:\/\/www.europesays.com\/fr\/343985\/","title":{"rendered":"Les Rennais ont d\u00fb jouer avec les anciennes chaussettes de Lorient &#8211; Ligue 1 &#8211; J2 &#8211; Lorient-Rennes (4-0)"},"content":{"rendered":"<p>On a enfin une explication \u00e0 la catastrophique performance rennaise.<\/p>\n<p>Ce week-end \u00e9tait clairement \u00e0 oublier pour les joueurs (et supporters) du Stade rennais. <a target=\"_blank\" href=\"https:\/\/www.sofoot.com\/breves\/ligue-1-rennes-se-saborde-et-coule-a-lorient#goog_rewarded\" rel=\"nofollow noopener\">En d\u00e9placement \u00e0 Lorient ce dimanche<\/a>, les Bretons se sont mang\u00e9 pas moins quatre buts apr\u00e8s avoir \u00e9cop\u00e9 de deux cartons rouges au bout de dix minutes de jeu : une statistique tout simplement jamais vue en Ligue 1 depuis qu\u2019Opta suit le championnat. Autre fait de jeu assez rare : <strong>les Rennais ont d\u00fb jouer le match avec les chaussettes de leur adversaire<\/strong>, rapporte <a target=\"_blank\" href=\"https:\/\/twitter.com\/RauzyFrancois\/status\/1959954348110172319\" rel=\"nofollow noopener\">Ici Armorique<\/a>.<\/p>\n<p>Mal lun\u00e9s, mal chauss\u00e9s<\/p>\n<p>Les plus fins connaisseurs des kits de Ligue 1 auront vite remarqu\u00e9 l\u2019anomalie des chaussettes bleues port\u00e9es par les hommes de Habib Beye lors de leur d\u00e9faite. Figurez-vous que ces derni\u00e8res proviennent du<strong> kit des gardiens lorientais pour la saison 2024-2025<\/strong>, en t\u00e9moigne le logo Umbro cach\u00e9 par les straps sur les chevilles rennaises.<\/p>\n<blockquote class=\"twitter-tweet\">\n<p lang=\"fr\" dir=\"ltr\">Insolite \ud83d\ude05<br \/>\nQuand le Stade Rennais est contraint de jouer avec des anciennes chaussettes bleues du FC Lorient \ud83d\udd0e<br \/>\nOn distingue notamment le sigle d\u2019Umbro, qui \u00e9quipait les Merlus jusqu\u2019\u00e0 la saison pass\u00e9e \ud83d\udc40 <a target=\"_blank\" href=\"https:\/\/t.co\/v6CxFGvhoT\" rel=\"nofollow\">pic.twitter.com\/v6CxFGvhoT<\/a><\/p>\n<p>\u2014 Maillots Football Club (@Maillots_FC) <a target=\"_blank\" href=\"https:\/\/twitter.com\/Maillots_FC\/status\/1959655796062683405?ref_src=twsrc%5Etfw\" rel=\"nofollow noopener\">August 24, 2025<\/a><\/p><\/blockquote>\n<p>Les Merlus ont en effet d\u00e9pann\u00e9 leurs homologues rennais apr\u00e8s que leurs chaussettes blanches, initialement pr\u00e9vues pour la rencontre, ont \u00e9t\u00e9 refus\u00e9es par la Ligue peu avant le coup d\u2019envoi, <strong>sous pr\u00e9texte qu\u2019elles se confondaient avec celles de Lorient<\/strong>. Le kit avait pourtant \u00e9t\u00e9 valid\u00e9 en amont du match, mais une note de bas de page sp\u00e9cifiant de changer leurs demi-bas a \u00e9t\u00e9 omise par les intendants bretons.<\/p>\n<p>Vu comment l\u2019apr\u00e8s-midi a tourn\u00e9, ils feront s\u00fbrement plus attention la prochaine fois.<\/p>\n<p>\t\t\t\t\t\t\t\t\t\t<a class=\"lien-connexe\" href=\"https:\/\/www.sofoot.com\/breves\/ligue-1-rennes-se-saborde-et-coule-a-lorient\" rel=\"nofollow noopener\" target=\"_blank\">Rennes se saborde et coule \u00e0 Lorient \u00e0 neuf contre onze<\/a>\t\t\t\t\t<script async src=\"https:\/\/platform.twitter.com\/widgets.js\" charset=\"utf-8\"><\/script><\/p>\n","protected":false},"excerpt":{"rendered":"On a enfin une explication \u00e0 la catastrophique performance rennaise. Ce week-end \u00e9tait clairement \u00e0 oublier pour les&hellip;\n","protected":false},"author":2,"featured_media":343986,"comment_status":"","ping_status":"","sticky":false,"template":"","format":"standard","meta":{"footnotes":""},"categories":[2],"tags":[47,11,61,69,65,64,63,1011,27,68,66,12,62,70,25,67],"class_list":{"0":"post-343985","1":"post","2":"type-post","3":"status-publish","4":"format-standard","5":"has-post-thumbnail","7":"category-actualites","8":"tag-actualite","9":"tag-actualites","10":"tag-actus-football","11":"tag-bundesliga","12":"tag-championnats-europeens","13":"tag-equipe-de-france","14":"tag-football","15":"tag-fr","16":"tag-france","17":"tag-ligua","18":"tag-ligue-1","19":"tag-news","20":"tag-news-foot","21":"tag-premier-league","22":"tag-republique-francaise","23":"tag-serie-a"},"share_on_mastodon":{"url":"https:\/\/pubeurope.com\/@fr\/115092160972108938","error":""},"_links":{"self":[{"href":"https:\/\/www.europesays.com\/fr\/wp-json\/wp\/v2\/posts\/343985","targetHints":{"allow":["GET"]}}],"collection":[{"href":"https:\/\/www.europesays.com\/fr\/wp-json\/wp\/v2\/posts"}],"about":[{"href":"https:\/\/www.europesays.com\/fr\/wp-json\/wp\/v2\/types\/post"}],"author":[{"embeddable":true,"href":"https:\/\/www.europesays.com\/fr\/wp-json\/wp\/v2\/users\/2"}],"replies":[{"embeddable":true,"href":"https:\/\/www.europesays.com\/fr\/wp-json\/wp\/v2\/comments?post=343985"}],"version-history":[{"count":0,"href":"https:\/\/www.europesays.com\/fr\/wp-json\/wp\/v2\/posts\/343985\/revisions"}],"wp:featuredmedia":[{"embeddable":true,"href":"https:\/\/www.europesays.com\/fr\/wp-json\/wp\/v2\/media\/343986"}],"wp:attachment":[{"href":"https:\/\/www.europesays.com\/fr\/wp-json\/wp\/v2\/media?parent=343985"}],"wp:term":[{"taxonomy":"category","embeddable":true,"href":"https:\/\/www.europesays.com\/fr\/wp-json\/wp\/v2\/categories?post=343985"},{"taxonomy":"post_tag","embeddable":true,"href":"https:\/\/www.europesays.com\/fr\/wp-json\/wp\/v2\/tags?post=343985"}],"curies":[{"name":"wp","href":"https:\/\/api.w.org\/{rel}","templated":true}]}}