{"id":343987,"date":"2025-08-26T00:09:17","date_gmt":"2025-08-26T00:09:17","guid":{"rendered":"https:\/\/www.europesays.com\/fr\/343987\/"},"modified":"2025-08-26T00:09:17","modified_gmt":"2025-08-26T00:09:17","slug":"basket-ball-air-france-sponsor-des-equipes-de-france","status":"publish","type":"post","link":"https:\/\/www.europesays.com\/fr\/343987\/","title":{"rendered":"Basket-ball. Air France sponsor des \u00e9quipes de France"},"content":{"rendered":"<p class=\"mb-4\"><strong>Sponsoring<\/strong>. Air France devient le transporteur officiel des \u00c9quipes de France masculine et f\u00e9minine de basket-ball. La compagnie a\u00e9rienne et la F\u00e9d\u00e9ration fran\u00e7aise de basket-ball (FFBB) <a href=\"https:\/\/www.ffbb.com\/actualites\/air-france-transporteur-officiel-des-equipes-de-france\" target=\"_blank\" rel=\"noopener\">ont annonc\u00e9<\/a>, ce lundi 25 ao\u00fbt 2025, la signature d\u2019un partenariat commercial d\u2019une dur\u00e9e de deux ans. Dans le cadre de cet accord, Air France assurera les d\u00e9placements officiels des s\u00e9lections nationales. La compagnie proposera \u00e9galement \u00e0 ses passagers, sur les vols long-courriers, une s\u00e9lection de contenus vid\u00e9o produits par la FFBB.<\/p>\n<p class=\"mb-4\">\u00a9 SportBusiness.Club \u2013 Ao\u00fbt 2025<\/p>\n","protected":false},"excerpt":{"rendered":"Sponsoring. Air France devient le transporteur officiel des \u00c9quipes de France masculine et f\u00e9minine de basket-ball. La compagnie&hellip;\n","protected":false},"author":2,"featured_media":343988,"comment_status":"","ping_status":"","sticky":false,"template":"","format":"standard","meta":{"footnotes":""},"categories":[4],"tags":[11,1816,48002,48003,1011,27,12,25,17992],"class_list":{"0":"post-343987","1":"post","2":"type-post","3":"status-publish","4":"format-standard","5":"has-post-thumbnail","7":"category-france","8":"tag-actualites","9":"tag-air-france","10":"tag-federation-francaise-de-basketball-ffbb","11":"tag-federations-sportives-francaises","12":"tag-fr","13":"tag-france","14":"tag-news","15":"tag-republique-francaise","16":"tag-sponsoring"},"share_on_mastodon":{"url":"https:\/\/pubeurope.com\/@fr\/115092164588563741","error":""},"_links":{"self":[{"href":"https:\/\/www.europesays.com\/fr\/wp-json\/wp\/v2\/posts\/343987","targetHints":{"allow":["GET"]}}],"collection":[{"href":"https:\/\/www.europesays.com\/fr\/wp-json\/wp\/v2\/posts"}],"about":[{"href":"https:\/\/www.europesays.com\/fr\/wp-json\/wp\/v2\/types\/post"}],"author":[{"embeddable":true,"href":"https:\/\/www.europesays.com\/fr\/wp-json\/wp\/v2\/users\/2"}],"replies":[{"embeddable":true,"href":"https:\/\/www.europesays.com\/fr\/wp-json\/wp\/v2\/comments?post=343987"}],"version-history":[{"count":0,"href":"https:\/\/www.europesays.com\/fr\/wp-json\/wp\/v2\/posts\/343987\/revisions"}],"wp:featuredmedia":[{"embeddable":true,"href":"https:\/\/www.europesays.com\/fr\/wp-json\/wp\/v2\/media\/343988"}],"wp:attachment":[{"href":"https:\/\/www.europesays.com\/fr\/wp-json\/wp\/v2\/media?parent=343987"}],"wp:term":[{"taxonomy":"category","embeddable":true,"href":"https:\/\/www.europesays.com\/fr\/wp-json\/wp\/v2\/categories?post=343987"},{"taxonomy":"post_tag","embeddable":true,"href":"https:\/\/www.europesays.com\/fr\/wp-json\/wp\/v2\/tags?post=343987"}],"curies":[{"name":"wp","href":"https:\/\/api.w.org\/{rel}","templated":true}]}}