{"id":343989,"date":"2025-08-26T00:12:10","date_gmt":"2025-08-26T00:12:10","guid":{"rendered":"https:\/\/www.europesays.com\/fr\/343989\/"},"modified":"2025-08-26T00:12:10","modified_gmt":"2025-08-26T00:12:10","slug":"eddie-jones-devoile-le-coup-de-genie-de-rassie-erasmus-qui-est-passe-inapercu-ce-week-end","status":"publish","type":"post","link":"https:\/\/www.europesays.com\/fr\/343989\/","title":{"rendered":"Eddie Jones d\u00e9voile le coup de g\u00e9nie de Rassie Erasmus qui est pass\u00e9 inaper\u00e7u ce week-end !"},"content":{"rendered":"<p>Une semaine apr\u00e8s leur revers cuisant face \u00e0 l\u2019Australie (38-22), les Springboks ont redress\u00e9 la t\u00eate en s\u2019imposant 30-22 lors de la deuxi\u00e8me journ\u00e9e du Rugby Championship. Rassie Erasmus avait effectu\u00e9 pas moins de neuf changements dans son XV de d\u00e9part pour tourner la page de ce faux pas.<\/p>\n<p>Mais un d\u00e9tail intrigue : le remplacement de Jean-Luc du Preez par Kwagga Smith, annonc\u00e9 malade juste avant le coup d\u2019envoi.<\/p>\n<p>Dans une chronique publi\u00e9e sur Planet Rugby, Eddie Jones, ancien s\u00e9lectionneur de l\u2019Angleterre, du Japon et des Wallabies, a mis en doute cette explication officielle.<\/p>\n<p>\u00ab Un d\u00e9tail qui, \u00e0 mon avis, a jou\u00e9 en faveur de l\u2019Afrique du Sud a \u00e9t\u00e9 le changement forc\u00e9 avant le coup d\u2019envoi qui a vu Jean-Luc du Preez remplac\u00e9 par Kwagga Smith. Je ne serais pas surpris que Rassie Erasmus ait d\u00e9cid\u00e9 cela de mani\u00e8re intelligente. L\u2019apport de Smith dans les regroupements, dans les conditions de jeu humides, a \u00e9t\u00e9 crucial pour eux. \u00bb<\/p>\n<p><strong>Le technicien australien en a profit\u00e9 pour pointer du doigt les r\u00e8gles actuelles sur la d\u00e9signation des \u00e9quipes :<\/strong><\/p>\n<p>\u00ab J\u2019ajouterais que je suis contre la r\u00e9glementation sur la nomination anticip\u00e9e des \u00e9quipes sans possibilit\u00e9 de modification, et c\u2019est une loi que je supprimerais si j\u2019\u00e9tais World Rugby. \u00bb<\/p>\n<p>Rassie Erasmus, souvent critiqu\u00e9 mais reconnu comme un strat\u00e8ge hors normes, n\u2019en est pas \u00e0 son premier coup d\u2019\u00e9clat.<\/p>\n<p>Entre les bancs d\u00e9s\u00e9quilibr\u00e9s avec sept avants et un arri\u00e8re, les signaux lumineux envoy\u00e9s depuis les tribunes, ou encore l\u2019utilisation de quatre demis de m\u00eal\u00e9e dans une m\u00eame feuille de match, le s\u00e9lectionneur sud-africain a toujours cherch\u00e9 \u00e0 exploiter les moindres failles du r\u00e8glement.<\/p>\n<p>Cette nouvelle pol\u00e9mique ne fait que renforcer sa r\u00e9putation d\u2019innovateur aussi audacieux que controvers\u00e9.<\/p>\n","protected":false},"excerpt":{"rendered":"Une semaine apr\u00e8s leur revers cuisant face \u00e0 l\u2019Australie (38-22), les Springboks ont redress\u00e9 la t\u00eate en s\u2019imposant&hellip;\n","protected":false},"author":2,"featured_media":343990,"comment_status":"","ping_status":"","sticky":false,"template":"","format":"standard","meta":{"footnotes":""},"categories":[1416],"tags":[1011,27,479,1468,60],"class_list":{"0":"post-343989","1":"post","2":"type-post","3":"status-publish","4":"format-standard","5":"has-post-thumbnail","7":"category-rugby","8":"tag-fr","9":"tag-france","10":"tag-rugby","11":"tag-rugby-football","12":"tag-sports"},"share_on_mastodon":{"url":"https:\/\/pubeurope.com\/@fr\/115092176477641406","error":""},"_links":{"self":[{"href":"https:\/\/www.europesays.com\/fr\/wp-json\/wp\/v2\/posts\/343989","targetHints":{"allow":["GET"]}}],"collection":[{"href":"https:\/\/www.europesays.com\/fr\/wp-json\/wp\/v2\/posts"}],"about":[{"href":"https:\/\/www.europesays.com\/fr\/wp-json\/wp\/v2\/types\/post"}],"author":[{"embeddable":true,"href":"https:\/\/www.europesays.com\/fr\/wp-json\/wp\/v2\/users\/2"}],"replies":[{"embeddable":true,"href":"https:\/\/www.europesays.com\/fr\/wp-json\/wp\/v2\/comments?post=343989"}],"version-history":[{"count":0,"href":"https:\/\/www.europesays.com\/fr\/wp-json\/wp\/v2\/posts\/343989\/revisions"}],"wp:featuredmedia":[{"embeddable":true,"href":"https:\/\/www.europesays.com\/fr\/wp-json\/wp\/v2\/media\/343990"}],"wp:attachment":[{"href":"https:\/\/www.europesays.com\/fr\/wp-json\/wp\/v2\/media?parent=343989"}],"wp:term":[{"taxonomy":"category","embeddable":true,"href":"https:\/\/www.europesays.com\/fr\/wp-json\/wp\/v2\/categories?post=343989"},{"taxonomy":"post_tag","embeddable":true,"href":"https:\/\/www.europesays.com\/fr\/wp-json\/wp\/v2\/tags?post=343989"}],"curies":[{"name":"wp","href":"https:\/\/api.w.org\/{rel}","templated":true}]}}