{"id":343991,"date":"2025-08-26T00:13:17","date_gmt":"2025-08-26T00:13:17","guid":{"rendered":"https:\/\/www.europesays.com\/fr\/343991\/"},"modified":"2025-08-26T00:13:17","modified_gmt":"2025-08-26T00:13:17","slug":"us-open-gilles-simon-tout-le-monde-metait-tombe-dessus-quand-javais-dit-que-djokovic-finirait-a-25-grands-chelems-mais-surement-pas-a-30-et-au-final-le-temps-fait-son-oeuvre-pour-lui-comme-pou","status":"publish","type":"post","link":"https:\/\/www.europesays.com\/fr\/343991\/","title":{"rendered":"US Open > Gilles Simon : \u00ab\u00a0Tout le monde m&rsquo;\u00e9tait tomb\u00e9 dessus quand j&rsquo;avais dit que Djokovic finirait \u00e0 25 Grands Chelems mais s\u00fbrement pas \u00e0 30. Et au final le temps fait son \u0153uvre pour lui comme pour les autres\u00a0\u00bb"},"content":{"rendered":"<p>Au cours d\u2019une s\u00e9rie de questions\u2010r\u00e9ponses orga\u00adnis\u00e9e sur son compte Twitter, Gilles Simon a notam\u00adment \u00e9t\u00e9 inter\u00adrog\u00e9 sur la possi\u00adbi\u00adlit\u00e9 de voir Novak Djokovic soulever un 25e tournoi du Grand Chelem avant la fin de sa carri\u00e8re.\u00a0<\/p>\n<p>Et l\u2019an\u00adcien joueur fran\u00ad\u00e7ais a tenu \u00e0 revenir sur l\u2019une de ses anciennes pr\u00e9dictions.\u00a0<\/p>\n<blockquote class=\"twitter-tweet\">\n<p lang=\"fr\" dir=\"ltr\">\u00c7a me para\u00eet diffi\u00adcile m\u00eame si avec Novak\u2026. : )<br \/>Tout le monde m\u2019\u00e9tait tomb\u00e9 dessus quand j\u2019avais dit qu\u2019il fini\u00adrait \u00e0 25\u202fGC mais s\u00fbre\u00adment pas \u00e0 30 et au final le temps fait son \u0153uvre pour lui comme pour les autres.<\/p>\n<p>\u2014 Gilles SIMON (@GillesSimon84) <a href=\"https:\/\/twitter.com\/GillesSimon84\/status\/1960057923926929913?ref_src=twsrc%5Etfw\" data-wpel-link=\"external\" target=\"_blank\" rel=\"nofollow external noopener\">August 25,\u00a02025<\/a><\/p><\/blockquote>\n<p><strong>\u00ab\u202f\u00c7a me para\u00eet diffi\u00adcile m\u00eame si avec Novak\u2026. Tout le monde m\u2019\u00e9tait tomb\u00e9 dessus quand j\u2019avais dit qu\u2019il fini\u00adrait \u00e0 25 Grands Chelems mais s\u00fbre\u00adment pas \u00e0 30. Et au final le temps fait son \u0153uvre pour lui comme pour les autres.\u202f\u00bb<\/strong><\/p>\n<p class=\"post-published-date\" style=\"color: silver; font-size: 75%; text-align: left;\">Publi\u00e9 le lundi 25 ao\u00fbt 2025 \u00e0 23:13<\/p>\n<p><script async src=\"https:\/\/platform.twitter.com\/widgets.js\" charset=\"utf-8\"><\/script><\/p>\n","protected":false},"excerpt":{"rendered":"Au cours d\u2019une s\u00e9rie de questions\u2010r\u00e9ponses orga\u00adnis\u00e9e sur son compte Twitter, Gilles Simon a notam\u00adment \u00e9t\u00e9 inter\u00adrog\u00e9 sur&hellip;\n","protected":false},"author":2,"featured_media":343992,"comment_status":"","ping_status":"","sticky":false,"template":"","format":"standard","meta":{"footnotes":""},"categories":[1415],"tags":[105,1011,27,1679,60,1467],"class_list":{"0":"post-343991","1":"post","2":"type-post","3":"status-publish","4":"format-standard","5":"has-post-thumbnail","7":"category-tennis","8":"tag-djokovic","9":"tag-fr","10":"tag-france","11":"tag-simon","12":"tag-sports","13":"tag-tennis"},"share_on_mastodon":{"url":"https:\/\/pubeurope.com\/@fr\/115092180423437152","error":""},"_links":{"self":[{"href":"https:\/\/www.europesays.com\/fr\/wp-json\/wp\/v2\/posts\/343991","targetHints":{"allow":["GET"]}}],"collection":[{"href":"https:\/\/www.europesays.com\/fr\/wp-json\/wp\/v2\/posts"}],"about":[{"href":"https:\/\/www.europesays.com\/fr\/wp-json\/wp\/v2\/types\/post"}],"author":[{"embeddable":true,"href":"https:\/\/www.europesays.com\/fr\/wp-json\/wp\/v2\/users\/2"}],"replies":[{"embeddable":true,"href":"https:\/\/www.europesays.com\/fr\/wp-json\/wp\/v2\/comments?post=343991"}],"version-history":[{"count":0,"href":"https:\/\/www.europesays.com\/fr\/wp-json\/wp\/v2\/posts\/343991\/revisions"}],"wp:featuredmedia":[{"embeddable":true,"href":"https:\/\/www.europesays.com\/fr\/wp-json\/wp\/v2\/media\/343992"}],"wp:attachment":[{"href":"https:\/\/www.europesays.com\/fr\/wp-json\/wp\/v2\/media?parent=343991"}],"wp:term":[{"taxonomy":"category","embeddable":true,"href":"https:\/\/www.europesays.com\/fr\/wp-json\/wp\/v2\/categories?post=343991"},{"taxonomy":"post_tag","embeddable":true,"href":"https:\/\/www.europesays.com\/fr\/wp-json\/wp\/v2\/tags?post=343991"}],"curies":[{"name":"wp","href":"https:\/\/api.w.org\/{rel}","templated":true}]}}