{"id":343995,"date":"2025-08-26T00:15:21","date_gmt":"2025-08-26T00:15:21","guid":{"rendered":"https:\/\/www.europesays.com\/fr\/343995\/"},"modified":"2025-08-26T00:15:21","modified_gmt":"2025-08-26T00:15:21","slug":"8-heures-de-suzuka-venu-de-la-moto-gp-pour-une-pige-zarco-soffre-un-double-sur-la-mythique-course-japonaise","status":"publish","type":"post","link":"https:\/\/www.europesays.com\/fr\/343995\/","title":{"rendered":"8\u00a0heures de Suzuka\u00a0: venu de la moto GP pour une pige, Zarco s\u2019offre un doubl\u00e9 sur la mythique course japonaise"},"content":{"rendered":"<p class=\"paragraph text_align_left lp-f-body-02\">La France aura attendu 35 ans pour trouver un successeur \u00e0 Dominique Sarron et Alex Vieira, derniers vainqueurs tricolores sur l\u2019\u00e9preuve d\u2019endurance des 8 heures de Suzuka, en 1989. Gr\u00e2ce \u00e0 <a href=\"https:\/\/www.leparisien.fr\/sports\/la-perfection-de-a-a-z-a-34-ans-le-jour-de-gloire-tardif-de-johann-zarco-vainqueur-du-gp-de-france-en-motogp-11-05-2025-6NZMCCUO2VCU5NKXADV4A274KQ.php\" target=\"_blank\" rel=\"noreferrer noopener\">Johann Zarco<\/a>, n\u00e9 en 1990, elle s\u2019offre un doubl\u00e9 magnifique ce dimanche. Un an apr\u00e8s son triomphe au Japon, le pilote Honda r\u00e9it\u00e8re sa performance et remporte donc deux titres de suite sur le mythique circuit de Suzuka.<\/p>\n<p class=\"paragraph text_align_left lp-f-body-02\">Une victoire partag\u00e9e avec la l\u00e9gende japonaise Takumi Takahashi, titr\u00e9 pour la 7e fois. Au volant de la moto num\u00e9ro 30, Johann Zarco a franchi la ligne d\u2019arriv\u00e9e ce dimanche apr\u00e8s huit heures \u00e9prouvantes, marqu\u00e9es par l\u2019intervention de deux voitures de s\u00e9curit\u00e9.<\/p>\n<p class=\"paragraph text_align_left lp-f-body-02\">Une parenth\u00e8se enchant\u00e9e pour Johann Zarco au milieu de la saison de MotoGP. 8e au classement du championnat du monde, le Fran\u00e7ais avait termin\u00e9 13e du dernier Grand Prix, en Tch\u00e9quie, le 20 juillet. Le prochain rendez-vous est en Autriche, du 15 au 17 ao\u00fbt. Cette saison, <a href=\"https:\/\/www.leparisien.fr\/sports\/motogp-johann-zarco-remporte-le-gp-de-france-une-premiere-pour-un-francais-depuis-1954-11-05-2025-YMBEXP4H6ZALBBOKXS5B3MBBF4.php\" target=\"_blank\" rel=\"noreferrer noopener\">Johann Zarco s\u2019est d\u00e9j\u00e0 illustr\u00e9 en remportant le Grand Prix de France<\/a>, le 11 mai, une premi\u00e8re pour un pilote tricolore depuis 1954.<\/p>\n","protected":false},"excerpt":{"rendered":"La France aura attendu 35 ans pour trouver un successeur \u00e0 Dominique Sarron et Alex Vieira, derniers vainqueurs&hellip;\n","protected":false},"author":2,"featured_media":343996,"comment_status":"","ping_status":"","sticky":false,"template":"","format":"standard","meta":{"footnotes":""},"categories":[1413],"tags":[1011,27,1457,1456,60],"class_list":{"0":"post-343995","1":"post","2":"type-post","3":"status-publish","4":"format-standard","5":"has-post-thumbnail","7":"category-moto","8":"tag-fr","9":"tag-france","10":"tag-moto","11":"tag-motocycle","12":"tag-sports"},"share_on_mastodon":{"url":"https:\/\/pubeurope.com\/@fr\/115092188299569845","error":""},"_links":{"self":[{"href":"https:\/\/www.europesays.com\/fr\/wp-json\/wp\/v2\/posts\/343995","targetHints":{"allow":["GET"]}}],"collection":[{"href":"https:\/\/www.europesays.com\/fr\/wp-json\/wp\/v2\/posts"}],"about":[{"href":"https:\/\/www.europesays.com\/fr\/wp-json\/wp\/v2\/types\/post"}],"author":[{"embeddable":true,"href":"https:\/\/www.europesays.com\/fr\/wp-json\/wp\/v2\/users\/2"}],"replies":[{"embeddable":true,"href":"https:\/\/www.europesays.com\/fr\/wp-json\/wp\/v2\/comments?post=343995"}],"version-history":[{"count":0,"href":"https:\/\/www.europesays.com\/fr\/wp-json\/wp\/v2\/posts\/343995\/revisions"}],"wp:featuredmedia":[{"embeddable":true,"href":"https:\/\/www.europesays.com\/fr\/wp-json\/wp\/v2\/media\/343996"}],"wp:attachment":[{"href":"https:\/\/www.europesays.com\/fr\/wp-json\/wp\/v2\/media?parent=343995"}],"wp:term":[{"taxonomy":"category","embeddable":true,"href":"https:\/\/www.europesays.com\/fr\/wp-json\/wp\/v2\/categories?post=343995"},{"taxonomy":"post_tag","embeddable":true,"href":"https:\/\/www.europesays.com\/fr\/wp-json\/wp\/v2\/tags?post=343995"}],"curies":[{"name":"wp","href":"https:\/\/api.w.org\/{rel}","templated":true}]}}