{"id":344001,"date":"2025-08-26T00:18:17","date_gmt":"2025-08-26T00:18:17","guid":{"rendered":"https:\/\/www.europesays.com\/fr\/344001\/"},"modified":"2025-08-26T00:18:17","modified_gmt":"2025-08-26T00:18:17","slug":"ligue-1-christophe-dugarry-dezingue-le-psg-pour-donnarumma","status":"publish","type":"post","link":"https:\/\/www.europesays.com\/fr\/344001\/","title":{"rendered":"Ligue 1, Christophe Dugarry d\u00e9zingue le PSG pour Donnarumma"},"content":{"rendered":"<p data-testid=\"article-teaser\">Christophe Dugarry a fustig\u00e9, lundi, la gestion du cas Donnarumma par le PSG cet \u00e9t\u00e9. <\/p>\n<p>L\u2019affaire Gianluigi Donnarumma continue de susciter des r\u00e9actions. Alors que le gardien italien se dirige vers un d\u00e9part du Paris Saint-Germain malgr\u00e9 une saison solide, Christophe Dugarry n\u2019a pas m\u00e2ch\u00e9 ses mots \u00e0 propos de la gestion du club francilien. Le champion du monde 1998 a livr\u00e9, ce lundi, son analyse dans l\u2019\u00e9mission Rothen s\u2019enflamme sur RMC, d\u00e9non\u00e7ant un manque d\u2019humanit\u00e9 flagrant de la part de la direction parisienne.<\/p>\n","protected":false},"excerpt":{"rendered":"Christophe Dugarry a fustig\u00e9, lundi, la gestion du cas Donnarumma par le PSG cet \u00e9t\u00e9. L\u2019affaire Gianluigi Donnarumma&hellip;\n","protected":false},"author":2,"featured_media":344002,"comment_status":"","ping_status":"","sticky":false,"template":"","format":"standard","meta":{"footnotes":""},"categories":[1410],"tags":[63,1011,27,30055,66,91,60,2312,47915],"class_list":{"0":"post-344001","1":"post","2":"type-post","3":"status-publish","4":"format-standard","5":"has-post-thumbnail","7":"category-football","8":"tag-football","9":"tag-fr","10":"tag-france","11":"tag-g-donnarumma","12":"tag-ligue-1","13":"tag-paris-saint-germain","14":"tag-sports","15":"tag-toulouse","16":"tag-toulouse-vs-paris-saint-germain"},"share_on_mastodon":{"url":"https:\/\/pubeurope.com\/@fr\/115092200200695256","error":""},"_links":{"self":[{"href":"https:\/\/www.europesays.com\/fr\/wp-json\/wp\/v2\/posts\/344001","targetHints":{"allow":["GET"]}}],"collection":[{"href":"https:\/\/www.europesays.com\/fr\/wp-json\/wp\/v2\/posts"}],"about":[{"href":"https:\/\/www.europesays.com\/fr\/wp-json\/wp\/v2\/types\/post"}],"author":[{"embeddable":true,"href":"https:\/\/www.europesays.com\/fr\/wp-json\/wp\/v2\/users\/2"}],"replies":[{"embeddable":true,"href":"https:\/\/www.europesays.com\/fr\/wp-json\/wp\/v2\/comments?post=344001"}],"version-history":[{"count":0,"href":"https:\/\/www.europesays.com\/fr\/wp-json\/wp\/v2\/posts\/344001\/revisions"}],"wp:featuredmedia":[{"embeddable":true,"href":"https:\/\/www.europesays.com\/fr\/wp-json\/wp\/v2\/media\/344002"}],"wp:attachment":[{"href":"https:\/\/www.europesays.com\/fr\/wp-json\/wp\/v2\/media?parent=344001"}],"wp:term":[{"taxonomy":"category","embeddable":true,"href":"https:\/\/www.europesays.com\/fr\/wp-json\/wp\/v2\/categories?post=344001"},{"taxonomy":"post_tag","embeddable":true,"href":"https:\/\/www.europesays.com\/fr\/wp-json\/wp\/v2\/tags?post=344001"}],"curies":[{"name":"wp","href":"https:\/\/api.w.org\/{rel}","templated":true}]}}