{"id":344007,"date":"2025-08-26T00:21:23","date_gmt":"2025-08-26T00:21:23","guid":{"rendered":"https:\/\/www.europesays.com\/fr\/344007\/"},"modified":"2025-08-26T00:21:23","modified_gmt":"2025-08-26T00:21:23","slug":"le-12-aout-ou-la-frenesie-de-la-litterature-quebecoise-revue-les-libraires","status":"publish","type":"post","link":"https:\/\/www.europesays.com\/fr\/344007\/","title":{"rendered":"Le 12 ao\u00fbt, ou la fr\u00e9n\u00e9sie de la litt\u00e9rature qu\u00e9b\u00e9coise \u2014 Revue Les libraires"},"content":{"rendered":"<p>C\u2019\u00e9tait une grandiose \u00e9dition, que ce douzi\u00e8me 12 ao\u00fbt o\u00f9 encore une fois, les lecteurs et les lectrices ont r\u00e9pondu \u00e0 l\u2019appel de la litt\u00e9rature qu\u00e9b\u00e9coise.<\/p>\n<p>L\u2019\u00e9lan ne s\u2019essouffle pas ni l\u2019enthousiasme. Comme si les ann\u00e9es passant, le d\u00e9sir d\u2019ancrer ce qui devient une tradition incite chacun et chacune d\u2019entre nous \u00e0 transmettre cette joyeuse habitude \u00e0 notre entourage. Les libraires, f\u00e9briles, en ont eu plein les bras toute la journ\u00e9e, attentifs aux besoins de tous et de toutes, rivalisant de suggestions \u00e0 la hauteur de la curiosit\u00e9 de la client\u00e8le en librairie, tout en veillant \u00e0 satisfaire la d\u00e9ferlante de commandes pass\u00e9es sur <a href=\"https:\/\/www.leslibraires.ca\/\" target=\"_blank\" rel=\"noopener nofollow\">leslibraires.ca<\/a>. Cette effervescence se traduit en chiffres, bien s\u00fbr. La Banque de titres de langue fran\u00e7aise (BTLF) a justement termin\u00e9 l\u2019analyse des ventes et confirme l\u2019engouement toujours grandissant pour ce 12 ao\u00fbt. La BTLF est un organisme qui g\u00e8re notamment Gaspard, le syst\u00e8me d\u2019information sur les ventes de livres en fran\u00e7ais au Canada. Gr\u00e2ce \u00e0 cet outil, nous pouvons obtenir le bilan complet de la journ\u00e9e du 12 ao\u00fbt. Pour mieux saisir l\u2019impact de cette journ\u00e9e, les analyses reposent sur les quatre mardis pr\u00e9c\u00e9dant le 12 ao\u00fbt, soit les 15, 22 et 29 juillet, ainsi que le 5 ao\u00fbt. Ces chiffres repr\u00e9sentent les ventes au d\u00e9tail des librairies ind\u00e9pendantes seulement.<\/p>\n<p>Ainsi, avant 2014, l\u2019ann\u00e9e o\u00f9 tout a commenc\u00e9, les ventes de livres de fiction qu\u00e9b\u00e9coise oscillaient entre 6 et 11%. Depuis, c\u2019est entre 200 et 600% qu\u2019elles atteignent, pour culminer en 2024 avec 972% et en 2025, 1146%. Les ventes ont donc \u00e9t\u00e9 multipli\u00e9es par 12,5! C\u2019est g\u00e9nial, non?<\/p>\n<p>Plus pr\u00e9cis\u00e9ment, la litt\u00e9rature remporte la mise avec 1754% d\u2019augmentation, suivie de la bande dessin\u00e9e avec 822%, la litt\u00e9rature jeunesse avec 543%, pour finir avec 136% dans les autres cat\u00e9gories. Parmi ces livres, notons qu\u2019une plus grande vari\u00e9t\u00e9 de titres sont vendus, soit plus de 212% de nouveaut\u00e9s et 169% de livres publi\u00e9s depuis plus d\u2019un an, ainsi que 112% de plus d\u2019auteurs diff\u00e9rents que les mardis pr\u00e9c\u00e9dents. Si toutes les r\u00e9gions du Qu\u00e9bec voient afficher de meilleures ventes le 12 ao\u00fbt, c\u2019est dans la r\u00e9gion du Grand Qu\u00e9bec que l\u2019augmentation est la plus notable, avec 1643% contre 1079% dans le Grand Montr\u00e9al et 1139% ailleurs. Bien s\u00fbr, cette affluence de client\u00e8le en librairie occasionne \u00e9galement davantage de ventes de livres publi\u00e9s \u00e0 l\u2019\u00e9tranger, soit entre 52 et 85% de plus selon la cat\u00e9gorie.<\/p>\n<p>En litt\u00e9rature, c\u2019est <a href=\"https:\/\/www.leslibraires.ca\/livres\/oasis-marie-christine-chartier-9782898513046.html\" target=\"_blank\" rel=\"noopener nofollow\">Oasis<\/a>, de Marie-Christine Chartier, publi\u00e9 chez Hurtubise qui se retrouve en premi\u00e8re position, suivi d\u2019<a href=\"https:\/\/www.leslibraires.ca\/livres\/eka-ashate-ne-flanche-pas-naomi-fontaine-9782898720369.html\" target=\"_blank\" rel=\"noopener nofollow\">Eka ashate\/Ne flanche pas<\/a>, de Naomi Fontaine, paru chez M\u00e9moire d\u2019encrier et <a href=\"https:\/\/www.leslibraires.ca\/livres\/le-chien-ne-meurt-pas-a-joel-martel-9782897072261.html\" target=\"_blank\" rel=\"noopener nofollow\">Le chien ne meurt pas \u00e0 la fin<\/a>, de Jo\u00ebl Martel, publi\u00e9 chez La M\u00e8che. En jeunesse, on retrouve Elise Gravel, une habitu\u00e9e des podiums, avec son tout r\u00e9cent <a href=\"https:\/\/www.leslibraires.ca\/livres\/mini-elise-elise-gravel-9781039712744.html\" target=\"_blank\" rel=\"noopener nofollow\">Mini-Elise<\/a>, publi\u00e9 chez Scholastic, suivi d\u2019<a href=\"https:\/\/www.leslibraires.ca\/livres\/au-fond-de-ma-cour-edith-cochrane-9782897141431.html\" target=\"_blank\" rel=\"noopener nofollow\">Au fond de ma cour<\/a>, publi\u00e9 chez La Bagnole. d\u2019\u00c9dith Cochrane et Isabelle Brouillette et de <a href=\"https:\/\/www.leslibraires.ca\/livres\/chere-librairie-genevieve-godbout-9782897771959.html\" target=\"_blank\" rel=\"noopener nofollow\">Ch\u00e8re Librairie<\/a>, d\u2019Emily Arrow et Genevi\u00e8ve Godbout (La Past\u00e8que). Du c\u00f4t\u00e9 des BD, c\u2019est <a href=\"https:\/\/www.leslibraires.ca\/livres\/pleurer-dans-les-petits-pains-a-valerie-boivin-9782925370154.html\" target=\"_blank\" rel=\"noopener nofollow\">Pleurer dans les petits pains \u00e0 hot-dog<\/a>, de Val\u00e9rie Boivin (Nouvelle adresse), qui se retrouve aux premi\u00e8res loges. Suivent <a href=\"https:\/\/www.leslibraires.ca\/livres\/ataria-zero-alex-a-9782898451706.html\" target=\"_blank\" rel=\"noopener nofollow\">Ataria z\u00e9ro<\/a>, d\u2019Alex A., publi\u00e9 chez Presses Aventure et <a href=\"https:\/\/www.leslibraires.ca\/livres\/pour-faire-une-histoire-courte-le-heloise-le-glaunec-9782898511585.html\" target=\"_blank\" rel=\"noopener nofollow\">Pour faire une histoire courte : Le corps<\/a>, de Laurent Turcot et H\u00e9lo\u00efse Le Glaunec, publi\u00e9 chez Hurtubise. Les autres cat\u00e9gories sont repr\u00e9sent\u00e9es par <a href=\"https:\/\/www.leslibraires.ca\/livres\/ordures-simon-pare-poupart-9782898331510.html\" target=\"_blank\" rel=\"noopener nofollow\">Ordures!<\/a> de Simon Par\u00e9-Poupart et <a href=\"https:\/\/www.leslibraires.ca\/livres\/rue-duplessis-jean-philippe-pleau-9782898331398.html\" target=\"_blank\" rel=\"noopener nofollow\">Rue Duplessis<\/a>, de Jean-Philippe Pleau, tous deux publi\u00e9s chez Lux, qui sont suivis de <a href=\"https:\/\/www.leslibraires.ca\/livres\/dans-mon-sang-rebecca-makonnen-9782764817070.html\" target=\"_blank\" rel=\"noopener nofollow\">Dans mon sang<\/a>, de Rebecca Makonnen, paru chez Libre Expression. Vous pouvez voir le palmar\u00e8s des 25 livres les plus vendus dans les librairies du r\u00e9seau Les libraires <a href=\"https:\/\/www.leslibraires.ca\/theme\/palmares-gaspard-des-25-livres-les-plus-vendus-dans-les-librairies-du-reseau-les-libraires-12-aout-2025\" target=\"_blank\" rel=\"noopener nofollow\">ici<\/a>.<\/p>\n<p>On ne peut que saluer l\u2019id\u00e9e fabuleuse qu\u2019ont eue Patrice Cazeault et Am\u00e9lie Dub\u00e9, cet \u00e9t\u00e9 2014 o\u00f9 tout a d\u00e9but\u00e9, n\u2019est-ce pas? Envie d\u2019en savoir davantage sur cette initiative? Plongez dans notre dossier sp\u00e9cial 12 ao\u00fbt <a href=\"https:\/\/revue.leslibraires.ca\/dossiers\/le-12e-12-aout\/\" target=\"_blank\" rel=\"noopener nofollow\">ici<\/a>.<\/p>\n<p>Illustration : \u00a9 Alex Davro<\/p>\n","protected":false},"excerpt":{"rendered":"C\u2019\u00e9tait une grandiose \u00e9dition, que ce douzi\u00e8me 12 ao\u00fbt o\u00f9 encore une fois, les lecteurs et les lectrices&hellip;\n","protected":false},"author":2,"featured_media":344008,"comment_status":"","ping_status":"","sticky":false,"template":"","format":"standard","meta":{"footnotes":""},"categories":[1357],"tags":[1379,58,59,1011,27,1380],"class_list":{"0":"post-344007","1":"post","2":"type-post","3":"status-publish","4":"format-standard","5":"has-post-thumbnail","7":"category-livres","8":"tag-books","9":"tag-divertissement","10":"tag-entertainment","11":"tag-fr","12":"tag-france","13":"tag-livres"},"share_on_mastodon":{"url":"https:\/\/pubeurope.com\/@fr\/115092212027360671","error":""},"_links":{"self":[{"href":"https:\/\/www.europesays.com\/fr\/wp-json\/wp\/v2\/posts\/344007","targetHints":{"allow":["GET"]}}],"collection":[{"href":"https:\/\/www.europesays.com\/fr\/wp-json\/wp\/v2\/posts"}],"about":[{"href":"https:\/\/www.europesays.com\/fr\/wp-json\/wp\/v2\/types\/post"}],"author":[{"embeddable":true,"href":"https:\/\/www.europesays.com\/fr\/wp-json\/wp\/v2\/users\/2"}],"replies":[{"embeddable":true,"href":"https:\/\/www.europesays.com\/fr\/wp-json\/wp\/v2\/comments?post=344007"}],"version-history":[{"count":0,"href":"https:\/\/www.europesays.com\/fr\/wp-json\/wp\/v2\/posts\/344007\/revisions"}],"wp:featuredmedia":[{"embeddable":true,"href":"https:\/\/www.europesays.com\/fr\/wp-json\/wp\/v2\/media\/344008"}],"wp:attachment":[{"href":"https:\/\/www.europesays.com\/fr\/wp-json\/wp\/v2\/media?parent=344007"}],"wp:term":[{"taxonomy":"category","embeddable":true,"href":"https:\/\/www.europesays.com\/fr\/wp-json\/wp\/v2\/categories?post=344007"},{"taxonomy":"post_tag","embeddable":true,"href":"https:\/\/www.europesays.com\/fr\/wp-json\/wp\/v2\/tags?post=344007"}],"curies":[{"name":"wp","href":"https:\/\/api.w.org\/{rel}","templated":true}]}}