{"id":344009,"date":"2025-08-26T00:22:11","date_gmt":"2025-08-26T00:22:11","guid":{"rendered":"https:\/\/www.europesays.com\/fr\/344009\/"},"modified":"2025-08-26T00:22:11","modified_gmt":"2025-08-26T00:22:11","slug":"apres-la-garde-a-vue-de-p","status":"publish","type":"post","link":"https:\/\/www.europesays.com\/fr\/344009\/","title":{"rendered":"apr\u00e8s la garde \u00e0 vue de P &#8230;"},"content":{"rendered":"<p>EN BREF<\/p>\n<ul class=\"bloc_resume_post_list\">\n<li>Le 9 ao\u00fbt, Paga, candidat des Marseillais, est plac\u00e9 en<br \/>\ngarde \u00e0 vue pour une enqu\u00eate de viol, tandis que Giuseppa, sa<br \/>\ncompagne, r\u00e9agit publiquement.<\/li>\n<li>Le 25 ao\u00fbt, Giuseppa annonce sur Instagram sa s\u00e9paration<br \/>\navec Paga, \u00e9voquant des raisons personnelles sans entrer dans les<br \/>\nd\u00e9tails.<\/li>\n<li>Les tensions r\u00e9centes et les d\u00e9fis relationnels sont<br \/>\nabord\u00e9s, laissant entrevoir une dynamique complexe entre Giuseppa<br \/>\net Paga.<\/li>\n<\/ul>\n<p>Le couple form\u00e9 par Paga et Giuseppa n\u2019a pas r\u00e9ussi \u00e0 survivre<br \/>\naux pol\u00e9miques de ces derni\u00e8res semaines. Le 9 ao\u00fbt dernier, le<br \/>\ncandidat des Marseillais avait \u00e9t\u00e9 plac\u00e9 en garde \u00e0 vue dans le<br \/>\ncadre d\u2019une enqu\u00eate pour viol.<\/p>\n<p>Giuseppa avait pris la parole quelques jours plus tard, pour<br \/>\nremercier ses fans des messages de soutien. Mais ce 25 aout, la<br \/>\n<a href=\"https:\/\/www.telestar.fr\/tele_realite\/giuseppa-on-pensait-aller-jusquau-bout-ensemble-la-femme-de-paga-reagit-au-lendemain-de-la-revelation-1734372\" target=\"_blank\" rel=\"noopener\"><br \/>\nmaman<\/a> a une nouvelle fois pris la parole, cette fois pour<br \/>\nannoncer sa s\u00e9paration avec Paga.<\/p>\n<p>Paga accus\u00e9 de viol\u00a0: Giuseppa prend la parole<br \/>\ntimidement<\/p>\n<p>Le 9 ao\u00fbt dernier, <a href=\"https:\/\/www.telestar.fr\/people\/paga-profondement-choque-la-star-des-marseillais-sort-du-silence-apres-sa-garde-a-vue-1734443\" target=\"_blank\" rel=\"noopener\"><br \/>\nPaga<\/a> s\u2019\u00e9tait retrouv\u00e9 au c\u0153ur d\u2019une grosse<br \/>\n<strong>pol\u00e9mique<\/strong>. L\u2019ancien candidat de t\u00e9l\u00e9r\u00e9alit\u00e9 avait<br \/>\n\u00e9t\u00e9 plac\u00e9 en <strong>garde \u00e0 vue<\/strong> apr\u00e8s des accusations de<br \/>\n<a href=\"https:\/\/www.telestar.fr\/tele_realite\/paga-interpelle-par-la-police-le-mari-de-giuseppa-serait-vise-par-de-graves-accusations-1734347\" target=\"_blank\" rel=\"noopener\"><br \/>\nviol<\/a>, avant d\u2019\u00eatre rel\u00e2ch\u00e9. Son \u00e9pouse <a href=\"https:\/\/www.telestar.fr\/tele_realite\/giuseppa-son-retour-tendre-et-discret-suite-aux-accusations-contre-son-mari-paga-1734923\" target=\"_blank\" rel=\"noopener\"><br \/>\nGiuseppa<\/a>, qu\u00a0\u00bbil a rencontr\u00e9e sur le tournage<br \/>\ndes\u00a0Marseillais vs le reste du monde\u00a0en 2021,<br \/>\navait r\u00e9agi sur Instagram, apr\u00e8s un long silence. \u00ab\u00a0Merci pour<br \/>\nvos messages de soutien dans cette p\u00e9riode difficile. Nous avan\u00e7ons<br \/>\nplus forts pour nos filles, avec respect pour tous\u00a0\u00bb, avait<br \/>\nconfi\u00e9\u00a0la maman de Giorgia et Adrianna.<\/p>\n<p>Quelques jours plus tard, elle avait \u00e0 nouveau donn\u00e9 de ses<br \/>\nnouvelles.\u00a0\u00ab\u00a0Ces derniers temps, <strong>j&rsquo;ai pris du temps<br \/>\npour nous<\/strong>. Je sais que beaucoup attendent de moi que je<br \/>\nd\u00e9veloppe davantage, que je m&rsquo;exprime, mais pour l&rsquo;instant je ne<br \/>\nsuis <strong>pas pr\u00eate<\/strong>\u00a0\u00bb avait-elle avou\u00e9. Ce<br \/>\nlundi 25 ao\u00fbt, la star de t\u00e9l\u00e9r\u00e9alit\u00e9 s\u2019est adress\u00e9e \u00e0 ses fans<br \/>\npour annoncer une triste nouvelle.<\/p>\n<blockquote class=\"instagram-media\" style=\"background: #ffffff;border: 0;margin: 1px;width: 100%;padding: 0;max-width: 500px;\" data-instgrm-permalink=\"https:\/\/www.instagram.com\/p\/DNv1R2RWOzT\/?hl=fr\" data-instgrm-version=\"14\"><\/blockquote>\n<p>Giuseppa annonce sa rupture avec Paga,<br \/>\napr\u00e8s quatre ans d\u2019amour et deux enfants<\/p>\n<p>Ce 25 aout 2025, Giuseppa a annonc\u00e9 sa rupture avec Paga en<br \/>\nstory de son compte Instagram.\u00a0\u00ab\u00a0<strong>Ce n&rsquo;est pas<br \/>\nfacile<\/strong> de prendre la parole parce que je sais que tout le<br \/>\nmonde sait pourquoi je vais prendre la parole aujourd&rsquo;hui\u00a0\u00bb,<br \/>\na-t-elle commenc\u00e9.<strong>\u00a0<\/strong>\u00ab\u00a0Il est temps<br \/>\npour moi de vous dire qu&rsquo;<strong>entre Paga et moi, c&rsquo;est<br \/>\ntermin\u00e9<\/strong>. Voil\u00e0, c&rsquo;est fini. Je n&rsquo;ai <strong>pas envie de<br \/>\ndonner plus de d\u00e9tails que \u00e7a<\/strong>, simplement sachez que c&rsquo;est<br \/>\nune d\u00e9cision qu&rsquo;on a prise pour des raisons personnelles\u00a0\u00bb, a<br \/>\nexpliqu\u00e9 la <a href=\"https:\/\/www.telestar.fr\/people\/paga-accuse-de-viol-sa-femme-giuseppa-pas-prete-elle-publie-un-message-laconique-1735481\" target=\"_blank\" rel=\"noopener\"><br \/>\nm\u00e8re de famille<\/a>.\u00a0Celle qui a r\u00e9cemment gagn\u00e9 le jeu<br \/>\nThe Detective Club a ensuite \u00e9voqu\u00e9 ses probl\u00e8mes de<br \/>\n<a href=\"https:\/\/www.telestar.fr\/tele_realite\/paga-et-giuseppa-parents-de-deux-enfants-et-abstinents-la-vie-sexuelle-cest-un-peu-1682241\" target=\"_blank\" rel=\"noopener\"><br \/>\ncouple<\/a>.<\/p>\n<p>\u00ab\u00a0<strong>C&rsquo;\u00e9tait tr\u00e8s compliqu\u00e9 ces derniers mois<\/strong>,<br \/>\non s&rsquo;est toujours battus pour nos enfants, on a toujours donn\u00e9 le<br \/>\nmaximum. On a toujours \u00e9t\u00e9 dans le respect, on a toujours eu<br \/>\nbeaucoup de communication, je pense que vous l&rsquo;avez vu.<br \/>\nMalheureusement, vous avez vu qu&rsquo;<strong>on s&rsquo;est fait du<br \/>\nmal<\/strong>. \u00c7a n&rsquo;allait plus et on a d\u00e9cid\u00e9 de mettre un terme \u00e0<br \/>\nnotre relation\u00a0\u00bb a-t-elle confi\u00e9.<\/p>\n<p>Giuseppa a ensuite r\u00e9v\u00e9l\u00e9 qu\u2019elle restait en bons termes avec le<br \/>\np\u00e8re de ses deux filles. \u00ab\u00a0Aujourd&rsquo;hui, il y a toujours<br \/>\n\u00e9norm\u00e9ment de <strong>respect et d&rsquo;entente<\/strong> parce qu&rsquo;il ne<br \/>\nfaut pas oublier qu&rsquo;on a des enfants ensemble et nos petites filles<br \/>\nsont toujours l\u00e0 au milieu\u00a0\u00bb,\u00a0a-t-elle assur\u00e9.<br \/>\n\u00ab\u00a0<strong>On n&rsquo;est vraiment pas en mauvais termes<\/strong>, on<br \/>\nse parle tout le temps. M\u00eame r\u00e9cemment, on \u00e9tait ensemble \u00e0 la<br \/>\nmaison avec les filles, mais <strong>c&rsquo;est tr\u00e8s<br \/>\ncompliqu\u00e9<\/strong>\u00a0\u00bb a finalement conclu la <a href=\"https:\/\/www.telestar.fr\/tele_realite\/giuseppa-bientot-operee-la-cherie-de-paga-enchaine-les-soucis-de-sante-1726521\" target=\"_blank\" rel=\"noopener\"><br \/>\njeune femme<\/a>, avec \u00e9motion.<\/p>\n<p><script async src=\"\/\/www.instagram.com\/embed.js\"><\/script><\/p>\n","protected":false},"excerpt":{"rendered":"EN BREF Le 9 ao\u00fbt, Paga, candidat des Marseillais, est plac\u00e9 en garde \u00e0 vue pour une enqu\u00eate&hellip;\n","protected":false},"author":2,"featured_media":344010,"comment_status":"","ping_status":"","sticky":false,"template":"","format":"standard","meta":{"footnotes":""},"categories":[1356],"tags":[548,58,59,1011,27,35355,35356,252,1364],"class_list":{"0":"post-344009","1":"post","2":"type-post","3":"status-publish","4":"format-standard","5":"has-post-thumbnail","7":"category-television","8":"tag-article-simple","9":"tag-divertissement","10":"tag-entertainment","11":"tag-fr","12":"tag-france","13":"tag-giuseppa","14":"tag-paga","15":"tag-television","16":"tag-tv"},"share_on_mastodon":{"url":"https:\/\/pubeurope.com\/@fr\/115092215821340205","error":""},"_links":{"self":[{"href":"https:\/\/www.europesays.com\/fr\/wp-json\/wp\/v2\/posts\/344009","targetHints":{"allow":["GET"]}}],"collection":[{"href":"https:\/\/www.europesays.com\/fr\/wp-json\/wp\/v2\/posts"}],"about":[{"href":"https:\/\/www.europesays.com\/fr\/wp-json\/wp\/v2\/types\/post"}],"author":[{"embeddable":true,"href":"https:\/\/www.europesays.com\/fr\/wp-json\/wp\/v2\/users\/2"}],"replies":[{"embeddable":true,"href":"https:\/\/www.europesays.com\/fr\/wp-json\/wp\/v2\/comments?post=344009"}],"version-history":[{"count":0,"href":"https:\/\/www.europesays.com\/fr\/wp-json\/wp\/v2\/posts\/344009\/revisions"}],"wp:featuredmedia":[{"embeddable":true,"href":"https:\/\/www.europesays.com\/fr\/wp-json\/wp\/v2\/media\/344010"}],"wp:attachment":[{"href":"https:\/\/www.europesays.com\/fr\/wp-json\/wp\/v2\/media?parent=344009"}],"wp:term":[{"taxonomy":"category","embeddable":true,"href":"https:\/\/www.europesays.com\/fr\/wp-json\/wp\/v2\/categories?post=344009"},{"taxonomy":"post_tag","embeddable":true,"href":"https:\/\/www.europesays.com\/fr\/wp-json\/wp\/v2\/tags?post=344009"}],"curies":[{"name":"wp","href":"https:\/\/api.w.org\/{rel}","templated":true}]}}