{"id":344015,"date":"2025-08-26T00:25:18","date_gmt":"2025-08-26T00:25:18","guid":{"rendered":"https:\/\/www.europesays.com\/fr\/344015\/"},"modified":"2025-08-26T00:25:18","modified_gmt":"2025-08-26T00:25:18","slug":"pourquoi-les-nouvelles-recommandations-visent-elles-le-cerveau","status":"publish","type":"post","link":"https:\/\/www.europesays.com\/fr\/344015\/","title":{"rendered":"pourquoi les nouvelles recommandations visent-elles le cerveau ?"},"content":{"rendered":"<p>             <a href=\"https:\/\/ma-sante.news\/wp-content\/uploads\/2025\/08\/hypertension-arterielle-recommandations-demence-sante-cognitive-infarctus-avc-Ma-Sante.jpg\" data-caption=\"En France, 40 % des hypertendus ne prennent pas leur traitement correctement selon la Haute Autorit\u00e9 de Sant\u00e9. \u00a9 Freepik\" target=\"_blank\" rel=\"noopener\"><img loading=\"lazy\" decoding=\"async\" width=\"696\" height=\"464\" class=\"entry-thumb td-modal-image\" src=\"data:image\/svg+xml,%3Csvg%20xmlns=\" http:=\"\" data-lazy- data-lazy- alt=\"Un homme qui prend sa tension pour suivre son hypertension art\u00e9rielle.\" title=\"hypertension arte\u0301rielle recommandations de\u0301mence sante\u0301 cognitive infarctus avc Ma Sante\u0301\" data-lazy-src=\"https:\/\/www.europesays.com\/fr\/wp-content\/uploads\/2025\/08\/hypertension-arterielle-recommandations-demence-sante-cognitive-infarctus-avc-Ma-Sante-696x464.jpg\"\/><\/a>En France, 40 % des hypertendus ne prennent pas leur traitement correctement selon la Haute Autorit\u00e9 de Sant\u00e9. \u00a9 Freepik                                    \t\t\t             <a class=\"gofollow\" data-track=\"MjgsMCw2MA==\" href=\"https:\/\/ma-sante.news\/inscrivez-vous-a-notre-newsletter\/\" target=\"_blank\" rel=\"noopener\"><img loading=\"lazy\" decoding=\"async\" width=\"1068\" height=\"131\" src=\"data:image\/svg+xml,%3Csvg%20xmlns=\" http:=\"\" data-lazy-src=\"https:\/\/www.europesays.com\/fr\/wp-content\/uploads\/2025\/03\/banniere-newsletter.png\"\/><\/a> <\/p>\n<p><a href=\"https:\/\/ma-sante.news\/hypertension-arterielle-etes-vous-hypertendu-sans-le-savoir\/\" target=\"_blank\" rel=\"noopener\">L\u2019hypertension art\u00e9rielle n\u2019est pas seulement le \u201ctueur silencieux\u201d du c\u0153ur<\/a>, elle est aussi une des principales menaces pour notre sant\u00e9 c\u00e9r\u00e9brale. Une bonne tension, bien ma\u00eetris\u00e9e, permet non seulement d\u2019\u00e9viter <a href=\"https:\/\/ma-sante.news\/avc-infarctus-une-decouverte-majeure-rebat-les-cartes-de-la-prise-en-charge\/\" target=\"_blank\" rel=\"noopener\">les AVC et infarctus<\/a>, mais aussi de pr\u00e9server notre m\u00e9moire, notre concentration, notre autonomie sur le long terme.<\/p>\n<p>En ao\u00fbt\u202f2025, l\u2019American Heart Association (AHA) et l\u2019American College of Cardiology (ACC), en partenariat avec onze autres soci\u00e9t\u00e9s m\u00e9dicales, ont mis \u00e0 jour leurs recommandations 2017. Publi\u00e9es dans le Journal of the American College of Cardiology (JACC), ces lignes directrices tirent parti <a href=\"https:\/\/medvasc.info\/archives-blog\/hta-recos-2025-un-aper%C3%A7u?\" target=\"_blank\" rel=\"noopener\">des donn\u00e9es les plus r\u00e9centes pour affiner la pr\u00e9vention et la prise en charge de l\u2019HTA<\/a>.<\/p>\n<p>Elles portent une attention nouvelle \u00e0 l\u2019impact de l\u2019HTA sur les fonctions cognitives et la d\u00e9mence, renforcent les strat\u00e9gies de d\u00e9pistage, recommandent l\u2019automesure \u00e0 domicile\u2026 et plaident pour une approche pluridisciplinaire et personnalis\u00e9e. Regard complet, sous un jour humain.<\/p>\n<p>        L\u2019HTA : une menace c\u00e9r\u00e9brale insidieuse    <\/p>\n<p>Ces nouvelles recommandations insistent sur le r\u00f4le capital de la pression art\u00e9rielle comme facteur modifiable majeur, capable de d\u00e9clencher maladies cardiovasculaires et troubles neurologiques :\u00a0<\/p>\n<p>Et quelle que soit la source, les chiffres sont sans \u00e9quivoque : contr\u00f4ler sa tension peut r\u00e9duire de 40\u202f% le risque d\u2019AVC, de 25\u202f% celui d\u2019<a href=\"https:\/\/ma-sante.news\/infarctus-du-myocarde-pourquoi-les-femmes-sont-elles-de-plus-en-plus-touchees\/\" target=\"_blank\" rel=\"noopener\">infarctus du myocarde<\/a>, de 60\u202f% les risques d\u2019insuffisance cardiaque\u2026 et contribuer \u00e0 pr\u00e9venir la d\u00e9g\u00e9n\u00e9rescence cognitive.<\/p>\n<p>        Objectif tension :     <\/p>\n<p>Les nouvelles directives ciblent d\u00e9sormais une tension art\u00e9rielle inf\u00e9rieure \u00e0 130\/80 mm\u202fHg pour tous les adultes, sauf en cas de fragilit\u00e9 particuli\u00e8re ou d\u2019esp\u00e9rance de vie limit\u00e9e.<\/p>\n<p>Pour les personnes pr\u00e9sentant une pr\u00e9-hypertension (130\u2013139\/80\u201389 mm\u202fHg) et \u00e0 faible risque cardiovasculaire, on privil\u00e9gie 3 \u00e0 6 mois de modifications du mode de vie avant d\u2019envisager un traitement m\u00e9dicamenteux. \u00c0 l\u2019inverse, en cas d\u2019hypertension de stade 2 (\u2265 140\/90 mm\u202fHg), le recours \u00e0 une combinaison m\u00e9dicamenteuse d\u00e8s le d\u00e9part est encourag\u00e9.<\/p>\n<p>        hypertension art\u00e9rielle : pr\u00e9venir, d\u00e9pister, surveiller !    <strong>Automesure \u00e0 domicile et pr\u00e9cautions<\/strong>    <\/p>\n<p>L\u2019un des apports frappants des <a href=\"https:\/\/frhta.org\/\" target=\"_blank\" rel=\"noopener\">recommandations 2025<\/a> : la mesure de la tension doit se faire dans un environnement calme. On bannit toute distraction (smartphones, t\u00e9l\u00e9visions) pendant l\u2019automesure. Ce d\u00e9tail, anodin en apparence, refl\u00e8te l\u2019importance accord\u00e9e \u00e0 la rigueur du diagnostic.<a href=\"https:\/\/frhta.org\/?utm_source=chatgpt.com\" target=\"_blank\" rel=\"noopener\">\u00a0<\/a><\/p>\n<p>        <strong>D\u00e9pistage \u00e9largi et \u00e9valuation compl\u00e8te<\/strong>    <\/p>\n<p>Ces recommandations font la place \u00e0 une \u00e9valuation syst\u00e9matique, incluant le dosage du rapport albumine\/cr\u00e9atinine (pour la sant\u00e9 r\u00e9nale) et du ratio aldost\u00e9rone\/r\u00e9nine (pour d\u00e9tecter l\u2019aldost\u00e9ronisme primaire), d\u00e9sormais recommand\u00e9 chez de nombreux hypertendus, y compris ceux souffrant d\u2019apn\u00e9e du sommeil.<\/p>\n<p>        <strong>Une prise en charge globale, adapt\u00e9e et multidisciplinaire<\/strong>    <\/p>\n<p>Impossible de g\u00e9rer l\u2019HTA dans son coin. Les directives mettent en avant le travail en \u00e9quipe (m\u00e9decins, infirmiers, pharmaciens, di\u00e9t\u00e9ticiens, assistants de sant\u00e9 communautaire) pour lever les freins \u00e0 la prise en charge, am\u00e9liorer l\u2019observance, proposer une intervention coordonn\u00e9e.<\/p>\n<p><a href=\"https:\/\/professional.heart.org\/en\/guidelines-and-statements\/prevent-risk-calculator\/prevent-calculator\" target=\"_blank\" rel=\"noopener\">La calculatrice PREVENT\u2122<\/a>, int\u00e9gr\u00e9e aux nouvelles recommandations, permet d\u2019\u00e9valuer avec pr\u00e9cision le risque cardiovasculaire \u00e0 10 ou 30 ans, en combinant donn\u00e9es cardiovasculaires, r\u00e9nales et m\u00e9taboliques. Elle permet alors d\u2019orienter les d\u00e9cisions th\u00e9rapeutiques d\u00e8s la pr\u00e9vention ou lorsqu\u2019un traitement devient n\u00e9cessaire.<\/p>\n<p>        Sp\u00e9cificit\u00e9s cliniques : grossesse, fragilit\u00e9, comorbidit\u00e9s    <\/p>\n<p><strong>Grossesse :<\/strong> l\u2019HTA gestationnelle a des cons\u00e9quences durables. Les directives pr\u00e9conisent l\u2019initiation d\u2019un traitement d\u00e8s 140\/90 mm\u202fHg, et une surveillance post-partum attentive, ainsi qu\u2019un usage raisonn\u00e9 de l\u2019aspirine basse dose pour certaines patientes.<\/p>\n<p><strong>Adultes \u00e0 risque (diab\u00e8te, ob\u00e9sit\u00e9, maladie r\u00e9nale\u2026) :<\/strong> une approche plus agressive est justifi\u00e9e, souvent avec une double th\u00e9rapie m\u00e9dicamenteuse (comprim\u00e9 combin\u00e9), voire des GLP\u20111 chez les hypertendus surpoids\/ob\u00e8ses.<\/p>\n<p><strong>Seniors fragiles : <\/strong>les recommandations proposent une adaptation personnalis\u00e9e pour \u00e9viter les effets ind\u00e9sirables d\u2019une tension trop basse comme les chutes, l\u2019insuffisance r\u00e9nale, etc.<\/p>\n<p>        Et en France, on fait quoi ?    <\/p>\n<p>Ces recommandations, efficaces, pr\u00e9cises et centr\u00e9es sur la pr\u00e9vention \u00e0 long terme, font \u00e9cho \u00e0 celles de la Soci\u00e9t\u00e9 Europ\u00e9enne de Cardiologie mais apportent un focus in\u00e9dit sur la protection du cerveau.<\/p>\n<p>Pour la France, le d\u00e9fi est double\u202f: faire conna\u00eetre ces objectifs optimis\u00e9s (    <\/p>\n<blockquote class=\"wp-block-quote is-layout-flow wp-block-quote-is-layout-flow\">\n<p><strong>\u00c0 SAVOIR <\/strong><\/p>\n<p>Le r\u00e9gime DASH (Dietary Approaches to Stop Hypertension), riche en fruits, l\u00e9gumes, produits laitiers pauvres en graisses et pauvre en sodium, a prouv\u00e9 son efficacit\u00e9 : il peut faire baisser la tension art\u00e9rielle de 8 \u00e0 14 mmHg (NHLBI, \u00c9tats-Unis).<\/p>\n<\/blockquote>\n<p>  <a class=\"gofollow\" data-track=\"MTIsMCw2MA==\" href=\"https:\/\/ma-sante.news\/annonceurs\/\" target=\"_blank\" rel=\"noopener\"><img loading=\"lazy\" decoding=\"async\" width=\"2560\" height=\"2133\" src=\"data:image\/svg+xml,%3Csvg%20xmlns=\" http:=\"\" data-lazy-src=\"https:\/\/www.europesays.com\/fr\/wp-content\/uploads\/2025\/03\/pub-annonceurs-4-scaled.jpg\"\/><\/a>    <img loading=\"lazy\" decoding=\"async\" width=\"755\" height=\"495\" src=\"data:image\/svg+xml,%3Csvg%20xmlns=\" http:=\"\" data-lazy-src=\"https:\/\/www.europesays.com\/fr\/wp-content\/uploads\/2025\/03\/Image1.jpg\"\/>Inscrivez-vous \u00e0 notre newsletter <br \/>Ma Sant\u00e9                      <\/p>\n","protected":false},"excerpt":{"rendered":"En France, 40 % des hypertendus ne prennent pas leur traitement correctement selon la Haute Autorit\u00e9 de Sant\u00e9.&hellip;\n","protected":false},"author":2,"featured_media":344016,"comment_status":"","ping_status":"","sticky":false,"template":"","format":"standard","meta":{"footnotes":""},"categories":[10],"tags":[1093,1011,27,72,30858,71,22127],"class_list":{"0":"post-344015","1":"post","2":"type-post","3":"status-publish","4":"format-standard","5":"has-post-thumbnail","7":"category-sante","8":"tag-du00e9mence","9":"tag-fr","10":"tag-france","11":"tag-health","12":"tag-infarctus","13":"tag-sante","14":"tag-symptomes-avc"},"share_on_mastodon":{"url":"https:\/\/pubeurope.com\/@fr\/115092227612131457","error":""},"_links":{"self":[{"href":"https:\/\/www.europesays.com\/fr\/wp-json\/wp\/v2\/posts\/344015","targetHints":{"allow":["GET"]}}],"collection":[{"href":"https:\/\/www.europesays.com\/fr\/wp-json\/wp\/v2\/posts"}],"about":[{"href":"https:\/\/www.europesays.com\/fr\/wp-json\/wp\/v2\/types\/post"}],"author":[{"embeddable":true,"href":"https:\/\/www.europesays.com\/fr\/wp-json\/wp\/v2\/users\/2"}],"replies":[{"embeddable":true,"href":"https:\/\/www.europesays.com\/fr\/wp-json\/wp\/v2\/comments?post=344015"}],"version-history":[{"count":0,"href":"https:\/\/www.europesays.com\/fr\/wp-json\/wp\/v2\/posts\/344015\/revisions"}],"wp:featuredmedia":[{"embeddable":true,"href":"https:\/\/www.europesays.com\/fr\/wp-json\/wp\/v2\/media\/344016"}],"wp:attachment":[{"href":"https:\/\/www.europesays.com\/fr\/wp-json\/wp\/v2\/media?parent=344015"}],"wp:term":[{"taxonomy":"category","embeddable":true,"href":"https:\/\/www.europesays.com\/fr\/wp-json\/wp\/v2\/categories?post=344015"},{"taxonomy":"post_tag","embeddable":true,"href":"https:\/\/www.europesays.com\/fr\/wp-json\/wp\/v2\/tags?post=344015"}],"curies":[{"name":"wp","href":"https:\/\/api.w.org\/{rel}","templated":true}]}}