{"id":344019,"date":"2025-08-26T00:27:11","date_gmt":"2025-08-26T00:27:11","guid":{"rendered":"https:\/\/www.europesays.com\/fr\/344019\/"},"modified":"2025-08-26T00:27:11","modified_gmt":"2025-08-26T00:27:11","slug":"sa-condamnation-lui-a-coute-tres-cher-m6-pas-lo","status":"publish","type":"post","link":"https:\/\/www.europesays.com\/fr\/344019\/","title":{"rendered":"sa condamnation lui a co\u00fbt\u00e9 tr\u00e8s cher, M6 pas lo &#8230;"},"content":{"rendered":"<p>EN BREF<\/p>\n<ul class=\"bloc_resume_post_list\">\n<li>Le r\u00e9seau Plaza Immobilier se porte plut\u00f4t<br \/>\nmal.<\/li>\n<li>Le chiffre d\u2019affaires est en baisse.<\/li>\n<li>Entre St\u00e9phane Plaza et les actionnaires, la tension<br \/>\nmonte et M6 a pris une grande d\u00e9cision.<\/li>\n<\/ul>\n<p>Il y a quelques mois, <a href=\"https:\/\/www.telestar.fr\/people\/stephane-plaza-ils-tont-enterre-lanimateur-met-les-choses-au-point-et-ca-se-passe-de-commentaire-1732550\" target=\"_blank\" rel=\"noopener\"><br \/>\nSt\u00e9phane \u00e9tait au sommet de sa carri\u00e8re<\/a>. Il \u00e9tait l\u2019une des<br \/>\nstars de M6 et un des agents immobiliers les plus c\u00e9l\u00e8bres de<br \/>\nFrance et il pr\u00e9sentait plusieurs \u00e9missions sur la cha\u00eene, comme<br \/>\n\u201cRecherche appartement ou maison\u201d, \u201cMaison \u00e0 vendre\u201d ou encore<br \/>\n\u201cChasseurs d\u2019appart\u201d. Mais une condamnation judiciaire a tout fait<br \/>\nbasculer. Le 18 f\u00e9vrier, l\u2019ancien animateur a \u00e9t\u00e9 condamn\u00e9 \u00e0 un an<br \/>\nde prison avec sursis pour violences r\u00e9currentes sur une ancienne<br \/>\ncompagne. Il a fait appel, mais M6 a quand m\u00eame d\u00e9programm\u00e9 ses<br \/>\n\u00e9missions.<\/p>\n<p>Ce n\u2019est pas tout. Le groupe est aussi actionnaire de son r\u00e9seau<br \/>\nd\u2019agences immobili\u00e8res, qui depuis plus d\u2019un an semble en<br \/>\ndifficult\u00e9 financi\u00e8re. Et <a href=\"https:\/\/www.telestar.fr\/people\/stephane-plaza-condamne-et-zappe-de-m6-ca-a-aussi-coute-cher-a-cette-fidele-collaboratrice-1733832\" target=\"_blank\" rel=\"noopener\"><br \/>\nM6 n\u2019\u00e9tait pas loin de lui planter un couteau dans le dos.<\/a><\/p>\n<p>St\u00e9phane Plaza : \u00e7a ne va pas fort avec M6<\/p>\n<p>L\u2019empire immobilier de <a href=\"https:\/\/www.telestar.fr\/people\/stephane-plaza-ses-affaires-au-plus-mal-les-chiffres-du-gouffre-financier-dans-lequel-il-est-tombe-1731390\" target=\"_blank\" rel=\"noopener\"><br \/>\nSt\u00e9phane Plaza se porte mal.<\/a> Si de mani\u00e8re g\u00e9n\u00e9rale, le secteur<br \/>\nde l\u2019immobilier n\u2019est pas au beau fixe, <strong>le chiffre<br \/>\nd\u00a0\u00bbaffaires de Plaza Immobilier est en chute libre<\/strong>. Selon<br \/>\nles comptes 2024, r\u00e9v\u00e9l\u00e9s par <a href=\"https:\/\/www.linforme.com\/immobilier\/article\/le-reseau-immobilier-de-stephane-plaza-voit-ses-resultats-plonger_3125.html\" target=\"_blank\" rel=\"nofollow noopener\">l\u2019Inform\u00e9<\/a>, le<br \/>\nr\u00e9seau a vu son chiffre d\u2019affaires reculer de 25 % en un an,<br \/>\ntombant \u00e0 16 millions d\u2019euros. En plus cela, de <a href=\"https:\/\/www.telestar.fr\/people\/stephane-plaza-ce-rendez-vous-de-la-derniere-chance-apres-sa-condamnation-1731075\" target=\"_blank\" rel=\"noopener\"><br \/>\n670 franchis\u00e9s fin 2023<\/a>, le r\u00e9seau est pass\u00e9 \u00e0 584 contrats en<br \/>\nfin d\u2019ann\u00e9e. Le b\u00e9n\u00e9fice net du groupe a \u00e9t\u00e9 divis\u00e9 par trois en<br \/>\n2024, tombant \u00e0 3 millions d\u2019euros. Et l\u2019ancien animateur est<br \/>\ndirectement point\u00e9 du doigt : \u201cl\u2019affaire judiciaire concernant<br \/>\nmonsieur St\u00e9phane Plaza comme un facteur expliquant la diminution<br \/>\ndes renouvellements de contrat de franchise et la non-signature de<br \/>\nnouveaux contrats\u201d, \u00e9crit le groupe, lors de son rapport<br \/>\nannuel.<\/p>\n<p>Pour rassurer ses franchis\u00e9s, le groupe a lanc\u00e9 une nouvelle<br \/>\nenseigne : Sixi\u00e8me Avenue, permettant aux agences de se d\u00e9tacher du<br \/>\nnom Plaza. Parall\u00e8lement, des tensions sont apparues avec certains<br \/>\nfranchis\u00e9s partis, qui r\u00e9clament des indemnit\u00e9s. Enfin, la<br \/>\ngouvernance a \u00e9t\u00e9 modifi\u00e9e <strong>: M6 Cr\u00e9ations a pris la<br \/>\npr\u00e9sidence du comit\u00e9 de surveillance \u00e0 la place de SP Holding, et<br \/>\nla soci\u00e9t\u00e9 m\u00e8re a \u00e9t\u00e9 rebaptis\u00e9e SPF Franchise.<\/strong><\/p>\n<p>Les nouveaux projets de St\u00e9phane<br \/>\nPlaza<\/p>\n<p>Alors que son r\u00e9seau immobilier va mal, <strong>St\u00e9phane Plaza<br \/>\ntente tant bien que mal de redresser la barre.<\/strong> Il continue<br \/>\nde faire le tour de ses agences et de proposer des masterclass.<\/p>\n<p>Maintenant qu\u2019il a plus de temps libre, <a href=\"https:\/\/www.telestar.fr\/people\/une-rentree-intense-stephane-plaza-de-retour-malgre-sa-condamnation-1735551\" target=\"_blank\" rel=\"noopener\"><br \/>\nil s\u2019est \u00e9galement lanc\u00e9 dans le cyclisme artistique<\/a> et<br \/>\nparticipera bient\u00f4t \u00e0 une comp\u00e9tition dans ce domaine, avec<br \/>\nl\u2019espoir de remporter une m\u00e9daille.<\/p>\n","protected":false},"excerpt":{"rendered":"EN BREF Le r\u00e9seau Plaza Immobilier se porte plut\u00f4t mal. Le chiffre d\u2019affaires est en baisse. Entre St\u00e9phane&hellip;\n","protected":false},"author":2,"featured_media":344020,"comment_status":"","ping_status":"","sticky":false,"template":"","format":"standard","meta":{"footnotes":""},"categories":[8],"tags":[548,58,59,1011,27,7221],"class_list":{"0":"post-344019","1":"post","2":"type-post","3":"status-publish","4":"format-standard","5":"has-post-thumbnail","7":"category-divertissement","8":"tag-article-simple","9":"tag-divertissement","10":"tag-entertainment","11":"tag-fr","12":"tag-france","13":"tag-stephane-plaza"},"share_on_mastodon":{"url":"https:\/\/pubeurope.com\/@fr\/115092235687715675","error":""},"_links":{"self":[{"href":"https:\/\/www.europesays.com\/fr\/wp-json\/wp\/v2\/posts\/344019","targetHints":{"allow":["GET"]}}],"collection":[{"href":"https:\/\/www.europesays.com\/fr\/wp-json\/wp\/v2\/posts"}],"about":[{"href":"https:\/\/www.europesays.com\/fr\/wp-json\/wp\/v2\/types\/post"}],"author":[{"embeddable":true,"href":"https:\/\/www.europesays.com\/fr\/wp-json\/wp\/v2\/users\/2"}],"replies":[{"embeddable":true,"href":"https:\/\/www.europesays.com\/fr\/wp-json\/wp\/v2\/comments?post=344019"}],"version-history":[{"count":0,"href":"https:\/\/www.europesays.com\/fr\/wp-json\/wp\/v2\/posts\/344019\/revisions"}],"wp:featuredmedia":[{"embeddable":true,"href":"https:\/\/www.europesays.com\/fr\/wp-json\/wp\/v2\/media\/344020"}],"wp:attachment":[{"href":"https:\/\/www.europesays.com\/fr\/wp-json\/wp\/v2\/media?parent=344019"}],"wp:term":[{"taxonomy":"category","embeddable":true,"href":"https:\/\/www.europesays.com\/fr\/wp-json\/wp\/v2\/categories?post=344019"},{"taxonomy":"post_tag","embeddable":true,"href":"https:\/\/www.europesays.com\/fr\/wp-json\/wp\/v2\/tags?post=344019"}],"curies":[{"name":"wp","href":"https:\/\/api.w.org\/{rel}","templated":true}]}}