{"id":344021,"date":"2025-08-26T00:28:14","date_gmt":"2025-08-26T00:28:14","guid":{"rendered":"https:\/\/www.europesays.com\/fr\/344021\/"},"modified":"2025-08-26T00:28:14","modified_gmt":"2025-08-26T00:28:14","slug":"seuls-quelques-privilegies-vivront-cette-eclipse-totale-rare-et-bouleversante-de-2026","status":"publish","type":"post","link":"https:\/\/www.europesays.com\/fr\/344021\/","title":{"rendered":"seuls quelques privil\u00e9gi\u00e9s vivront cette \u00e9clipse totale rare et bouleversante de 2026"},"content":{"rendered":"<p><img fetchpriority=\"high\" decoding=\"async\" width=\"1024\" height=\"559\" src=\"https:\/\/www.europesays.com\/fr\/wp-content\/uploads\/2025\/08\/eclipse-de-soleil-1024x559.webp.webp\" alt=\"\u00c9clipse solaire presque totale avec effet diamond ring visible et halo de lumi\u00e8re intense dans un ciel \u00e9toil\u00e9\" class=\"wp-image-981804\"  \/>Un moment rare d\u2019\u00e9clipse solaire : juste avant la totalit\u00e9, la lumi\u00e8re du Soleil perce encore \u00e0 travers un bord lunaire, cr\u00e9ant l\u2019embl\u00e9matique effet \u00ab\u00a0diamond ring\u00a0\u00bb.<\/p>\n<p><strong>Ciel noir, volcans, art et frissons cosmiques : en ao\u00fbt 2026, l\u2019<a href=\"https:\/\/dailygeekshow.com\/cette-eclipse-solaire-totale-va-plonger-la-france-dans-lobscurite-le-compte-a-rebours-a-commence\/\" rel=\"nofollow noopener\" target=\"_blank\">\u00e9clipse solaire<\/a> totale traversera l\u2019Islande. Dans la p\u00e9ninsule de Sn\u00e6fellsnes, un festival incroyable m\u00ealera astronomie, musique, paysages et exp\u00e9riences sensorielles. Une aventure rare \u00e0 vivre intens\u00e9ment, entre amis, en famille ou en solo.<\/strong><\/p>\n<p>Une \u00e9clipse solaire totale, un site exceptionnel et un festival sans pr\u00e9c\u00e9dent<\/p>\n<p>Le <strong>12 ao\u00fbt 2026<\/strong>, l\u2019Islande sera plong\u00e9e dans l\u2019obscurit\u00e9 pendant deux minutes inoubliables. Ce spectacle rarissime ne se reproduira pas avant <strong>2196<\/strong>. \u00c0 cette occasion, un tout nouveau festival verra le jour : <strong>l\u2019Islande <a href=\"https:\/\/www.icelandeclipse.com\/\" rel=\"nofollow noopener\" target=\"_blank\">Eclipse Festival<\/a><\/strong>, organis\u00e9 dans la p\u00e9ninsule de <strong>Sn\u00e6fellsnes<\/strong>, l\u2019un des joyaux naturels du pays.<\/p>\n<p>Lire aussi <a href=\"https:\/\/dailygeekshow.com\/10-milliards-de-mondes-oublies-dans-la-voie-lactee-pourraient-changer-notre-vision-de-la-vie-dans-lunivers-selon-une-etude\/\" rel=\"nofollow noopener\" target=\"_blank\">10 milliards de mondes oubli\u00e9s dans la Voie Lact\u00e9e pourraient changer notre vision de la vie dans l\u2019univers selon une \u00e9tude<\/a><\/p>\n<p>L\u00e0-bas, entre <strong>plages de sable noir<\/strong>, <strong>volcans endormis<\/strong>, <strong><a href=\"https:\/\/dailygeekshow.com\/sous-les-glaces-de-lantarctique-un-monde-vieux-de-30-millions-dannees-refait-surface\/\" rel=\"nofollow noopener\" target=\"_blank\">glaciers<\/a> \u00e9tincelants<\/strong> et <strong>villages pittoresques<\/strong>, le festival m\u00ealera concerts, conf\u00e9rences, installations artistiques et observations du ciel. Ainsi, les visiteurs pourront vivre <strong>l\u2019\u00e9clipse comme un v\u00e9ritable voyage sensoriel<\/strong>, \u00e0 la crois\u00e9e de la science et de l\u2019\u00e9motion.<\/p>\n<p>De plus, cette r\u00e9gion offre bien plus qu\u2019un ciel d\u00e9gag\u00e9. Elle permet aussi une immersion totale dans la nature islandaise, rendant chaque moment plus intense et inoubliable.<\/p>\n<p>Sn\u00e6fellsnes : un coin d\u2019Islande id\u00e9al pour contempler les \u00e9toiles et la nature<\/p>\n<p>Sn\u00e6fellsnes, surnomm\u00e9e \u00ab\u00a0l\u2019Islande en miniature\u00a0\u00bb, est <strong>le spot id\u00e9al pour admirer <a href=\"https:\/\/dailygeekshow.com\/egypte-antique-ce-que-revele-cette-eclipse-sur-le-chaos-religieux-fascine-les-historiens-aujourdhui\/\" rel=\"nofollow noopener\" target=\"_blank\">l\u2019\u00e9clipse<\/a><\/strong>. En effet, son isolement offre une <strong>visibilit\u00e9 parfaite<\/strong>, loin des lumi\u00e8res urbaines. Ce cadre dramatique et grandiose rend chaque moment plus intense.<\/p>\n<p>Lire aussi <a href=\"https:\/\/dailygeekshow.com\/cest-la-premiere-fois-quon-observe-ca-un-phenomene-stellaire-jamais-observe-remet-en-question-les-theories-sur-la-mort-des-etoiles-massives\/\" rel=\"nofollow noopener\" target=\"_blank\">\u00ab C\u2019est la premi\u00e8re fois qu\u2019on observe \u00e7a \u00bb : un ph\u00e9nom\u00e8ne stellaire jamais observ\u00e9 remet en question les th\u00e9ories sur la mort des \u00e9toiles massives<\/a><\/p>\n<p>Pendant le festival, vous pourrez explorer les alentours. Par exemple, partez en <strong>randonn\u00e9e jusqu\u2019au glacier Sn\u00e6fellsj\u00f6kull<\/strong>, baignez-vous dans des <strong>sources chaudes naturelles<\/strong>, visitez des <strong>formations volcaniques<\/strong> ou promenez-vous dans les <strong>villages de Hellissandur et Stykkish\u00f3lmur<\/strong>.<\/p>\n<p>Avant, pendant et apr\u00e8s l\u2019\u00e9clipse, la magie du lieu amplifie tout. L\u2019ombre qui d\u00e9vore le paysage, les cris d\u2019\u00e9merveillement, le silence sid\u00e9ral\u2026 En somme, tout devient <strong>un moment de pure connexion \u00e0 l\u2019univers<\/strong>.<\/p>\n<p>Ainsi, ceux qui cherchent \u00e0 s\u2019\u00e9vader du quotidien trouveront ici une parenth\u00e8se \u00e0 la fois spectaculaire et apaisante. En parall\u00e8le, cette immersion dans la nature permet de ralentir, de respirer et de se reconnecter \u00e0 l\u2019essentiel.<\/p>\n<p>Lire aussi <a href=\"https:\/\/dailygeekshow.com\/un-docteur-dans-lespace-devient-realite-google-et-la-nasa-testent-une-ia-medicale-indispensable-pour-les-missions-lointaines\/\" rel=\"nofollow noopener\" target=\"_blank\">\u00ab Un docteur dans l\u2019espace devient r\u00e9alit\u00e9 \u00bb : Google et la NASA testent une IA m\u00e9dicale indispensable pour les missions lointaines<\/a><\/p>\n<p>Un festival entre science, art et \u00e9motions fortes dans un d\u00e9cor surnaturel<\/p>\n<p>L\u2019Islande Eclipse Festival ne se contente pas de vous faire lever les yeux au ciel. En plus de l\u2019observation astronomique, il propose <strong>une v\u00e9ritable exp\u00e9rience immersive<\/strong> :<\/p>\n<ul>\n<li>des <strong>conf\u00e9rences d\u2019astronomes renomm\u00e9s<\/strong><\/li>\n<li>des <strong>performances musicales cr\u00e9\u00e9es pour l\u2019\u00e9v\u00e9nement<\/strong><\/li>\n<li>des <strong>\u0153uvres d\u2019art visuel inspir\u00e9es du cosmos<\/strong><\/li>\n<\/ul>\n<p>Ainsi, dans une ambiance mystique, presque initiatique, chaque activit\u00e9 devient une aventure sensorielle. Ce festival s\u2019adresse autant aux <strong>curieux de science<\/strong>, qu\u2019aux <strong>amateurs d\u2019art<\/strong> et aux <strong>chercheurs de sensations rares<\/strong>.<\/p>\n<p>Par ailleurs, la programmation permettra de cr\u00e9er des ponts entre disciplines, cultures et \u00e9motions. Ce m\u00e9lange unique fait du festival un \u00e9v\u00e9nement hors norme.<\/p>\n<p>Lire aussi <a href=\"https:\/\/dailygeekshow.com\/etoile-bulle-gaz-geante\/\" rel=\"nofollow noopener\" target=\"_blank\">Cette \u00e9toile entour\u00e9e d\u2019une immense bulle de gaz a d\u00e9concert\u00e9 les chercheurs<\/a><\/p>\n<p>L\u2019\u00e9v\u00e9nement durera du <strong>12 au 15 ao\u00fbt 2026<\/strong>, avec des activit\u00e9s en journ\u00e9e et en soir\u00e9e. Pour en profiter pleinement, pr\u00e9voyez un budget de 150 \u00e0 250\u202f\u20ac pour les vols depuis Paris, et environ 100\u202f\u20ac pour les transports int\u00e9rieurs. C\u00f4t\u00e9 h\u00e9bergement, guesthouses, auberges et campings sont \u00e0 r\u00e9server <strong>bien en avance<\/strong> afin d\u2019\u00e9viter les mauvaises surprises.<\/p>\n<p>De surcro\u00eet, il est conseill\u00e9 d\u2019anticiper les r\u00e9servations d\u2019activit\u00e9s et de pr\u00e9voir des v\u00eatements adapt\u00e9s, car le climat islandais peut \u00eatre changeant.<\/p>\n<p>Un rendez-vous rare avec le ciel \u00e0 ne pas manquer<\/p>\n<p>En conclusion, l\u2019Islande vous attend pour une aventure inoubliable. Cette \u00e9clipse solaire totale, au c\u0153ur d\u2019un des plus beaux d\u00e9cors naturels de la plan\u00e8te, pourrait bien devenir <strong>l\u2019exp\u00e9rience la plus bouleversante de votre vie<\/strong>.<\/p>\n<p>Lire aussi <a href=\"https:\/\/dailygeekshow.com\/ce-lien-entre-deux-asteroides-vieux-de-4-milliards-dannees-seme-le-doute-james-webb-bouleverse-notre-vision-de-la-naissance-du-systeme-solaire\/\" rel=\"nofollow noopener\" target=\"_blank\">\u00ab Ce lien entre deux ast\u00e9ro\u00efdes vieux de 4 milliards d\u2019ann\u00e9es s\u00e8me le doute \u00bb : James-Webb bouleverse notre vision de la naissance du Syst\u00e8me solaire<\/a><\/p>\n<p>Par cons\u00e9quent, que vous soyez passionn\u00e9 d\u2019astronomie, curieux de nature ou simplement en qu\u00eate d\u2019\u00e9motions fortes, ce moment est fait pour vous. Enfin, cette immersion c\u00e9leste pourrait bien vous changer \u00e0 jamais.<\/p>\n<p>Un jour, peut-\u00eatre, vous direz : \u00ab\u00a0J\u2019y \u00e9tais. J\u2019ai vu le <a href=\"https:\/\/dailygeekshow.com\/lenergie-du-soleil-dans-une-machine-le-w7-x-dompte-un-plasma-inedit-et-rapproche-la-fusion-de-la-realite\/\" rel=\"nofollow noopener\" target=\"_blank\">soleil<\/a> dispara\u00eetre. Et c\u2019\u00e9tait magique.\u00a0\u00bb<\/p>\n","protected":false},"excerpt":{"rendered":"Un moment rare d\u2019\u00e9clipse solaire : juste avant la totalit\u00e9, la lumi\u00e8re du Soleil perce encore \u00e0 travers&hellip;\n","protected":false},"author":2,"featured_media":344022,"comment_status":"","ping_status":"","sticky":false,"template":"","format":"standard","meta":{"footnotes":""},"categories":[7],"tags":[1011,27,43,40,41,39,42,44],"class_list":{"0":"post-344021","1":"post","2":"type-post","3":"status-publish","4":"format-standard","5":"has-post-thumbnail","7":"category-sciences-et-technologies","8":"tag-fr","9":"tag-france","10":"tag-science","11":"tag-science-and-technology","12":"tag-sciences","13":"tag-sciences-et-technologies","14":"tag-technologies","15":"tag-technology"},"share_on_mastodon":{"url":"https:\/\/pubeurope.com\/@fr\/115092239687915248","error":""},"_links":{"self":[{"href":"https:\/\/www.europesays.com\/fr\/wp-json\/wp\/v2\/posts\/344021","targetHints":{"allow":["GET"]}}],"collection":[{"href":"https:\/\/www.europesays.com\/fr\/wp-json\/wp\/v2\/posts"}],"about":[{"href":"https:\/\/www.europesays.com\/fr\/wp-json\/wp\/v2\/types\/post"}],"author":[{"embeddable":true,"href":"https:\/\/www.europesays.com\/fr\/wp-json\/wp\/v2\/users\/2"}],"replies":[{"embeddable":true,"href":"https:\/\/www.europesays.com\/fr\/wp-json\/wp\/v2\/comments?post=344021"}],"version-history":[{"count":0,"href":"https:\/\/www.europesays.com\/fr\/wp-json\/wp\/v2\/posts\/344021\/revisions"}],"wp:featuredmedia":[{"embeddable":true,"href":"https:\/\/www.europesays.com\/fr\/wp-json\/wp\/v2\/media\/344022"}],"wp:attachment":[{"href":"https:\/\/www.europesays.com\/fr\/wp-json\/wp\/v2\/media?parent=344021"}],"wp:term":[{"taxonomy":"category","embeddable":true,"href":"https:\/\/www.europesays.com\/fr\/wp-json\/wp\/v2\/categories?post=344021"},{"taxonomy":"post_tag","embeddable":true,"href":"https:\/\/www.europesays.com\/fr\/wp-json\/wp\/v2\/tags?post=344021"}],"curies":[{"name":"wp","href":"https:\/\/api.w.org\/{rel}","templated":true}]}}