{"id":344027,"date":"2025-08-26T00:31:12","date_gmt":"2025-08-26T00:31:12","guid":{"rendered":"https:\/\/www.europesays.com\/fr\/344027\/"},"modified":"2025-08-26T00:31:12","modified_gmt":"2025-08-26T00:31:12","slug":"la-direction-de-lhopital-du-mans-reagit","status":"publish","type":"post","link":"https:\/\/www.europesays.com\/fr\/344027\/","title":{"rendered":"la direction de l&rsquo;h\u00f4pital du Mans r\u00e9agit"},"content":{"rendered":"<p>            Par<br \/>\n        <strong><br \/>\n            <a href=\"https:\/\/actu.fr\/auteur\/frederic-jouvet\" title=\"Consulter tous les articles de Fr\u00e9d\u00e9ric Jouvet\" rel=\"nofollow noopener\" target=\"_blank\">Fr\u00e9d\u00e9ric Jouvet<\/a><br \/>\n        <\/strong><\/p>\n<p>        Publi\u00e9 le<\/p>\n<p>            25 ao\u00fbt 2025 \u00e0 17h59        <\/p>\n<p>En janvier\u00a02025, <b>Esteban Vermeersch<\/b>, \u00e2g\u00e9 de 24\u00a0ans, d\u00e9c\u00e8de au centre hospitalier du\u00a0Mans (CHM) apr\u00e8s <a href=\"https:\/\/actu.fr\/pays-de-la-loire\/mamers_72180\/mort-dun-jeune-boulanger-du-nord-sarthe-la-famille-porte-plainte-contre-le-samu-qui-ne-sest-pas-deplace_63075817.html\" rel=\"nofollow noopener\" target=\"_blank\">plusieurs appels pass\u00e9s au Samu<\/a>. Une information r\u00e9v\u00e9l\u00e9e par nos confr\u00e8res de <a href=\"https:\/\/www.ouest-france.fr\/societe\/faits-divers\/je-respire-a-moitie-le-samu-du-mans-ne-se-deplace-pas-un-jeune-homme-24-ans-decede-944d7d22-8025-11f0-a77f-922a296422d8?utm_source=newsletter_of_quotidienne&amp;mgo_eu=4781781&amp;mgo_l=52mITrgLSMqAjldx-As-WA.13.3&amp;utm_content=20250825&amp;utm_campaign=prc_nl_actu_la-matinale&amp;utm_medium=email&amp;utm_term=844000&amp;vid=4781781&amp;mediego_euid=4781781\" rel=\"nofollow noopener\" target=\"_blank\">Ouest-France.<\/a><\/p>\n<p class=\" wall-content\">On ne l\u2019apprend que huit mois plus tard \u00e0 l\u2019heure o\u00f9 la famille du jeune homme, originaire de Mamers, a annonc\u00e9 qu\u2019elle allait <b>d\u00e9poser une plainte<\/b> pour \u00ab\u2009homicide involontaire\u2009\u00bb.<\/p>\n<p class=\" wall-content\">De son c\u00f4t\u00e9, l\u2019h\u00f4pital assure aupr\u00e8s d\u2019<a href=\"https:\/\/actu.fr\/le-mans\/\" rel=\"nofollow noopener\" target=\"_blank\">Actu Le\u00a0Mans<\/a> qu\u2019il n\u2019est \u00ab\u2009pas rest\u00e9 sans r\u00e9ponse\u2009\u00bb et qu\u2019il fera preuve d\u2019une \u00ab\u2009pleine coop\u00e9ration \u00e0 la proc\u00e9dure\u2009\u00bb.<\/p>\n<p>Apr\u00e8s la mort d\u2019Esteban : \u00ab\u2009l\u2019h\u00f4pital n\u2019est pas rest\u00e9 sans r\u00e9ponse\u2009\u00bb<\/p>\n<p class=\" wall-content\">Sollicit\u00e9 par Actu Le\u00a0Mans, le centre hospitalier du\u00a0Mans a r\u00e9agi au d\u00e9p\u00f4t de plainte ainsi qu\u2019au drame. \u00ab\u2009Nos pens\u00e9es vont \u00e0 la famille et aux proches du d\u00e9funt, confront\u00e9s \u00e0 ce d\u00e9c\u00e8s tragique\u2009\u00bb, a tout d\u2019abord indiqu\u00e9 la direction du CHM.<\/p>\n<blockquote class=\"ac-article-quote wall-content\">\n<p>S\u2019agissant des circonstances, une analyse contradictoire est en cours et nous ne pouvons pas les commenter \u00e0 ce stade.<\/p>\n<p>Direction du centre hospitalier du\u00a0Mans<\/p><\/blockquote>\n<p class=\" wall-content\">L\u2019\u00e9tablissement hospitalier s\u2019inscrit cependant en faux concernant l\u2019absence de liens avec la famille de la victime. \u00ab\u2009Nous souhaitons toutefois pr\u00e9ciser un point\u2009: contrairement \u00e0 ce qui a pu \u00eatre indiqu\u00e9, l\u2019h\u00f4pital n\u2019est <b>pas rest\u00e9 sans r\u00e9ponse<\/b> aux sollicitations de la famille\u2009\u00bb.<\/p>\n<p class=\" wall-content\">\u00ab\u2009Une <b>rencontre<\/b> a \u00e9t\u00e9 organis\u00e9e en avril\u00a02025, r\u00e9unissant la famille, des m\u00e9decins et un repr\u00e9sentant des usagers, dans le cadre de la proc\u00e9dure de m\u00e9diation pr\u00e9vue par la loi.\u2009\u00bb<\/p>\n<p>Votre r\u00e9gion, votre actu !<\/p>\n<p>Recevez chaque jour les infos qui comptent pour vous.<\/p>\n<p>\t<a href=\"https:\/\/actu.fr\/newsletter\" class=\"ac-btn ac-btn--corner ac-btn--medium ac-btn--blue800\" rel=\"nofollow noopener\" target=\"_blank\">S&rsquo;incrire<\/a><br \/>\n\u00ab\u2009L\u2019\u00e9tablissement apportera sa pleine coop\u00e9ration \u00e0 la proc\u00e9dure\u2009\u00bb<\/p>\n<p class=\" wall-content\">Le CHM pr\u00e9cise qu\u2019apr\u00e8s cette rencontre du mois d\u2019avril, la famille a d\u00e9pos\u00e9 une <b>demande d\u2019indemnisation<\/b> \u00ab\u2009qui est aujourd\u2019hui en cours d\u2019instruction aupr\u00e8s de la Commission de conciliation et d\u2019indemnisation\u2009\u00bb.<\/p>\n<p class=\" wall-content\">Concernant l\u2019annonce de d\u00e9p\u00f4t d\u2019une plainte pour \u00ab\u2009homicide involontaire\u2009\u00bb, l\u2019h\u00f4pital du Mans prend acte de cette d\u00e9cision de saisir la justice et assure\u2009que \u00ab\u2009l\u2019\u00e9tablissement apportera naturellement sa<b> pleine coop\u00e9ration<\/b> \u00e0 la proc\u00e9dure\u2009\u00bb.<\/p>\n<p class=\" wall-content\">Personnalisez votre actualit\u00e9 en ajoutant vos villes et m\u00e9dias en favori avec <a href=\"https:\/\/moncompte.actu.fr\" title=\"D\u00e9couvez Mon Actu\" rel=\"nofollow noopener\" data-trk=\"{&quot;cta&quot;:{&quot;action&quot;:&quot;https:\\\/\\\/moncompte.actu.fr&quot;,&quot;category&quot;:&quot;mon compte&quot;,&quot;from&quot;:&quot;article footer&quot;,&quot;name&quot;:&quot;Mon actu&quot;,&quot;type&quot;:&quot;cta&quot;}}\" target=\"_blank\">Mon Actu<\/a>.<\/p>\n","protected":false},"excerpt":{"rendered":"Par Fr\u00e9d\u00e9ric Jouvet Publi\u00e9 le 25 ao\u00fbt 2025 \u00e0 17h59 En janvier\u00a02025, Esteban Vermeersch, \u00e2g\u00e9 de 24\u00a0ans, d\u00e9c\u00e8de&hellip;\n","protected":false},"author":2,"featured_media":344028,"comment_status":"","ping_status":"","sticky":false,"template":"","format":"standard","meta":{"footnotes":""},"categories":[4],"tags":[11,48004,118,1011,27,12,25,6444],"class_list":{"0":"post-344027","1":"post","2":"type-post","3":"status-publish","4":"format-standard","5":"has-post-thumbnail","7":"category-france","8":"tag-actualites","9":"tag-centre-hospitalier-du-mans","10":"tag-faits-divers","11":"tag-fr","12":"tag-france","13":"tag-news","14":"tag-republique-francaise","15":"tag-urgences"},"share_on_mastodon":{"url":"https:\/\/pubeurope.com\/@fr\/115092251233019707","error":""},"_links":{"self":[{"href":"https:\/\/www.europesays.com\/fr\/wp-json\/wp\/v2\/posts\/344027","targetHints":{"allow":["GET"]}}],"collection":[{"href":"https:\/\/www.europesays.com\/fr\/wp-json\/wp\/v2\/posts"}],"about":[{"href":"https:\/\/www.europesays.com\/fr\/wp-json\/wp\/v2\/types\/post"}],"author":[{"embeddable":true,"href":"https:\/\/www.europesays.com\/fr\/wp-json\/wp\/v2\/users\/2"}],"replies":[{"embeddable":true,"href":"https:\/\/www.europesays.com\/fr\/wp-json\/wp\/v2\/comments?post=344027"}],"version-history":[{"count":0,"href":"https:\/\/www.europesays.com\/fr\/wp-json\/wp\/v2\/posts\/344027\/revisions"}],"wp:featuredmedia":[{"embeddable":true,"href":"https:\/\/www.europesays.com\/fr\/wp-json\/wp\/v2\/media\/344028"}],"wp:attachment":[{"href":"https:\/\/www.europesays.com\/fr\/wp-json\/wp\/v2\/media?parent=344027"}],"wp:term":[{"taxonomy":"category","embeddable":true,"href":"https:\/\/www.europesays.com\/fr\/wp-json\/wp\/v2\/categories?post=344027"},{"taxonomy":"post_tag","embeddable":true,"href":"https:\/\/www.europesays.com\/fr\/wp-json\/wp\/v2\/tags?post=344027"}],"curies":[{"name":"wp","href":"https:\/\/api.w.org\/{rel}","templated":true}]}}